{"id":5785,"date":"2015-05-14T15:52:17","date_gmt":"2015-05-14T13:52:17","guid":{"rendered":"http:\/\/www.ladislavjakl.cz\/?p=5785"},"modified":"2015-05-14T15:52:17","modified_gmt":"2015-05-14T13:52:17","slug":"jste-ulhane-prase-rekl-novinari-lada-jakl","status":"publish","type":"post","link":"https:\/\/www.ladislavjakl.cz\/?p=5785","title":{"rendered":"Jste ulhan\u00e9 prase, \u0159ekl novin\u00e1\u0159i \u201eL\u00e1\u010fa\u201c Jakl"},"content":{"rendered":"<p>Lidov\u00e9 noviny se op\u011bt sna\u017e\u00ed v\u00ed\u0159it kauzu \u201e\u0160v\u00fdcarsk\u00e9 konto zem\u0159el\u00e9ho podnikatele Kovar\u010d\u00edka a Klausova amnestie\u201c. Ji\u017e pon\u011bkolik\u00e1t\u00e9 p\u00ed\u0161\u00ed o \u201e\u0161v\u00fdcarsk\u00fdch st\u00ednech\u201c \u0161\u00e9fa politick\u00e9ho odboru Klausovy prezidentsk\u00e9 kancel\u00e1\u0159e Ladislava Jakla.<\/p>\n<p><!--more--><\/p>\n<p>Po smrti podnikatele Petera Kovar\u010d\u00edka pr\u00fd \u0161v\u00fdcarsk\u00e1 i \u010desk\u00e1 policie za\u010daly zkoumat p\u016fvod \u0161esti set milion\u016f na \u00fa\u010dtu tajemn\u00e9 firmy Pendlehill Marketing Ltd. ve \u0161v\u00fdcarsk\u00e9 bance. Vy\u0161et\u0159ov\u00e1n\u00ed spustil \u010desk\u00fd Nada\u010dn\u00ed fond proti korupci provozovan\u00fd miliard\u00e1\u0159em Karlem Jane\u010dkem, kdy\u017e v roce 2013 napsal \u0161v\u00fdcarsk\u00e9 gener\u00e1ln\u00ed prokuratu\u0159e dopis, \u017ee na \u00fa\u010dtu mohou le\u017eet \u201eproblematick\u00e9 pen\u00edze\u201c.<\/p>\n<p>Nada\u010dn\u00ed fond tak\u00e9 pr\u00fd \u0161v\u00fdcarsk\u00e9 org\u00e1ny upozornil na osobu Ladislava Jakla, bl\u00edzk\u00e9ho spolupracovn\u00edka prezidenta Klause, kter\u00fd podle jejich n\u00e1zoru \u201em\u011bl b\u00fdt v t\u011bsn\u00e9m kontaktu\u201c s Kovar\u010d\u00edkem. Tento t\u011bsn\u00fd kontakt se podle Jane\u010dkov\u00fdch detektiv\u016f m\u011bl projevovat t\u00edm, \u017ee se Kovar\u010d\u00edk o Klausov\u011b mu\u017ei vyjad\u0159oval kladn\u011b a ozna\u010doval jej d\u016fv\u011brn\u011b \u201eL\u00e1\u010fa Jakl\u201c.<\/p>\n<p>P\u0159id\u00e1vaj\u00ed spekulace Jane\u010dkov\u00fdch protikorup\u010dn\u00edk\u016f, \u017ee pr\u00e1v\u011b Jakl m\u011bl do Klausovy amnestie \u201epropa\u0161ovat\u201c bod, kter\u00fdm byly zastaveny n\u011bkter\u00e9 kauzy hospod\u00e1\u0159sk\u00e9 kriminality.<\/p>\n<p>Nyn\u00ed vy\u0161et\u0159ovatel\u00e9 podle LN \u201epracuj\u00ed s podez\u0159en\u00edm\u201c, \u017ee na \u00fa\u010dtu mohlo doj\u00edt k pran\u00ed \u0161pinav\u00fdch pen\u011bz \u2013 jin\u00fdmi slovy ov\u011b\u0159uj\u00ed konstrukce, kter\u00e9 jim poslali Jane\u010dkovi detektivov\u00e9. Nic v\u00edce den\u00edk o tomto \u201e\u0161v\u00fdcarsk\u00e9m st\u00ednu\u201c Ladislava Jakla nedok\u00e1zal zjistit.<\/p>\n<p>Pak den\u00edk je\u0161t\u011b p\u0159ipom\u00edn\u00e1, \u017ee to nen\u00ed poprv\u00e9, kdy se o Ladislavu Jaklovi mluv\u00ed v souvislosti se \u0161v\u00fdcarsk\u00fdmi \u00fa\u010dty. Popisuje proto kauzu vybrakovan\u00e9ho konta podnikatele Petra Macha, kter\u00e1 m\u00e1 podle LN souviset s kauzou privatizace Mosteck\u00e9 uheln\u00e9. V p\u0159\u00edb\u011bhu, kter\u00fd p\u0159edest\u00edr\u00e1, ov\u0161em vystupuje sp\u00ed\u0161e jeho bratr Ji\u0159\u00ed Jakl, a to nikoliv na stran\u011b t\u011bch, kte\u0159\u00ed Machovy \u00fa\u010dty vytunelovali. B\u00fdval\u00fd Klaus\u016fv tajemn\u00edk m\u011bl v kauze vystupovat pouze tak, \u017ee jej Mach kdesi v restauraci po\u017e\u00e1dal, zda by v jeho p\u0159\u00edpad\u011b nemohl intervenovat prezident Klaus. O t\u00e9to kauze Lidov\u00e9 noviny, jak samy p\u0159izn\u00e1vaj\u00ed, psaly ji\u017e p\u0159ed rokem.<\/p>\n<p>Jedinou novinkou v p\u0159\u00edpadu tak pr\u00fd je, \u017ee Ladislav Jakl vzk\u00e1zal autorovi \u010dl\u00e1nku: \u201eJste ulhan\u00e9 prase\u201c.<\/p>\n<p><a href=\"http:\/\/www.parlamentnilisty.cz\/arena\/monitor\/Jste-ulhane-prase-rekl-novinari-Lada-Jakl-375079\" target=\"_blank\">Zdroj<\/a><\/p>\n","protected":false},"excerpt":{"rendered":"<p>Lidov\u00e9 noviny se op\u011bt sna\u017e\u00ed v\u00ed\u0159it kauzu \u201e\u0160v\u00fdcarsk\u00e9 konto zem\u0159el\u00e9ho podnikatele Kovar\u010d\u00edka a Klausova amnestie\u201c. Ji\u017e pon\u011bkolik\u00e1t\u00e9 p\u00ed\u0161\u00ed o \u201e\u0161v\u00fdcarsk\u00fdch st\u00ednech\u201c \u0161\u00e9fa politick\u00e9ho odboru Klausovy prezidentsk\u00e9 kancel\u00e1\u0159e Ladislava Jakla.<\/p>\n","protected":false},"author":1,"featured_media":0,"comment_status":"open","ping_status":"open","sticky":false,"template":"","format":"standard","meta":{"ngg_post_thumbnail":0,"footnotes":""},"categories":[11],"tags":[],"class_list":["post-5785","post","type-post","status-publish","format-standard","hentry","category-ozvena"],"_links":{"self":[{"href":"https:\/\/www.ladislavjakl.cz\/index.php?rest_route=\/wp\/v2\/posts\/5785","targetHints":{"allow":["GET"]}}],"collection":[{"href":"https:\/\/www.ladislavjakl.cz\/index.php?rest_route=\/wp\/v2\/posts"}],"about":[{"href":"https:\/\/www.ladislavjakl.cz\/index.php?rest_route=\/wp\/v2\/types\/post"}],"author":[{"embeddable":true,"href":"https:\/\/www.ladislavjakl.cz\/index.php?rest_route=\/wp\/v2\/users\/1"}],"replies":[{"embeddable":true,"href":"https:\/\/www.ladislavjakl.cz\/index.php?rest_route=%2Fwp%2Fv2%2Fcomments&post=5785"}],"version-history":[{"count":1,"href":"https:\/\/www.ladislavjakl.cz\/index.php?rest_route=\/wp\/v2\/posts\/5785\/revisions"}],"predecessor-version":[{"id":5786,"href":"https:\/\/www.ladislavjakl.cz\/index.php?rest_route=\/wp\/v2\/posts\/5785\/revisions\/5786"}],"wp:attachment":[{"href":"https:\/\/www.ladislavjakl.cz\/index.php?rest_route=%2Fwp%2Fv2%2Fmedia&parent=5785"}],"wp:term":[{"taxonomy":"category","embeddable":true,"href":"https:\/\/www.ladislavjakl.cz\/index.php?rest_route=%2Fwp%2Fv2%2Fcategories&post=5785"},{"taxonomy":"post_tag","embeddable":true,"href":"https:\/\/www.ladislavjakl.cz\/index.php?rest_route=%2Fwp%2Fv2%2Ftags&post=5785"}],"curies":[{"name":"wp","href":"https:\/\/api.w.org\/{rel}","templated":true}]}}