{"id":5792,"date":"2015-05-15T15:01:43","date_gmt":"2015-05-15T13:01:43","guid":{"rendered":"http:\/\/www.ladislavjakl.cz\/?p=5792"},"modified":"2015-05-15T15:01:43","modified_gmt":"2015-05-15T13:01:43","slug":"ct-dostala-oceneni-za-zpravy-o-ukrajine","status":"publish","type":"post","link":"https:\/\/www.ladislavjakl.cz\/?p=5792","title":{"rendered":"\u010cT dostala ocen\u011bn\u00ed za zpr\u00e1vy o Ukrajin\u011b"},"content":{"rendered":"<p>I se\u0161li se p\u0159ed kamerou dva mu\u017ei, kter\u00fdm to vad\u00ed, a padala zl\u00e1 slova: P\u0159\u00ed\u017eivn\u00edci, pr\u016f\u0161vih, Bakala&#8230;<\/p>\n<p><!--more--><\/p>\n<p>Zpravodajstv\u00ed \u010cesk\u00e9 televize o d\u011bn\u00ed na Ukrajin\u011b sice pobralo v\u0161echna prvenstv\u00ed v Novin\u00e1\u0159sk\u00fdch cen\u00e1ch za rok 2014, ale v Debatn\u00edm klubu padala na adresu ve\u0159ejnopr\u00e1vn\u00ed televize vesm\u011bs nelichotiv\u00e1 slova. B\u00fdval\u00fd m\u00edstop\u0159edseda Rady pro rozhlasov\u00e9 a televizn\u00ed vys\u00edl\u00e1n\u00ed Petr \u0160t\u011bp\u00e1nek ozna\u010dil za \u0161\u00edlen\u00e9, kolik jej\u00edch host\u016f poch\u00e1z\u00ed z medi\u00e1ln\u00ed st\u00e1je Zde\u0148ka Bakaly. Ladislav Jakl, kter\u00fd v l\u00e9t\u011b roku 1991 napsal n\u00e1vrh, kter\u00fd se stal podkladem pro z\u00e1kon o \u010cT, tvrd\u00ed, \u017ee sv\u011bt by byl lep\u0161\u00ed bez \u010cesk\u00e9 televize.<\/p>\n<p>Odrazov\u00fdm m\u016fstkem pro dal\u0161\u00ed d\u00edl debatn\u00edho klubu se stala informace z konce dubna o tom, \u017ee \u010cesk\u00e1 televize byla ocen\u011bna za zpravodajstv\u00ed z d\u011bn\u00ed na Ukrajin\u011b v Novin\u00e1\u0159sk\u00fdch cen\u00e1ch za rok 2014, kde zv\u00edt\u011bzila ve v\u0161ech kategori\u00edch audiovizu\u00e1ln\u00ed \u017eurnalistiky. Toto ocen\u011bn\u00ed komentoval z\u00e1stupce \u0161\u00e9fredaktora zpravodajstv\u00ed a vedouc\u00ed zahrani\u010dn\u00edho zpravodajstv\u00ed \u010cesk\u00e9 televize Michal Kubal slovy: \u201eBeru to jako ocen\u011bn\u00ed report\u00e9r\u016f v prvn\u00ed linii, Miroslava Karase, Josefa Pazderky, Jakuba Sz\u00e1nt\u00f3 a dal\u0161\u00edch, ale p\u0159edev\u0161\u00edm jako ocen\u011bn\u00ed pr\u00e1ce cel\u00e9ho t\u00fdmu zahrani\u010dn\u00edho zpravodajstv\u00ed. Velmi si v\u00e1\u017e\u00edm toho, \u017ee hodnotitel\u00e9 ocenili, jak se n\u00e1m poda\u0159ilo u\u017e na po\u010d\u00e1tku informa\u010dn\u00ed v\u00e1lky zajistit r\u016fznorod\u00e9 zdroje a vyvarovat se n\u00e1zorov\u00e9 zat\u00ed\u017eenosti.\u201c<\/p>\n<p>Odli\u0161n\u00fd pohled na \u010ceskou televizi od poroty ud\u011bluj\u00edc\u00ed Novin\u00e1\u0159sk\u00e9 ceny nab\u00eddli host\u00e9 debatn\u00edho klubu, jimi\u017e byli hudebn\u00edk a spisovatel Petr \u0160t\u011bp\u00e1nek, b\u00fdval\u00fd m\u00edstop\u0159edseda Rady pro rozhlasov\u00e9 a televizn\u00ed vys\u00edl\u00e1n\u00ed, a Ladislav Jakl, \u0159editel Centra spole\u010densk\u00fdch studi\u00ed Institutu V\u00e1clava Klause, jen\u017e se jako poslanec \u010cesk\u00e9 n\u00e1rodn\u00ed rady pod\u00edlel na vypracov\u00e1n\u00ed materi\u00e1lu, kter\u00fd se stal pro Ministerstvo kultury podkladem pro z\u00e1kon o \u010cesk\u00e9 televizi. Pot\u00e9 p\u016fsobil jako vedouc\u00ed \u00da\u0159adu Rady \u010cR pro rozhlasov\u00e9 a televizn\u00ed vys\u00edl\u00e1n\u00ed, tedy jak\u00e9hosi p\u0159edch\u016fdce dne\u0161n\u00ed RRTV.<\/p>\n<h4>\u010cesk\u00e1 televize nepat\u0159\u00ed koncesion\u00e1\u0159\u016fm, ale p\u0159es jej\u00ed redaktory z\u00e1jmov\u00fdm skupin\u00e1m<\/h4>\n<p>Ladislav Jakl na \u00favod p\u0159iznal, \u017ee se nezab\u00fdv\u00e1 debatami o tom, \u017ee \u010cesk\u00e1 televize slou\u017e\u00ed jako propagandistick\u00fd n\u00e1stroj, \u017ee j\u00ed prot\u00e9kaj\u00ed obrovsk\u00e9 pen\u00edze ke konkr\u00e9tn\u00edm z\u00e1jmov\u00fdm skupin\u00e1m. \u201eA to proto, \u017ee i kdyby byly v\u0161echny tyhle na\u0161e p\u0159ipom\u00ednky n\u011bkdy uplatn\u011bny, tak stejn\u011b nikdy nebude fungovat. Proto\u017ee o \u010cesk\u00e9 televizi stejn\u011b jako o ka\u017ed\u00e9 zbyte\u010dn\u00e9 instituci plat\u00ed jedna univerz\u00e1ln\u00ed pravda. A ta zn\u00ed, \u017ee i \u0161patn\u00e9 v\u011bci jsou schopn\u00e9 v\u00fdvoje, vyv\u00edjej\u00ed se v\u0161ak v\u017edy v je\u0161t\u011b hor\u0161\u00ed. A zak\u00f3dovanost t\u00e9 \u0161patnosti je v tom, \u017ee existuje n\u011bco nabalen\u00e9 na st\u00e1t a okupov\u00e1no v\u00edcem\u00e9n\u011b p\u0159\u00ed\u017eivn\u00edky toho st\u00e1tu, co m\u00e1 mo\u017enost disponovat obrovsk\u00fdmi pen\u011bzi a obrovskou propagandistickou silou v podstat\u011b bez ve\u0159ejn\u00e9 kontroly,\u201c uvedl Ladislav Jakl.<\/p>\n<p>Petr \u0160t\u011bp\u00e1nek to pochopil jako nar\u00e1\u017eku na tvrzen\u00ed, \u017ee nen\u00ed pravda, \u017ee \u010cesk\u00e1 televize pat\u0159\u00ed n\u00e1m v\u0161em koncesion\u00e1\u0159\u016fm. \u201e\u010cesk\u00e1 televize m\u00e1 ve v\u00ednku, \u017ee nen\u00ed st\u00e1tn\u00ed, ale nen\u00ed ani na\u0161e. A kdy\u017e n\u011bco le\u017e\u00ed na chodn\u00edku, tak se toho n\u011bkdo zmocn\u00ed. A j\u00e1 m\u00e1m pocit, \u017ee \u010cesk\u00e1 televize pat\u0159\u00ed ponejv\u00edce jej\u00edm zam\u011bstnanc\u016fm, respektive mo\u017en\u00e1 bych sp\u00ed\u0161e \u0159ekl redaktor\u016fm ne\u017eli zam\u011bstnanc\u016fm,\u201c konstatoval Petr \u0160t\u011bp\u00e1nek, \u017ee to je ta nejv\u011bt\u0161\u00ed bolest ve\u0159ejnopr\u00e1vn\u00ed televize. \u201eMo\u017en\u00e1 je\u0161t\u011b v\u00edce pat\u0159\u00ed z\u00e1jmov\u00fdm skupin\u00e1m, je\u017e jsou na n\u011b napojen\u00e9 a kter\u00e9 je vyu\u017e\u00edvaj\u00ed jako sv\u016fj n\u00e1stroj,\u201c doplnil ho Ladislav Jakl.<\/p>\n<h4>S ve\u0159ejn\u00fdmi pen\u011bzi se nakl\u00e1d\u00e1 velmi neve\u0159ejn\u011b<\/h4>\n<p>\u010cesk\u00e1 televize podle b\u00fdval\u00e9ho m\u00edstop\u0159edsedy RRTV nenapl\u0148uje to, co j\u00ed ukl\u00e1d\u00e1 z\u00e1kon, tedy b\u00fdt objektivn\u00ed, vyv\u00e1\u017een\u00e1 a v\u0161estrann\u00e1. \u201eA Rada \u010cesk\u00e9 televize daleko v\u00edce ne\u017e z\u00e1stupce n\u00e1s, koncesion\u00e1\u0159\u016f, funguje jako obrann\u00fd val z\u00e1jmov\u00fdch skupin. Z\u00e1m\u011brn\u011b ne\u0159\u00edk\u00e1m politick\u00fdch stran, proto\u017ee n\u011bkter\u00e9 politick\u00e9 strany, mysl\u00edm, maj\u00ed z\u00e1jem na tom, aby fungovala vyv\u00e1\u017een\u011b, aby se nikomu nestranilo. Proto\u017ee kdy\u017e je n\u011bkdo naho\u0159e, tak tam za dva roky nemus\u00ed b\u00fdt. Ale ona ponejv\u00edce neslou\u017e\u00ed n\u011bjak\u00e9mu politick\u00e9mu zadavateli, n\u00fdbr\u017e z\u00e1jmov\u00fdm skupin\u00e1m,\u201c upozornil Petr \u0160t\u011bp\u00e1nek a Ladislav Jakl podotkl, \u017ee nen\u00ed n\u00e1hoda, kdy\u017e jso \u00a0z\u00e1jmov\u00e9 skupiny po cel\u00fdch p\u011btadvacet let spojeny s konkr\u00e9tn\u00ed z\u00e1jmovou skupinou, kter\u00e1 vid\u00ed sv\u011bt velmi podobn\u011b a nep\u0159\u00e1tele vid\u00ed v podobn\u00fdch my\u0161lenk\u00e1ch a podobn\u00fdch lidech.<\/p>\n<p><strong><a href=\"http:\/\/www.parlamentnilisty.cz\/tagy\/debatn%C3%AD%20klub\">V\u0160E O DEBATN\u00cdCH KLUBECH ZDE<\/a><\/strong><\/p>\n<p>Dvojice diskutuj\u00edc\u00edch pak p\u0159e\u0161la k \u010dasto prob\u00edran\u00e9mu t\u00e9matu hospoda\u0159en\u00ed \u010cesk\u00e9 televize. \u201eJ\u00e1 se ob\u00e1v\u00e1m toho, \u017ee i kdy\u017e jde o na\u0161e ve\u0159ejn\u00e9 pen\u00edze, tak se s nimi nakl\u00e1d\u00e1 velmi neve\u0159ejn\u011b. A \u017ee ten faktick\u00fd p\u0159ehled o tom, kolik pen\u011bz komu a jak nate\u010de, nem\u00e1 ani Rada \u010cesk\u00e9 televize, ani jej\u00ed dozor\u010d\u00ed komise,\u201c pouk\u00e1zal Petr \u0160t\u011bp\u00e1nek. \u201eV\u017edy to budou takzvan\u00e9 m\u011bkk\u00e9 pen\u00edze, kter\u00e9 nikomu nepat\u0159\u00ed. A nikdy, i kdy\u017e tam bude n\u011bjak\u00fd dr\u00e1b a bude m\u00edt nastaveny kontroln\u00ed mechanismy, nep\u016fjde o jeho pen\u00edze. A proto nikdy nebude jeho z\u00e1jem na hospoda\u0159en\u00ed takov\u00fd, jako kdy\u017e svoje pen\u00edze kontroluje soukromn\u00edk,\u201c p\u0159ipomn\u011bl Ladislav Jakl.<\/p>\n<p>Pov\u00edd\u00e1n\u00ed o zpravodajstv\u00ed ve\u0159ejnopr\u00e1vn\u00ed televize zah\u00e1jil Petr \u0160t\u011bp\u00e1nek p\u0159ipomenut\u00edm v\u00fdroku Michala Jankovce, kter\u00fd zazn\u011bl 4. \u00fanora na zased\u00e1n\u00ed Rady \u010cesk\u00e9 televize. \u201eJe to skute\u010dn\u011b tak, \u017ee \u010cesk\u00e1 televize m\u00e1 ur\u010den\u00fd \u00fahel pohledu. M\u00e1 ho ur\u010den na z\u00e1klad\u011b doporu\u010den\u00ed Evropsk\u00e9 komise, kter\u00e1 povoluje ve\u0159ejnopr\u00e1vn\u00edm m\u00e9di\u00edm fungovat z poplatk\u016f nebo z dan\u00ed jenom za p\u0159edpokladu, \u017ee budou prosazovat, obhajovat a d\u00edvat se na v\u0161echno z \u00fahlu pohledu tradic evropsk\u00e9ho humanismu a kritick\u00e9ho my\u0161len\u00ed. \u010cesk\u00e1 televize se na to nesm\u00ed d\u00edvat tak, jako kdyby byla sou\u010d\u00e1st\u00ed sou\u010dasn\u00e9ho Ruska, kter\u00e9 nikdy \u017e\u00e1dn\u00e9 humanistick\u00e9 tradice v evropsk\u00e9m slova smyslu nem\u011blo. To bychom museli vystoupit z Evropsk\u00e9 unie,\u201c uvedl tehdy radn\u00ed Michal Jankovec.<\/p>\n<p>Podle Petra \u0160t\u011bp\u00e1nka se t\u00edm narazilo na nejv\u011bt\u0161\u00ed medi\u00e1ln\u00ed probl\u00e9m \u010cesk\u00e9 televize a poznamenal, \u017ee t\u00edm se n\u00e1m vr\u00e1til \u00fastavn\u00ed \u010dl\u00e1nek \u010d\u00edslo \u010dty\u0159i o vedouc\u00ed \u00faloze. \u201eDiv\u00edm se pou\u017e\u00edv\u00e1n\u00ed obratu kritick\u00e9 my\u0161len\u00ed. To znamen\u00e1, \u017ee nebudeme kritizovat nic z Bruselu. Ale budeme se h\u00e1jit, \u017ee to je v duchu tradic evropsk\u00e9ho kritick\u00e9ho my\u0161len\u00ed, a proto nebudeme kriticky myslet,\u201c pozastavil se nad Jankovcovou \u00favahou Ladislav Jakl a t\u00edm, \u017ee u\u017e se ani nemluv\u00ed o tom, \u017ee ve ve\u0159ejn\u00e9 debat\u011b jde o hled\u00e1n\u00ed pravdy. \u201eOni ji u\u017e maj\u00ed. To jsou \u010distokrevn\u00e1 pades\u00e1t\u00e1 l\u00e9ta. Pravda u\u017e je a kdo by se zab\u00fdval pitv\u00e1n\u00edm n\u011b\u010deho, ten jde proti pokroku,\u201c upozornil Ladislav Jakl.<\/p>\n<h4>Metodou propagandy u\u017e nejsou jen manipulace a lhan\u00ed, ale i v\u00fdb\u011br t\u00e9mat<\/h4>\n<p>Na to nav\u00e1zal Petr \u0160t\u011bp\u00e1nek tvrzen\u00edm, \u017ee jsme dnes dosp\u011bli do doby, kdy existuje jeden jedin\u00fd spr\u00e1vn\u00fd n\u00e1zor na integraci evropsk\u00fdch st\u00e1t\u016f, na opozi\u010dn\u00ed smlouvu, na Ukrajinu. \u201eTo mi p\u0159ipad\u00e1 naprosto \u0161\u00edlen\u00e9. \u0158\u00edk\u00e1m si, jestli by \u010cesk\u00e1 televize, kdy\u017e u\u017e si ji tedy plat\u00edme v\u0161ichni, nem\u011bla pokytovat stejn\u00fd prostor nositel\u016fm nejr\u016fzn\u011bj\u0161\u00edch n\u00e1zor\u016f. Tedy i t\u011bch, kte\u0159\u00ed si mysl\u00ed, \u017ee tento zp\u016fsob integrace st\u00e1t\u016f Evropsk\u00e9 unie nen\u00ed zrovna nej\u0161\u0165astn\u011bj\u0161\u00ed nebo \u017ee sou\u010dasn\u00e1 imigrace, kter\u00e1 se na n\u00e1s val\u00ed, m\u00e1 spoustu negativ nebo \u017ee v r\u00e1mci ukrajinsk\u00fdch ud\u00e1lost\u00ed ne v\u0161echno spojen\u00e9 s Majdanem je super a \u017ee Ukrajin\u011b kyne jen sv\u011btl\u00e1 budoucnost, kdy\u017e si tam povra\u017ed\u00ed p\u00e1r vlastn\u00edch obyvatel. To je nejv\u011bt\u0161\u00ed pr\u016f\u0161vih dne\u0161n\u00ed doby, \u017ee jsme zavaleni jedn\u00edm jedin\u00fdm spr\u00e1vn\u00fdm n\u00e1zorem a hust\u00ed to do n\u00e1s za na\u0161e vlastn\u00ed pen\u00edze,\u201c \u0159ekl Petr \u0160t\u011bp\u00e1nek.<\/p>\n<p>\u201eDne\u0161n\u00ed metodou propagandy u\u017e nejsou jen samotn\u00e1 manipulace a lhan\u00ed, ale u\u017e v\u00fdb\u011br t\u00e9mat, z nich\u017e se najednou u\u010din\u00ed \u00a0hlavn\u00ed t\u00e9mata,\u201c konstatoval Ladislav Jakl a jeho kolega v diskusi podotkl, \u017ee se nastol\u00ed agenda a o t\u00e9 se mluv\u00ed a o t\u00e9 se p\u00ed\u0161e, co\u017e ka\u017edou ned\u011bli pron\u00e1\u0161\u00ed V\u00e1clav Moravec slovy \u201ea o \u010dem se po dne\u0161ku bude mluvit\u201c. P\u0159i manipulaci s div\u00e1kem v\u0161ak nejde jen o nastolov\u00e1n\u00ed agendy, ale tak\u00e9 o v\u00fdb\u011br host\u016f. \u201eKdy\u017e se hovo\u0159\u00ed o Ukrajin\u011b \u010di o Rusku, tak jsou jako obh\u00e1jci Putina nebo spol\u010denc\u016f t\u00e9m\u011b\u0159 poka\u017ed\u00e9 zv\u00e1ni z\u00e1stupci KS\u010cM. Jako by negativn\u00ed n\u00e1zor na to, jakou Evropsk\u00e1 unie d\u011bl\u00e1 v\u00fdchodn\u00ed politiku, m\u011bli jenom komunist\u00e9. P\u0159itom jin\u00fd n\u00e1zor na Majdan, na Ukrajinu, na Rusko m\u00e1 spousta pravi\u010d\u00e1k\u016f, ale \u010cesk\u00e1 televize vytv\u00e1\u0159\u00ed dojem, \u017ee kritick\u00fd n\u00e1zor maj\u00ed jenom komunist\u00e9,\u201c v\u0161iml si Petr \u0160t\u011bp\u00e1nek.<\/p>\n<h4>Kdo vyslov\u00ed kritick\u00fd n\u00e1zor na USA, je hned ozna\u010den za Putinova agenta<\/h4>\n<p>Ladislav Jakl k tomu uvedl, \u017ee kdy\u017e n\u011bkdo vyslov\u00ed kritick\u00fd n\u00e1zor na USA, na konkr\u00e9tn\u00ed zahrani\u010dn\u00ed kroky americk\u00e9 vl\u00e1dy, je hned pova\u017eov\u00e1n za protiamerick\u00fd element. \u201eJ\u00e1 s\u00e1m jsem \u010dlov\u011bk velmi proamerick\u00fd, velk\u00fd p\u0159\u00edtel Ameriky a americk\u00e9 kultury, m\u00e1m Ameriku r\u00e1d, r\u00e1d tam jezd\u00edm, a proto jsem velmi kritick\u00fd k jej\u00ed sou\u010dasn\u00e9 vl\u00e1d\u011b,\u201c vysv\u011btlil sv\u016fj postoj \u0159editel Centra spole\u010densk\u00fdch studi\u00ed Institutu V\u00e1clava Klause. \u201eTo jsme na tom skoro stejn\u011b. P\u0159esto se ob\u00e1v\u00e1m, \u017ee oba dva jsme v o\u010d\u00edch \u00a0mainstreamu protiameri\u010dt\u00ed, proru\u0161t\u00ed nebo dokonce Putinovi agenti,\u201c p\u0159isadil si Petr \u0160t\u011bp\u00e1nek.<\/p>\n<p>\u010cesk\u00e1 televize si podle n\u011bj vytv\u00e1\u0159\u00ed alibi t\u00edm, \u017ee je do jej\u00edch diskusn\u00edch po\u0159ad\u016f sem tam p\u0159ipu\u0161t\u011bn n\u011bjak\u00fd jedinec, aby tak\u00e9 \u0159ekl alternativn\u00ed n\u00e1zor. \u201eKonkr\u00e9tn\u011b t\u0159eba p\u0159ijde Petr Robej\u0161ek, kter\u00fd \u0159\u00edk\u00e1 velmi rozumn\u00e9 v\u011bci a b\u00fdv\u00e1 hostem v \u010cesk\u00e9 televizi, tak\u017ee nen\u00ed to tak, \u017ee by jin\u00e9 n\u00e1zory nezazn\u011bly. Jenom\u017ee pom\u011br mezi t\u00edm, \u017ee zazn\u00ed tento n\u00e1zor a ten preferovan\u00fd, je \u0161\u00edlen\u00fd. Kdysi, kdy\u017e se hovo\u0159ilo o tom, \u017ee \u010cesk\u00e1 televize je v podru\u010d\u00ed Bakalov\u011b, jsem si d\u011blal soukromou statistiku, \u017ee jsem si jeden m\u011bs\u00edc d\u011blal \u010d\u00e1rky, kolik host\u016f do Ud\u00e1lost\u00ed, koment\u00e1\u0159\u016f bylo pozv\u00e1no z Bakalovy st\u00e1je a kolik z jin\u00fdch st\u00e1j\u00ed. To bylo naprosto \u0161\u00edlen\u00e9 \u010d\u00edslo,\u201c prohl\u00e1sil Petr \u0160t\u011bp\u00e1nek.<\/p>\n<h4>Zpravodajstv\u00ed je ghetto, jeho\u017e osazenstvo si mysl\u00ed, \u017ee to d\u011bl\u00e1 dob\u0159e<\/h4>\n<p>\u201eNejstra\u0161n\u011bj\u0161\u00ed je, \u017ee \u010cesk\u00e1 televize, tedy jej\u00ed zpravodajstv\u00ed je takov\u00e9 ghetto, v n\u011bm\u017e si ti lid\u00e9 o sob\u011b mysl\u00ed, \u017ee to d\u011blaj\u00ed dob\u0159e. K v\u00fdb\u011bru host\u016f \u0159eknou, \u017ee je zvou proto, \u017ee jsou nejlep\u0161\u00ed. Ale oni nejsou nejlep\u0161\u00ed, jsou jen stejn\u00e9 krevn\u00ed skupiny, n\u00e1zorov\u011b s nimi souzn\u00ed. Ale potom se ta spole\u010dnost polarizuje, \u010deho\u017e d\u016fsledkem je i to, \u017ee m\u00e1me rozd\u011blenou republiku, kdy\u017e se vol\u00ed prezident. M\u00e1me jak\u00fdsi plebejsk\u00fd venkov a potom m\u00e1me tu patricijskou Prahu, jenom\u017ee ono je to v\u0161echno p\u0159ece o dost komplikovan\u011bj\u0161\u00ed. A v okam\u017eiku, kdy hlavn\u00ed informa\u010dn\u00ed instituce v zemi spoluvytv\u00e1\u0159\u00ed tuhle atmosf\u00e9ru, je to \u0161patn\u011b. Proto\u017ee ona tu atmosf\u00e9ru vytv\u00e1\u0159\u00ed i za pen\u00edze toho plebsu. A proti n\u011bmu,\u201c vysv\u011btlil b\u00fdval\u00fd m\u00edstop\u0159edseda Rady pro rozhlasov\u00e9 a televizn\u00ed vys\u00edl\u00e1n\u00ed.<\/p>\n<p>Ladislava Jakla by zaj\u00edmalo, jak se t\u011bm, kte\u0159\u00ed se nesou na t\u00e9to vln\u011b, chod\u00ed na demonstrace a manifestace podporovan\u00e9 provl\u00e1dn\u00edmi a v\u011bt\u0161inov\u00fdmi m\u00e9dii, jak se c\u00edt\u00ed, kdy\u017e si zak\u0159i\u010d\u00ed to, za co je ka\u017ed\u00fd pochv\u00e1l\u00ed. \u201eD\u011bl\u00e1 jim dob\u0159e, \u017ee se p\u0159imknou k v\u011bt\u0161inov\u00e9mu proudu, a maj\u00ed pocit, \u017ee pat\u0159\u00ed na tu spr\u00e1vnou stranu, pat\u0159\u00ed k t\u011bm siln\u011bj\u0161\u00edm, v\u011bt\u0161\u00edm. A ty druh\u00e9 maj\u00ed chu\u0165 u\u017e jenom roz\u0161l\u00e1pnout svoj\u00ed botou. Jenom bych se jich cht\u011bl zeptat, zda jim to d\u011bl\u00e1 dob\u0159e, zda se c\u00edt\u00ed komfortn\u011b. J\u00e1 bych se c\u00edtil blb\u011b, kdybych \u0161el n\u011bkam na akci, kterou propaguje \u010cesk\u00e1 televize a \u0161est dal\u0161\u00edch m\u00e9di\u00ed jako spr\u00e1vn\u00fd postoj. Stejn\u011b tak bych se c\u00edtil blb\u011b, kdybych podepsal petici, kter\u00e1 m\u00e1 nejv\u011bt\u0161\u00ed medi\u00e1ln\u00ed podporu,\u201c p\u0159iznal Ladislav Jakl.<\/p>\n<h4>Sv\u011bt by byl lep\u0161\u00ed bez \u010cesk\u00e9 televize, za mizernou slu\u017ebu se neplat\u00ed<\/h4>\n<p>Mysl\u00ed si z\u00e1rove\u0148, \u017ee na nemoc \u010cesk\u00e9 televize \u017e\u00e1dn\u00fd l\u00e9k nen\u00ed. \u201eMuselo by se \u00fapln\u011b nejd\u0159\u00edve zm\u011bnit spole\u010densk\u00e9 klima, a to by se eventu\u00e1ln\u011b prom\u00edtlo do receptu, co s \u010ceskou televiz\u00ed. Ale nemysl\u00edm si, \u017ee v r\u00e1mci sou\u010dasn\u00e9ho klimatu je s touto instituc\u00ed mo\u017en\u00e9 n\u011bco d\u011blat. V n\u011bkter\u00fdch jemn\u00fdch parametrech se d\u00e1 n\u011bco d\u011blat s pen\u011bzi, posunout n\u011bco n\u011bjakou kontrolou, je mo\u017en\u00e9 p\u0159ist\u0159ihnout absolutn\u00ed nezodpov\u011bdnost a bohorovnost n\u011bkter\u00fdch rozhodovac\u00edch proces\u016f a n\u011bkter\u00fdch lid\u00ed, to mo\u017en\u00e1 ano. Ale ta instituce m\u00e1 zak\u00f3dov\u00e1nu samotnou definici se n\u011bjak chovat podle sv\u00e9 genetick\u00e9 v\u00fdbavy a bude se tak chovat v\u017edy, dokud bude existovat. Proto jsem p\u0159esv\u011bd\u010den, \u017ee lep\u0161\u00ed by byl sv\u011bt bez n\u00ed,\u201c konstatoval Ladislav Jakl.<\/p>\n<p>Petr \u0160t\u011bp\u00e1nek se pochlubil, \u017ee ned\u00e1vno do jednoho koment\u00e1\u0159e napsal, \u017ee \u010ceskou televizi je t\u0159eba vyhladov\u011bt. \u201eAle z\u00e1konem je to p\u0159ik\u00e1z\u00e1no, \u017ee tam mus\u00edme pos\u00edlat pen\u00edze, i kdy\u017e televize nepln\u00ed funkci, kterou ze z\u00e1kona m\u00e1, a spousta lid\u00ed si mysl\u00ed, \u017ee funguje proti nim, proti jejich z\u00e1jm\u016fm a \u017ee maj\u00ed pr\u00e1vo na ob\u010danskou neposlu\u0161nost. Ale ob\u00e1v\u00e1m se, \u017ee si k n\u00ed \u017e\u00e1dn\u00e1 politick\u00e1 strana nedovol\u00ed vyz\u00fdvat. Mysl\u00edm si v\u0161ak, \u017ee zav\u0159\u00edt finan\u010dn\u00ed kohout je jedin\u00fd n\u00e1stroj a teprve potom by se za\u010dalo n\u011bco d\u00edt. Jsem zv\u011bdav, jestli se na politick\u00e9 sc\u00e9n\u011b najde n\u011bkdo, kdo to zvedne, tu nespokojenost s t\u00edm, jak\u00fdm zp\u016fsobem a za na\u0161e pen\u00edze n\u00e1s \u010cesk\u00e1 televize obhospoda\u0159uje. A jestli si n\u011bkdo dovol\u00ed \u0159\u00edct, \u017ee takhle ne a \u017ee za mizernou slu\u017ebu se neplat\u00ed,\u201c uvedl na z\u00e1v\u011br debatn\u00edho klubu Petr \u0160t\u011bp\u00e1nek.<\/p>\n<p><a href=\"http:\/\/www.parlamentnilisty.cz\/zpravy\/kauzy\/CT-dostala-oceneni-za-zpravy-o-Ukrajine-I-sesli-se-pred-kamerou-dva-muzi-kterym-to-vadi-a-padala-zla-slova-Prizivnici-prusvih-Bakala-374163\" target=\"_blank\">Zdroj<\/a><\/p>\n","protected":false},"excerpt":{"rendered":"<p>I se\u0161li se p\u0159ed kamerou dva mu\u017ei, kter\u00fdm to vad\u00ed, a padala zl\u00e1 slova: P\u0159\u00ed\u017eivn\u00edci, pr\u016f\u0161vih, Bakala&#8230;<\/p>\n","protected":false},"author":1,"featured_media":0,"comment_status":"open","ping_status":"open","sticky":false,"template":"","format":"standard","meta":{"ngg_post_thumbnail":0,"footnotes":""},"categories":[11],"tags":[],"class_list":["post-5792","post","type-post","status-publish","format-standard","hentry","category-ozvena"],"_links":{"self":[{"href":"https:\/\/www.ladislavjakl.cz\/index.php?rest_route=\/wp\/v2\/posts\/5792","targetHints":{"allow":["GET"]}}],"collection":[{"href":"https:\/\/www.ladislavjakl.cz\/index.php?rest_route=\/wp\/v2\/posts"}],"about":[{"href":"https:\/\/www.ladislavjakl.cz\/index.php?rest_route=\/wp\/v2\/types\/post"}],"author":[{"embeddable":true,"href":"https:\/\/www.ladislavjakl.cz\/index.php?rest_route=\/wp\/v2\/users\/1"}],"replies":[{"embeddable":true,"href":"https:\/\/www.ladislavjakl.cz\/index.php?rest_route=%2Fwp%2Fv2%2Fcomments&post=5792"}],"version-history":[{"count":1,"href":"https:\/\/www.ladislavjakl.cz\/index.php?rest_route=\/wp\/v2\/posts\/5792\/revisions"}],"predecessor-version":[{"id":5793,"href":"https:\/\/www.ladislavjakl.cz\/index.php?rest_route=\/wp\/v2\/posts\/5792\/revisions\/5793"}],"wp:attachment":[{"href":"https:\/\/www.ladislavjakl.cz\/index.php?rest_route=%2Fwp%2Fv2%2Fmedia&parent=5792"}],"wp:term":[{"taxonomy":"category","embeddable":true,"href":"https:\/\/www.ladislavjakl.cz\/index.php?rest_route=%2Fwp%2Fv2%2Fcategories&post=5792"},{"taxonomy":"post_tag","embeddable":true,"href":"https:\/\/www.ladislavjakl.cz\/index.php?rest_route=%2Fwp%2Fv2%2Ftags&post=5792"}],"curies":[{"name":"wp","href":"https:\/\/api.w.org\/{rel}","templated":true}]}}