{"id":5794,"date":"2015-05-18T08:36:32","date_gmt":"2015-05-18T06:36:32","guid":{"rendered":"http:\/\/www.ladislavjakl.cz\/?p=5794"},"modified":"2015-05-18T12:32:23","modified_gmt":"2015-05-18T10:32:23","slug":"jsme-o-pet-let-chytrejsi-spise-spoutanejsi","status":"publish","type":"post","link":"https:\/\/www.ladislavjakl.cz\/?p=5794","title":{"rendered":"Jsme o p\u011bt let chyt\u0159ej\u0161\u00ed? Sp\u00ed\u0161e spoutan\u011bj\u0161\u00ed."},"content":{"rendered":"<p>P\u011bt let uplynulo od vypuknut\u00ed tzv. \u0159eck\u00e9 m\u011bnov\u00e9 krize. P\u0159ed p\u011bti lety Evropsk\u00e1 unie a Mezin\u00e1rodn\u00ed m\u011bnov\u00fd fond spustily rozs\u00e1hl\u00fd z\u00e1chrann\u00fd program (pomoc\u00ed ve v\u00fd\u0161i 110 mld eur), bez n\u011bho\u017e by \u0158ecko p\u0159estalo b\u00fdt schopno spl\u00e1cet sv\u00e9 z\u00e1vazky. Jak\u00e1 pou\u010den\u00ed pro n\u00e1s t\u011bch p\u011bt let p\u0159eneslo?<\/p>\n<p><!--more--><\/p>\n<p>Krize eura, vznikl\u00e1 kolem \u0158ecka, \u017e\u00e1dn\u00e9ho vn\u00edmav\u00e9ho pozorovatele p\u0159ekvapit nemohla. V\u00a0pln\u00e9 nahot\u011b a s\u00a0jistou neodvratnost\u00ed demonstrovala, \u017ee EMU nen\u00ed ide\u00e1ln\u00ed m\u011bnovou z\u00f3nou, \u017ee jej\u00ed heterogenita je p\u0159\u00edli\u0161n\u00e1, aby se to neprojevilo p\u0159i prvn\u00edm v\u011bt\u0161\u00edm ekonomick\u00e9m ot\u0159esu, a \u017ee politick\u00e9 n\u00e1stroje, kter\u00e9 by zabezpe\u010dily hladk\u00e9 finan\u010dn\u00ed transfery, nebyly p\u0159i v\u0161\u00ed m\u00ed\u0159e unifikovanosti a spoutanosti EU na tento probl\u00e9m p\u0159edem p\u0159ipraveny a musej\u00ed se tvo\u0159it a\u017e nyn\u00ed za pochodu, co\u017e je vlastn\u00ed bezprost\u0159edn\u00ed p\u0159\u00ed\u010dinou bruselsk\u00e9 nemoci zvan\u00e9 \u0158ecko.<\/p>\n<p>Jestli\u017ee sama krize byla p\u0159edv\u00eddateln\u00e1 a pouze se nev\u011bd\u011blo, kdy se napln\u00ed kritick\u00e9 mno\u017estv\u00ed vn\u011bj\u0161\u00edch glob\u00e1ln\u00edch ekonomick\u00fdch ot\u0159es\u016f, odehr\u00e1lo se tady v\u016fbec n\u011bco zaj\u00edmav\u00e9ho, komentovateln\u00e9ho, analyzovateln\u00e9ho nebo dokonce p\u0159ekvapiv\u00e9ho za on\u011bch posledn\u00edch p\u011bt let?<\/p>\n<p>Dnes se to mo\u017en\u00e1 na prvn\u00ed pohled nezd\u00e1, ale jsem n\u00e1zoru, \u017ee odehr\u00e1lo. Pokud bychom se d\u00edvali na dne\u0161n\u00ed realitu nikoli dne\u0161n\u00edma o\u010dima, ale o\u010dima vyp\u016fj\u010den\u00fdma od pozorovatele z\u00a0roku 2010, za samoz\u0159ejm\u00e9 bychom nepova\u017eovali, \u017ee:<\/p>\n<ol>\n<li>P\u0159es v\u0161echny turbulence se krize ve sv\u00e9 pln\u00e9 s\u00edle neroz\u0161\u00ed\u0159ila na cel\u00e9 \u201eji\u017en\u00ed k\u0159\u00eddlo\u201c evropsk\u00e9 m\u011bnov\u00e9 unie. Je sice pravdou, \u017ee rozpo\u010dtov\u00e9 probl\u00e9my It\u00e1lie, Belgie, Irska, Portugalska, \u0160pan\u011blska a Francie se po cel\u00e1 l\u00e9ta \u0159e\u0161\u00ed jejich p\u0159esouv\u00e1n\u00edm do budoucna a rozm\u011bln\u011bn\u00edm jejich dopad\u016f na ostatn\u00ed zem\u011b, faktem z\u016fst\u00e1v\u00e1, \u017ee nov\u00e9 \u0158ecko tam zat\u00edm nevzniklo.<\/li>\n<li>Soci\u00e1ln\u00ed a politick\u00fd pr\u00e1h citlivosti na oktrojovan\u00e9 restrikce nen\u00ed jen abstraktn\u00edm pojmem, ale \u017eivou realitou, kter\u00e1 se pro leckoho s\u00a0a\u017e \u0161okuj\u00edc\u00ed silou projevila p\u0159i posledn\u00edch \u0159eck\u00fdch volb\u00e1ch.<\/li>\n<li>Netrp\u011blivost politick\u00fdch reprezentac\u00ed Bruselu, Berl\u00edna \u010di veden\u00ed MMF je mo\u017en\u00e1 m\u00edsty i autentick\u00e1 (daleko \u010dast\u011bji je ale divadlem pro dom\u00e1c\u00ed publikum, kter\u00e9 je t\u0159eba ob\u010das nakrmit siln\u00fdmi slovy), ale nakonec b\u00fdv\u00e1 v\u017edy p\u0159ekryta motivem siln\u011bj\u0161\u00edm: v\u016fl\u00ed po moci nad na\u0161\u00ed \u010d\u00e1st\u00ed Evropy.<\/li>\n<li>Sedmist\u00e9 pades\u00e1t\u00e9 osm\u00e9 \u201eposledn\u00ed\u201c varov\u00e1n\u00ed adresovan\u00e9 \u0159eck\u00e9 reprezentaci v\u017edy skon\u010d\u00ed nov\u00fdm a nov\u00fdm odkladem, nov\u00fdm a nov\u00fdm transferem. V\u00a0ohro\u017een\u00ed by bez nich byla nejen \u0159eck\u00e1 ekonomika, u n\u00ed\u017e slovo bankrot u\u017e d\u00e1vno vystihuje realitu, ani\u017e by bylo t\u0159eba takov\u00fd stav vyhl\u00e1sit de iure, ale p\u0159edev\u0161\u00edm v\u011b\u0159itel\u00e9. Ti m\u011bli sv\u00e9ho \u010dasu dost s\u00edly p\u0159inutit \u0158ecko, aby s\u00e1hlo po nev\u00fdhodn\u00fdch \u00fav\u011brech, dnes maj\u00ed dost sil, aby jim spl\u00e1tky chodily oklikou p\u0159es tzv. mezin\u00e1rodn\u00ed z\u00e1chrann\u00e9 programy \u0158ecku.<\/li>\n<\/ol>\n<p>Co z\u00a0toho v\u0161echno plyne pro p\u0159\u00ed\u0161t\u00edch p\u011bt (nap\u0159\u00edklad) let?<\/p>\n<ol>\n<li>Kdy\u017e myk\u00f3za zachv\u00e1t\u00ed n\u011bjak\u00fd plod, nen\u00ed zasa\u017eeno pouze m\u00edsto, na kter\u00e9m pl\u00edse\u0148 vykvete. Znehodnocen je plod cel\u00fd, zasa\u017een\u00fd splet\u00ed vl\u00e1ken podhoub\u00ed. Nemocn\u00ed \u010dlenov\u00e9 EMU, pon\u011bkud hrubi\u00e1nsky ozna\u010dovan\u00ed za PIGS, jsou dr\u017eeni nad vodou jen za tu cenu, \u017ee se jejich nemoc dif\u00fazn\u011b \u0161\u00ed\u0159\u00ed cel\u00fdm infikovan\u00fdm t\u011blem m\u011bnov\u00e9 unie. Bez z\u00e1sadn\u00ed reformy EMU (zru\u0161en\u00ed, redukce na \u201etvrd\u00e9 j\u00e1dro\u201c) se proto krize eura bude d\u00e1l prohlubovat.<\/li>\n<li>Soci\u00e1ln\u00ed citlivost lze ignorovat suspendov\u00e1n\u00edm demokracie. To se ji\u017e d\u011bje a d\u00edt se bude je\u0161t\u011b siln\u011bji. M\u016f\u017ee se to da\u0159it dlouh\u00e1 l\u00e9ta, ne\u017e kotel vybuchne. Sp\u00ed\u0161e ne\u017e v\u00fdbuch ale hroz\u00ed postupn\u00e9 vyhnit\u00ed, stagnace a dlouhodob\u00fd \u00fapadek.<\/li>\n<li>\u017de je udr\u017eov\u00e1n\u00ed m\u011bnov\u00e9ho imp\u00e9ria n\u00e1kladn\u00e9? Jist\u011b. Ale je to levn\u011bj\u0161\u00ed ne\u017e v\u00e1lka. Zv\u00fd\u0161en\u00e9 n\u00e1klady evropsk\u00e9 elity nijak netr\u00e1p\u00ed. Naopak: je to pro n\u011b v\u00edtan\u00e1 z\u00e1minka je\u0161t\u011b t\u011bsn\u011bj\u0161\u00ed politick\u00e9 unifikace. Proto jsou hranice trp\u011blivosti t\u00e9m\u011b\u0159 nekone\u010dn\u00e9, jakkoli to tak u\u00a0n\u011bkter\u00fdch summitov\u00fdch tane\u010dk\u016f na prvn\u00ed pohled nevypad\u00e1. Euro ve skute\u010dnosti funguje jako z\u00e1zra\u010dn\u00fd unifika\u010dn\u00ed prost\u0159edek pr\u00e1v\u011b d\u00edky krizi.<\/li>\n<li>Evropsk\u00e9 elity maj\u00ed siln\u00e9ho spojence (pokud nejde dokonce sp\u00ed\u0161e jen o jin\u00fd \u00fad stejn\u00e9ho t\u011bla): finan\u010dn\u00ed v\u011b\u0159itelsk\u00fd sektor. \u017de odepisuje des\u00edtky miliard? Ale kdepak. Jeho moc v\u00a0\u0159eck\u00e9 krizi s\u00edl\u00ed, je symbioticky prorostl\u00e1 s\u00a0bruselsk\u00fdmi elitami a na transferech, kter\u00e9 se pr\u00e1v\u011b \u201ed\u00edky\u201c krizi rozproudily nikdy nev\u00eddan\u00fdm tempem, jen vyd\u011bl\u00e1v\u00e1. A proto je motorem dal\u0161\u00edho utu\u017eov\u00e1n\u00ed politick\u00e9 spoutanosti EU, bez kter\u00e9 si takov\u00fd rozm\u011br transfer\u016f nelze p\u0159edstavit.<\/li>\n<\/ol>\n<p>Resum\u00e9 pro n\u00e1s demokraty? Tato noc nebude kr\u00e1tk\u00e1.<\/p>\n<p><em>ps\u00e1no pro Newsletter IVK \u00a0 \u00a0 \u00a0 \u00a0 \u00a0 \u00a0\u00a0<\/em><\/p>\n","protected":false},"excerpt":{"rendered":"<p>P\u011bt let uplynulo od vypuknut\u00ed tzv. \u0159eck\u00e9 m\u011bnov\u00e9 krize. P\u0159ed p\u011bti lety Evropsk\u00e1 unie a Mezin\u00e1rodn\u00ed m\u011bnov\u00fd fond spustily rozs\u00e1hl\u00fd z\u00e1chrann\u00fd program (pomoc\u00ed ve v\u00fd\u0161i 110 mld eur), bez n\u011bho\u017e by \u0158ecko p\u0159estalo b\u00fdt schopno spl\u00e1cet sv\u00e9 z\u00e1vazky. Jak\u00e1 pou\u010den\u00ed pro n\u00e1s t\u011bch p\u011bt let p\u0159eneslo?<\/p>\n","protected":false},"author":1,"featured_media":0,"comment_status":"open","ping_status":"open","sticky":false,"template":"","format":"standard","meta":{"ngg_post_thumbnail":0,"footnotes":""},"categories":[1],"tags":[],"class_list":["post-5794","post","type-post","status-publish","format-standard","hentry","category-publikovane-clanky"],"_links":{"self":[{"href":"https:\/\/www.ladislavjakl.cz\/index.php?rest_route=\/wp\/v2\/posts\/5794","targetHints":{"allow":["GET"]}}],"collection":[{"href":"https:\/\/www.ladislavjakl.cz\/index.php?rest_route=\/wp\/v2\/posts"}],"about":[{"href":"https:\/\/www.ladislavjakl.cz\/index.php?rest_route=\/wp\/v2\/types\/post"}],"author":[{"embeddable":true,"href":"https:\/\/www.ladislavjakl.cz\/index.php?rest_route=\/wp\/v2\/users\/1"}],"replies":[{"embeddable":true,"href":"https:\/\/www.ladislavjakl.cz\/index.php?rest_route=%2Fwp%2Fv2%2Fcomments&post=5794"}],"version-history":[{"count":2,"href":"https:\/\/www.ladislavjakl.cz\/index.php?rest_route=\/wp\/v2\/posts\/5794\/revisions"}],"predecessor-version":[{"id":5797,"href":"https:\/\/www.ladislavjakl.cz\/index.php?rest_route=\/wp\/v2\/posts\/5794\/revisions\/5797"}],"wp:attachment":[{"href":"https:\/\/www.ladislavjakl.cz\/index.php?rest_route=%2Fwp%2Fv2%2Fmedia&parent=5794"}],"wp:term":[{"taxonomy":"category","embeddable":true,"href":"https:\/\/www.ladislavjakl.cz\/index.php?rest_route=%2Fwp%2Fv2%2Fcategories&post=5794"},{"taxonomy":"post_tag","embeddable":true,"href":"https:\/\/www.ladislavjakl.cz\/index.php?rest_route=%2Fwp%2Fv2%2Ftags&post=5794"}],"curies":[{"name":"wp","href":"https:\/\/api.w.org\/{rel}","templated":true}]}}