{"id":5823,"date":"2015-05-27T16:53:12","date_gmt":"2015-05-27T14:53:12","guid":{"rendered":"http:\/\/www.ladislavjakl.cz\/?p=5823"},"modified":"2015-05-27T16:53:12","modified_gmt":"2015-05-27T14:53:12","slug":"babisova-repka-kdo-co-rikal-pred-peti-lety","status":"publish","type":"post","link":"https:\/\/www.ladislavjakl.cz\/?p=5823","title":{"rendered":"Babi\u0161ova \u0159epka: Kdo co \u0159\u00edkal p\u0159ed p\u011bti lety"},"content":{"rendered":"<p>Burs\u00edk: Klausovo \u0159epkov\u00e9 veto? Klukovina<\/p>\n<p><!--more--><\/p>\n<p>16.05.2010 15:27\u00a0P\u016fvodn\u00ed zpr\u00e1va<\/p>\n<p><strong>Krok prezidenta V\u00e1clav Klause, kter\u00fd se rozhodl vetovat z\u00e1kon o biopalivech, kritizuj\u00ed zem\u011bd\u011blci i b\u00fdval\u00fd \u0161\u00e9f zelen\u00fdch Martin Burs\u00edk. V televizn\u00ed debat\u011b Ot\u00e1zky V\u00e1clava Moravce ho ozna\u010dil za klukovinu. Pokud z\u00e1kon neza\u010dne platit, zem\u011bd\u011blci ji\u017e zasetou \u0159epku na 70 tis\u00edc\u00edch hektarech nebudou moci vyu\u017e\u00edt k\u00a0v\u00fdrob\u011b biopaliv, kter\u00e9 sni\u017euje emise.<\/strong><\/p>\n<p>Sn\u011bmovna z\u00e1kon schv\u00e1lila v polovin\u011b b\u0159ezna, Sen\u00e1t umo\u017enil p\u0159ijet\u00ed koncem dubna. Poslanci, kte\u0159\u00ed prezidentsk\u00e9 veto mohou p\u0159ehlasovat, se sejdou p\u0159\u00ed\u0161t\u00ed t\u00fdden v \u00fater\u00fd.\u00a0K\u00a0z\u00e1konu se v\u0161ak nedostanou, proto\u017ee b\u011b\u017e\u00ed desetidenn\u00ed lh\u016fta od vetov\u00e1n\u00ed normy, kter\u00e1 se mus\u00ed dodr\u017eet.<\/p>\n<p><strong><em>\u010cT\u011aTE TAK\u00c9:\u00a0<\/em><\/strong><a href=\"http:\/\/www.tyden.cz\/rubriky\/byznys\/cesko\/babis-klaus-skodi-ceskemu-prumyslu-kvuli-vetu-biopaliv_168865.html\"><strong><em>Babi\u0161: Klaus \u0161kod\u00ed \u010desk\u00e9mu pr\u016fmyslu. Kv\u016fli vetu biopaliv<\/em><\/strong><\/a><\/p>\n<p><strong>\u010cesko zamo\u0159il \u017elut\u00fd benzin<\/strong><\/p>\n<p>&#8222;Mysl\u00edm, \u017ee to byl od prezidenta z\u00e1m\u011br. A tak\u00e9 klukovina, kter\u00e1 se ov\u0161em dotkne p\u011bti miliard z obratu \u010desk\u00fdch zem\u011bd\u011blc\u016f a hat\u00ed tak\u00e9 podnikatelsk\u00e9 p\u0159\u00edle\u017eitosti dal\u0161\u00edch firem,&#8220; \u0159ekl Burs\u00edk.<\/p>\n<p>Klaus veto zd\u016fvodnil t\u00edm, \u017ee boj s emisemi oxidu uhli\u010dit\u00e9ho (jako sklen\u00edkov\u00fdm plynem, kter\u00fd zvy\u0161uje glob\u00e1ln\u00ed oteplov\u00e1n\u00ed) je sporn\u00fd a existuj\u00ed i v\u00e1\u017en\u00e9 pochybnosti o dopadu biopaliv na zdrav\u00ed \u010dlov\u011bka. Vy\u0161\u0161\u00ed p\u0159im\u00edch\u00e1v\u00e1n\u00ed podle n\u011bj tak\u00e9 zdra\u017e\u00ed pohonn\u00e9 hmoty a sn\u00ed\u017e\u00ed \u017eivotnost automobil\u016f.<\/p>\n<p>&#8222;Poctiv\u00e9mu sedl\u00e1kovi krv\u00e1c\u00ed srdce, kdy\u017e nam\u00edsto chleba mus\u00ed p\u011bstovat ten \u017elut\u00fd nesmysl,\u00a0kter\u00fd zapleveluje tuto zemi. Krajinu zamo\u0159il \u017elut\u00fd benz\u00edn. Biopaliva \u0161kod\u00ed lidsk\u00e9mu zdrav\u00ed, krajin\u011b, motor\u016fm i motorist\u016fm. Zelen\u00ed manipul\u00e1to\u0159i pok\u0159ivili pravidla a ekologi\u010dt\u00ed podnikatel\u00e9 tady h\u00e1j\u00ed svoje z\u00e1jmy. Pen\u00edze za to pak kon\u010d\u00ed\u00a0v kaps\u00e1ch nap\u0159\u00edklad pana Babi\u0161e,&#8220; \u0159ekl prezident\u016fv poradce Ladislav Jakl.<\/p>\n<p><strong>Silvestrovsk\u00e1 estr\u00e1da Hradu<\/strong><\/p>\n<p>&#8222;To je patetick\u00e9 vystoupen\u00ed a argumentace jako do silvestrovsk\u00e9ho po\u0159adu. Na\u0161el jsem osm chyb v\u00a0zd\u016fvodn\u011bn\u00ed veta. Doporu\u010duji kancel\u00e1\u0159i prezidenta m\u00e9n\u011b ideologie a v\u00edce profesionality a argument\u016f,&#8220; ohradil se Burs\u00edk, kter\u00e9ho Jakl za\u0159adil do skupiny podnikaj\u00edc\u00edch.<\/p>\n<p>&#8222;Z \u0159epky olejn\u00e9 se vyr\u00e1b\u00ed metylester \u0159epkov\u00e9ho oleje, kter\u00fd se p\u0159im\u00edch\u00e1v\u00e1 do nafty, nikoliv do benzinu, tak\u017ee to nen\u00ed \u017elut\u00fd benzin, to je \u017elut\u00e1 nafta. A pouze 20 procent t\u00e9 \u0159epky se zpracov\u00e1v\u00e1 na metylester \u0159epkov\u00e9ho oleje, zbytek se vyu\u017e\u00edv\u00e1 jinak. Jsou to znalosti ze st\u0159edn\u00ed \u0161koly,&#8220; pou\u010dil prezidentsk\u00e9ho poradce exministr. &#8222;Jste jedin\u00fd, kter\u00fd sb\u00edr\u00e1 p\u0159edvolebn\u00ed body na hulv\u00e1tstv\u00ed,&#8220; odv\u011btil Jakl.<\/p>\n<p>Prezident Agr\u00e1rn\u00ed komory \u010cR Jan Veleba prohl\u00e1sil, \u017ee Klaus po\u0161kodil \u010desk\u00e9 zem\u011bd\u011blce. &#8222;Pan prezident se s\u00a0n\u00e1mi o tom v\u016fbec nebavil. Je mi to l\u00edto. Nejsme ob\u011bt\u00ed \u017e\u00e1dn\u00fdch zelen\u00fdch manipul\u00e1tor\u016f. M\u00e1me sv\u016fj rozum a \u00farove\u0148. Chceme ct\u00edt z\u00e1vazek Evropsk\u00e9 unie, kter\u00e1 n\u00e1m umo\u017e\u0148uje tyto hektary zas\u00edt a vyd\u011blat na tom. Te\u010f je budeme muset dov\u00e1\u017eet,&#8220; \u0159ekl Veleba, kter\u00fd m\u00edn\u00ed, \u017ee ztr\u00e1ty, kter\u00e9 \u010desk\u00fdm zem\u011bd\u011blc\u016fm kv\u016fli vetu vzniknou, bude mo\u017en\u00e9 vy\u010d\u00edslit asi za m\u011bs\u00edc.<\/p>\n<p>Sn\u011bmovn\u011b vr\u00e1cen\u00e1 novela z\u00e1kona o ochran\u011b ovzdu\u0161\u00ed navy\u0161uje od \u010dervna pod\u00edl bioslo\u017eky u benzinu z dosavadn\u00edch 3,5 procenta na 4,1 procenta a u motorov\u00e9 nafty z 4,5 procenta na rovn\u00fdch \u0161est procent. P\u0159im\u00edch\u00e1v\u00e1n\u00ed m\u00e1 pomoci sn\u00ed\u017eit emise sklen\u00edkov\u00fdch plyn\u016f, podpo\u0159it dom\u00e1c\u00ed zem\u011bd\u011blskou produkci a sn\u00ed\u017eit z\u00e1vislost na dovozech paliv.<\/p>\n<p><em>Foto: Jan Schejbal, Lucie Pa\u0159\u00edzkov\u00e1, \u010cTK<\/em><\/p>\n<p>AUTOR:\u00a0<a href=\"http:\/\/www.tyden.cz\/autori-tydne\/martina-mackova\/\">MARTINA MACKOV\u00c1<\/a>, T\u00fdden<\/p>\n<p>J<strong>akl tepal Babi\u0161e a zelen\u00e9: Srdce mi krv\u00e1c\u00ed, kdy\u017e vid\u00edm ten \u017elut\u00fd, odporn\u00fd benz\u00edn<\/strong><\/p>\n<p>5. 2010 21:23<br \/>\nTajemn\u00edk prezidenta Ladislav Jakl se v Ot\u00e1zk\u00e1ch V\u00e1clava Moravce doslova bil za prezidentsk\u00e9 veto p\u011bstov\u00e1n\u00ed \u0159epky na biopaliva. Vyz\u00fdval lidi, aby nev\u011b\u0159ili &#8222;zelen\u00fdm manipul\u00e1tor\u016fm a lobbist\u016fm&#8220;. A za jednoho z nich ozna\u010dil majitele Agrofertu Andreje Babi\u0161e<strong>.<\/strong><\/p>\n<p>&#8222;Srdce poctiv\u00e9ho sedl\u00e1ka mus\u00ed krv\u00e1cet, kdy\u017e m\u00edsto obilovin na chleba p\u011bstuje ten \u017elut\u00fd, odporn\u00fd benz\u00edn,&#8220; d\u0161til s\u00edru na zast\u00e1nce biopaliv a \u0159epky olejn\u00e9 tajemn\u00edk prezidenta Ladislav Jakl v Ot\u00e1zk\u00e1ch V\u00e1clava Moravce.<\/p>\n<p>Zem\u011bd\u011blci podle Jakla \u0159epku na paliva p\u011bstuj\u00ed jen proto, \u017ee jsou vystaveni n\u00e1tlaku ze strany &#8222;zelen\u00fdch manipul\u00e1tor\u016f a lobbist\u016f&#8220;.<\/p>\n<p>\u017dlut\u00e1 pole podle Jakla zamo\u0159ila \u010deskou krajinu.<\/p>\n<p><strong>T\u011b\u017e\u00ed z toho Babi\u0161<\/strong><\/p>\n<p>Tvrd\u00fd v\u00fdpad Jakl pou\u017eil na majitele holdingu Agrofert a jednoho z nejbohat\u0161\u00edch \u010cech\u016f Andreje Babi\u0161e.<\/p>\n<p>&#8222;Ty pen\u00edze n\u011bkde kon\u010d\u00ed. Kon\u010d\u00ed v kaps\u00e1ch lid\u00ed jako je Andrej Babi\u0161,&#8220; \u0159\u00edkal tajemn\u00edk prezidenta.<\/p>\n<p>Jakl pak popisoval, jak mu p\u0159edseda Strany svobodn\u00fdch ob\u010dan\u016f Petr Mach vypr\u00e1v\u011bl o jeho setk\u00e1n\u00ed s Babi\u0161em. Ten se ho pr\u00fd mezi \u010dty\u0159ma o\u010dima na ve\u010de\u0159i cht\u011bl pokusit p\u0159esv\u011bd\u010dit, aby zm\u011bnil n\u00e1zor.<\/p>\n<p>&#8222;Ano v t\u00e9to zelen\u00e9 politice se hraje o obrovsk\u00e9 prachy. Te\u010f kdy\u017e u\u017e cel\u00fd sv\u011bt v\u00ed, \u017ee je to obrovsk\u00e1 blbost,&#8220; pokra\u010doval v ostr\u00e9 r\u00e9torice Jakl.<\/p>\n<p>Podnikatel Andrej Babi\u0161, kter\u00fd diskusi nebyl p\u0159\u00edtomen, obecn\u011b oponuje t\u00edm, \u017ee prezident po\u0161kodil \u010ceskou republiku, kter\u00e9 pr\u00fd z\u00e1rove\u0148 hroz\u00ed sankce ze strany Evropsk\u00e9 unie.<\/p>\n<p>Prezident se pak op\u00edr\u00e1 hlavn\u011b o tvrzen\u00ed, \u017ee p\u0159il\u00e9v\u00e1n\u00ed biopaliv zvedne cenu benz\u00ednu, nafty a ubere m\u00edsto na pol\u00edch pro p\u011bstov\u00e1n\u00ed potravin.<\/p>\n<p><strong>Burs\u00edk: Jakl\u016fv v\u00fdstup by se hodil do silvestrovsk\u00e9 show<\/strong><\/p>\n<p>Martin Burs\u00edk, b\u00fdval\u00fd l\u00eddr Strany zelen\u00fdch, okomentoval v\u00fdstup tajemn\u00edka Jakla, \u017ee je vhodn\u00fd tak na sest\u0159\u00edh\u00e1n\u00ed do silvestrovsk\u00e9 show.<\/p>\n<p>Argumenty prezidenta Klause pova\u017euje za nesmysln\u00e9. &#8222;\u017d\u00e1dn\u00e1 paliva nejsou p\u011bstov\u00e1ny na \u00fakor \u017eivotn\u00edho prost\u0159ed\u00ed a jsou potenci\u00e1ln\u00ed n\u00e1hra\u017ekou ropy, co\u017e zvy\u0161uje na\u0161i sob\u011bsta\u010dnost,&#8220; mysl\u00ed si Burs\u00edk.<\/p>\n<p>Prezident Agr\u00e1rn\u00ed komory Jan Veleba ozn\u00e1mil, \u017ee v \u010cesk\u00e9 republice je 600 000 hektar\u016f, na kter\u00fdch nen\u00ed co p\u011bstovat.<\/p>\n<p>&#8222;Zem\u011bd\u011blci na t\u011bchto hektarech nemaj\u00ed co p\u011bstovat, proto jsme je zapojili do syst\u00e9mu p\u011bstov\u00e1n\u00ed biopaliv,&#8220; dodal.<\/p>\n<p>Parlamentn\u00ed listy<\/p>\n","protected":false},"excerpt":{"rendered":"<p>Burs\u00edk: Klausovo \u0159epkov\u00e9 veto? Klukovina<\/p>\n","protected":false},"author":1,"featured_media":0,"comment_status":"open","ping_status":"open","sticky":false,"template":"","format":"standard","meta":{"ngg_post_thumbnail":0,"footnotes":""},"categories":[11],"tags":[],"class_list":["post-5823","post","type-post","status-publish","format-standard","hentry","category-ozvena"],"_links":{"self":[{"href":"https:\/\/www.ladislavjakl.cz\/index.php?rest_route=\/wp\/v2\/posts\/5823","targetHints":{"allow":["GET"]}}],"collection":[{"href":"https:\/\/www.ladislavjakl.cz\/index.php?rest_route=\/wp\/v2\/posts"}],"about":[{"href":"https:\/\/www.ladislavjakl.cz\/index.php?rest_route=\/wp\/v2\/types\/post"}],"author":[{"embeddable":true,"href":"https:\/\/www.ladislavjakl.cz\/index.php?rest_route=\/wp\/v2\/users\/1"}],"replies":[{"embeddable":true,"href":"https:\/\/www.ladislavjakl.cz\/index.php?rest_route=%2Fwp%2Fv2%2Fcomments&post=5823"}],"version-history":[{"count":1,"href":"https:\/\/www.ladislavjakl.cz\/index.php?rest_route=\/wp\/v2\/posts\/5823\/revisions"}],"predecessor-version":[{"id":5824,"href":"https:\/\/www.ladislavjakl.cz\/index.php?rest_route=\/wp\/v2\/posts\/5823\/revisions\/5824"}],"wp:attachment":[{"href":"https:\/\/www.ladislavjakl.cz\/index.php?rest_route=%2Fwp%2Fv2%2Fmedia&parent=5823"}],"wp:term":[{"taxonomy":"category","embeddable":true,"href":"https:\/\/www.ladislavjakl.cz\/index.php?rest_route=%2Fwp%2Fv2%2Fcategories&post=5823"},{"taxonomy":"post_tag","embeddable":true,"href":"https:\/\/www.ladislavjakl.cz\/index.php?rest_route=%2Fwp%2Fv2%2Ftags&post=5823"}],"curies":[{"name":"wp","href":"https:\/\/api.w.org\/{rel}","templated":true}]}}