{"id":5825,"date":"2015-05-28T11:15:37","date_gmt":"2015-05-28T09:15:37","guid":{"rendered":"http:\/\/www.ladislavjakl.cz\/?p=5825"},"modified":"2015-05-28T11:15:37","modified_gmt":"2015-05-28T09:15:37","slug":"na-klause-mirili-pistolemi-prozradil-jakl","status":"publish","type":"post","link":"https:\/\/www.ladislavjakl.cz\/?p=5825","title":{"rendered":"Na Klause m\u00ed\u0159ili pistolemi, prozradil Jakl"},"content":{"rendered":"<p>Rozhodn\u011b nepodce\u0148uji nebezpe\u010d\u00ed sarac\u00e9nsk\u00fdch n\u00e1jezdn\u00edk\u016f. Tohle si k n\u00e1m nedovolil ani Sov\u011btsk\u00fd svaz, EU ano.<\/p>\n<p><!--more--><\/p>\n<p><strong>B\u00fdval\u00fd tajemn\u00edk prezidenta V\u00e1clava Klause Ladislav Jakl \u0159\u00edk\u00e1, \u017ee Klaus\u016fv podpis Lisabonsk\u00e9 smlouvy h\u00e1jit nebude, ale tehdy na Klause m\u00ed\u0159ilo n\u011bkolik \u201epistol\u00ed\u201c. P\u0159id\u011blovat kv\u00f3ty na imigranty si v\u016f\u010di n\u00e1m nedovolil ani Sov\u011btsk\u00fd svaz, EU ano. EU zp\u016fsobuje demont\u00e1\u017e na\u0161\u00ed kultury, proto bychom m\u011bli co nejd\u0159\u00edve z tohoto spolku \u201ezmaru\u201c odej\u00edt a h\u00e1jit vlastn\u00ed hranice.<\/strong><\/p>\n<p><strong>Evropsk\u00e1 unie chce \u0159e\u0161it p\u0159\u00edliv imigrant\u016f z Afriky t\u00edm, \u017ee \u010dlensk\u00fdm st\u00e1t\u016fm EU p\u0159id\u011bl\u00ed kv\u00f3ty. Dokonce se pro n\u00e1s u\u017e zve\u0159ejnila n\u011bkter\u00e1 \u010d\u00edsla. Co si o tom mysl\u00edte?<\/strong><\/p>\n<p>Jednou v\u011bc\u00ed je p\u0159ij\u00edm\u00e1n\u00ed \u010di nep\u0159ij\u00edm\u00e1n\u00ed uprchl\u00edk\u016f. O tom m\u016f\u017eeme v\u00e9st obs\u00e1hlou dom\u00e1c\u00ed debatu. Ale p\u0159id\u011blovac\u00ed kv\u00f3ty jsou naprost\u00fdm po\u0161lap\u00e1n\u00edm svrchovanosti na\u0161eho st\u00e1tu, to si v\u016f\u010di n\u00e1m nedovolil ani Sov\u011btsk\u00fd svaz za socialismu. Pokud maj\u00ed na\u0161i politici zbytky hrdosti, je jejich povinnost\u00ed se tomuto dikt\u00e1tu vzep\u0159\u00edt. A to bez ohledu na to, co si o samotn\u00fdch uprchl\u00edc\u00edch mysl\u00ed. To a\u0165 uplatn\u00ed v on\u00e9 dom\u00e1c\u00ed debat\u011b.<\/p>\n<p><strong>Co \u0159\u00edk\u00e1te na argumenty, \u017ee m\u00e1me povinnost p\u0159ij\u00edmat uprchl\u00edky z Afriky, proto\u017ee za dob komunismu \u010desk\u00e9 emigranty p\u0159ij\u00edmaly z\u00e1padn\u00ed zem\u011b?<\/strong><\/p>\n<p>Tak a\u0165 je dobrovoln\u011b p\u0159ij\u00edmaj\u00ed ve sv\u00fdch domovech ti, kte\u0159\u00ed od n\u00e1s tehdy emigrovali. Ne povinn\u011b ti, kte\u0159\u00ed tu z\u016fstali. Ti \u017e\u00e1dn\u00fd mor\u00e1ln\u00ed dluh nemaj\u00ed.<\/p>\n<p><strong>V\u00e1clav Klaus napsal, \u017ee \u201emo\u017enost Evropsk\u00e9 komise, aby jednotliv\u00fdm zem\u00edm autoritativn\u011b ur\u010dovala, kolik migrant\u016f maj\u00ed p\u0159ijmout, je p\u0159\u00edm\u00fdm d\u016fsledkem p\u0159ijet\u00ed Lisabonsk\u00e9 smlouvy. Bez n\u00ed by takov\u00fd \u201a\u00fakol\u2018 z Bruselu nemohl p\u0159ij\u00edt.\u201c Nebyla tedy chyba, \u017ee V\u00e1clav Klaus ratifikoval sv\u00fdm podpisem Lisabonskou smlouvu? Jeho podpis tam je a nikdo ho nesma\u017ee. Nenese tedy i on d\u00edl odpov\u011bdnosti? Byl p\u0159ece prezidentem republiky. A bylo to jeho suver\u00e9nn\u00ed \u00fastavn\u00ed rozhodnut\u00ed ratifikovat. Nebo na n\u011bj Van Rompuy m\u00ed\u0159il pistol\u00ed?<\/strong><\/p>\n<p>Ano. Takov\u00fdch \u201epistol\u00ed\u201c bylo dokonce mnohem v\u00edc. Bylo to bolestn\u00e9 rozhodov\u00e1n\u00ed, kde jin\u00e9 varianty mohly b\u00fdt je\u0161t\u011b hor\u0161\u00ed. J\u00e1 tehdej\u0161\u00ed podpis h\u00e1jit nebudu. Jsem ale r\u00e1d, \u017ee m\u011b takov\u00e9 rozhodov\u00e1n\u00ed nikdy nepotkalo osobn\u011b.<\/p>\n<p><strong>Nezalitujete n\u011bkdy, \u017ee V\u00e1clav Klaus nap\u0159\u00edklad rad\u011bji nerezignoval nebo \u017ee ne\u0161el do st\u0159etu s \u00dastavn\u00edm soudem, kter\u00fd by ho t\u0159eba i odvolal, ale \u017ee by t\u00edm V\u00e1clav Klaus vy\u0161el z prezidentsk\u00e9 funkce s naprosto \u010dist\u00fdm \u0161t\u00edtem a mohl se p\u0159\u00edpadn\u011b vr\u00e1tit do politiky a m\u00edt mnohem v\u011bt\u0161\u00ed podporu ve\u0159ejnosti, ne\u017e m\u00e1 dnes, a pro tuto zemi je\u0161t\u011b \u0159adu v\u011bc\u00ed vykonat?<\/strong><\/p>\n<p>Jist\u011b\u017ee zalituji. Ka\u017edou chv\u00edli. A od sam\u00e9ho po\u010d\u00e1tku. Ale mn\u011b se to mluv\u00ed, j\u00e1 jsem tu p\u0159\u00edmou odpov\u011bdnost za d\u016fsledky p\u0159\u00edpadn\u00e9ho nepodpisu nenesl.<\/p>\n<p><strong>Hovo\u0159\u00ed se o tom, \u017ee muslimov\u00e9 budou m\u00edt v\u011bt\u0161inu v zem\u00edch jako Francie \u010di Brit\u00e1nie do 40 let. P\u0159i nyn\u011bj\u0161\u00edm masov\u00e9m p\u0159\u00edlivu mo\u017en\u00e1 je\u0161t\u011b d\u0159\u00edve. Jak by se proti tomu m\u011bla \u010cesk\u00e1 republika br\u00e1nit? Nem\u011bla by vystoupit z EU, aby nebyla spole\u010dn\u011b islamizov\u00e1na se z\u00e1padoevropsk\u00fdmi zem\u011bmi? Nebo nem\u011bla by vytvo\u0159it alianci v\u00fdchodoevropsk\u00fdch zem\u00ed, kter\u00e9 t\u00edm je\u0161t\u011b nejsou zasa\u017eeny?<\/strong><\/p>\n<p>Rozhodn\u011b nepodce\u0148uji nebezpe\u010d\u00ed sarac\u00e9nsk\u00fdch n\u00e1jezdn\u00edk\u016f. Za daleko v\u00e1\u017en\u011bj\u0161\u00ed nebezpe\u010d\u00ed ne\u017e ciz\u00ed kultury pova\u017euji soustavnou v\u011bdomou a aktivn\u00ed demont\u00e1\u017e kultury vlastn\u00ed. Hroz\u00edm se toho, \u017ee tato demont\u00e1\u017e skoro nikomu nevad\u00ed. Velk\u00e1 \u010d\u00e1st t\u00e9to \u201edemont\u00e1\u017en\u00ed vlny\u201c k n\u00e1m jde z Bruselu. I proto jsem pro co nejrychlej\u0161\u00ed vystoupen\u00ed z tohoto spolku zmaru.<\/p>\n<p><strong>Kdo nese podle v\u00e1s odpov\u011bdnost za nyn\u011bj\u0161\u00ed masov\u00fd p\u0159\u00edliv uprchl\u00edk\u016f?<\/strong><\/p>\n<p>Ti, kdo podle rozbombardovali Libyi a jej\u00ed stabilitu jen p\u00e1r m\u011bs\u00edc\u016f pot\u00e9, co se obj\u00edmali s v\u016fdcem Kadd\u00e1f\u00edm. Ti, kte\u0159\u00ed provedli pod l\u017eivou z\u00e1minkou invazi do Ir\u00e1ku, svrhli tamn\u00ed funguj\u00edc\u00ed re\u017eim, a p\u0159inesli t\u00edm nekone\u010dn\u00e9 n\u00e1sil\u00ed a chaos. Ti, kte\u0159\u00ed pomoc\u00ed muslimsk\u00fdch extremist\u016f vedou u\u017e \u010dty\u0159i roky v\u00e1lku v S\u00fdrii proti n\u00e1bo\u017eensky a etnicky nejtolerantn\u011bj\u0161\u00edmu re\u017eimu v oblasti. Ti, je\u017e podporuj\u00ed mohamed\u00e1nsk\u00e9 arabsk\u00e9 monarchie. A tak\u00e9 ti, kdo prosazuj\u00ed soci\u00e1ln\u00ed st\u00e1t v takov\u00e9 podob\u011b, \u017ee umo\u017e\u0148uje cel\u00fdm generac\u00edm imigrant\u016f \u017e\u00edt v Evrop\u011b bez pr\u00e1ce.<\/p>\n<p><strong>Sociolog Petr Hampl uvedl, \u017ee v krajn\u00edm p\u0159\u00edpad\u011b, kdyby neleg\u00e1ln\u00ed imigranti nereagovali a neda\u0159ilo by se zadr\u017eet jejich p\u0159\u00edliv z mo\u0159e \u010di p\u0159es suchozemsk\u00e9 hranice, tak by se m\u011bly lod\u011b s nimi pot\u00e1p\u011bt a na hranic\u00edch by se na n\u011b m\u011blo st\u0159\u00edlet. Nem\u00e1 st\u00e1t pr\u00e1vo br\u00e1nit sv\u00e9 hranice proti vet\u0159elc\u016fm se zbran\u011bmi, stejn\u011b jako m\u00e1 pr\u00e1vo majitel domu br\u00e1nit sv\u016fj d\u016fm zbran\u00ed?<\/strong><\/p>\n<p>Spolu s Lucemburskem jsme jedinou \u010dlenskou zem\u00ed Evropsk\u00e9 unie, kter\u00e1 nehrani\u010d\u00ed s \u00fazem\u00edm mimo EU. Nem\u00e1me tedy \u017e\u00e1dn\u00fd vliv na to, kdo p\u0159ekro\u010d\u00ed schengenskou hranici. \u017d\u00e1dn\u00fd. Ti, kdo pou\u0161t\u011bj\u00ed na sv\u00e9 \u00fazem\u00ed \u0161iky p\u0159ist\u011bhovalc\u016f, rozhoduj\u00ed tedy bez n\u00e1s i o n\u00e1s. Proto m\u00e1me pr\u00e1vo suspendovat schengenskou dohodu a za\u010d\u00edt svou hranici h\u00e1jit.<\/p>\n<p><strong>Prezident Milo\u0161 Zeman ned\u00e1vno o imigrantech \u0159ekl: \u201eKa\u017ed\u00fd m\u00e1 \u017e\u00edt ve sv\u00e9 p\u016fvodn\u00ed zemi. N\u011bco jin\u00e9ho je cestovat a pozn\u00e1vat jin\u00e9 kultury a n\u011bco jin\u00e9ho ve sv\u00e9 p\u016fvodn\u00ed vlasti pro jej\u00ed prosp\u011bch pracovat. Mysl\u00edm, \u017ee tito lid\u00e9 by m\u011bli \u017e\u00edt ve sv\u00fdch zem\u00edch, tam praktikovat svoje n\u00e1bo\u017eenstv\u00ed a nepokou\u0161et se naru\u0161ovat norm\u00e1ln\u00ed \u017eivot v zem\u00edch, kter\u00e9 maj\u00ed jinou kulturu.\u201c Co si o tom mysl\u00edte?<\/strong><\/p>\n<p>Lid\u00e9 se st\u011bhovali odjak\u017eiva. I do zem\u00ed s jinou kulturou. Probl\u00e9mem dne\u0161ka je pr\u00e1v\u011b ta masovost, nab\u00fdvaj\u00edc\u00ed destruktivn\u00edch rozm\u011br\u016f z doby st\u011bhov\u00e1n\u00ed n\u00e1rod\u016f a p\u00e1du \u0158\u00edma, plus ona zm\u00edn\u011bn\u00e1 demont\u00e1\u017e na\u0161ich dom\u00e1c\u00edch kulturn\u00edch hodnot.<\/p>\n<p><strong>Zeman pot\u00e9 p\u0159ist\u011bhovalc\u016fm vzk\u00e1zal: \u201e\u0158ekl bych jim: Pokud nedok\u00e1\u017eete p\u0159ijmout pravidla hostitelsk\u00e9 zem\u011b, a vra\u017ed\u011bn\u00ed novin\u00e1\u0159\u016f rozhodn\u011b nen\u00ed p\u0159ij\u00edm\u00e1n\u00ed pravidel, vra\u0165te se dom\u016f do sv\u00e9 p\u016fvodn\u00ed vlasti.\u201c Co si mysl\u00edte o mo\u017en\u00e9 repatriaci nep\u0159izp\u016fsobiv\u00fdch \u010di krimin\u00e1ln\u011b \u017eij\u00edc\u00edch imigrant\u016f?<\/strong><\/p>\n<p>\u017de se to snadno vyhla\u0161uje a h\u016f\u0159 ud\u011bl\u00e1. N\u011bjak jsem si nev\u0161iml, \u017ee by ho poslechli.<\/p>\n<p><strong>Jak se d\u00edv\u00e1te na po\u017eadavky muslim\u016f, aby se v \u010cesk\u00e9 republice stav\u011bly me\u0161ity? Nen\u00ed zvl\u00e1\u0161tn\u00ed, \u017ee v muslimsk\u00fdch zem\u00edch je v\u011bt\u0161inou zak\u00e1z\u00e1no stav\u011bt kostely a ty, kter\u00e9 tam stoj\u00ed, jsou v posledn\u00ed dob\u011b vypalov\u00e1ny a lehaj\u00ed popelem? Nem\u011bla by existovat n\u011bjak\u00e1 reciprocita? A chceme v\u016fbec, aby v na\u0161em kulturn\u011b-civiliza\u010dn\u00edm prost\u0159ed\u00ed takov\u00e9 stavby byly? Pat\u0159\u00ed sem? Co kdyby t\u0159eba tady vedle katedr\u00e1ly svat\u00e9ho V\u00edta st\u00e1la me\u0161ita?<\/strong><\/p>\n<p>Na sv\u00e9m pozemku si podle m\u011b ka\u017ed\u00fd m\u016f\u017ee postavit t\u0159eba pagodu. Zachovejme si chladnou hlavu a nepodl\u00e9hejme pogromistick\u00fdm n\u00e1lad\u00e1m.<\/p>\n<p><strong>Z hlediska isl\u00e1mu a imigrace se debatuje nyn\u00ed hlavn\u011b o terorismu, ale nen\u00ed probl\u00e9mem tak\u00e9 to, \u017ee vznikaj\u00ed ghetta, kde jsou p\u0159ist\u011bhovaleck\u00e9 komunity izolovan\u00e9, je tam velk\u00e1 kriminalita, v N\u011bmecku mezi tureckou komunitou jsou vra\u017edy ze cti, ve Skandin\u00e1vii je vlna zn\u00e1sil\u0148ov\u00e1n\u00ed Evropanek p\u0159ist\u011bhovalci, ve m\u011bstech Francie a dal\u0161\u00edch st\u00e1t\u016f existuj\u00ed p\u0159ist\u011bhovaleck\u00e9 no-go z\u00f3ny, kam se p\u016fvodn\u00ed obyvatelstvo boj\u00ed vstoupit, v Pa\u0159\u00ed\u017ei ho\u0159\u00ed auta, v t\u00e9to komunit\u011b je velk\u00e1 nezam\u011bstnanost. Nen\u00ed toto dal\u0161\u00ed aspekt, kde politika multikulturalismu a politika integrace selhaly a selh\u00e1vaj\u00ed?<\/strong><\/p>\n<p>To nesouvis\u00ed pouze s kulturn\u00ed tradic\u00ed, ale pr\u00e1v\u011b se zlo\u010dinnou soci\u00e1ln\u00ed politikou. P\u0159ist\u011bhovalci nemusej\u00ed pracovat, jsou v izolaci a nemaj\u00ed pot\u0159ebu ani nutnost se jakkoli integrovat. A to je \u017eivn\u00e1 p\u016fda pro extr\u00e9mn\u00ed postoje. Nic takov\u00e9ho v jin\u00fdch stalet\u00edch nebylo, lid\u00e9 p\u0159ich\u00e1zeli za prac\u00ed a obchodem a tak to bylo v po\u0159\u00e1dku.<\/p>\n<p><strong>B\u00fdval\u00fd spolupracovn\u00edk americk\u00e9ho prezidenta Ronalda Reagana Pat Buchanan ji\u017e p\u0159ed \u010dasem napsal knihu Smrt Z\u00e1padu, kde varuje, \u017ee z\u00e1padn\u00ed civilizaci kv\u016fli masov\u00e9 imigraci, vym\u00edr\u00e1n\u00ed populace z\u00e1padn\u00edch n\u00e1rod\u016f a opu\u0161t\u011bn\u00ed k\u0159es\u0165ansk\u00fd hodnot a jejich nahrazov\u00e1n\u00ed neomarxistick\u00fdmi idejemi homosexualismu, feminismu, gender, politick\u00e9 korektnosti a podobn\u011b hroz\u00ed z\u00e1nik. Co si o tom mysl\u00edte?<\/strong><\/p>\n<p>V\u017edy\u0165 v\u00e1m \u0159\u00edk\u00e1m tot\u00e9\u017e. Jen bych obr\u00e1til to po\u0159ad\u00ed: imigraci bych dal a\u017e na konec. A vym\u00edr\u00e1n\u00ed? To n\u00e1m nehroz\u00ed, ve st\u0159edov\u011bku p\u0159i epidemi\u00edch poum\u00edrala t\u0159eba t\u0159etina obyvatel a civilizaci to nezni\u010dilo.<\/p>\n<p><strong>Nezd\u00e1 se v\u00e1m tro\u0161ku paradoxn\u00ed, \u017ee neomarxistick\u00e1 levice ovl\u00e1daj\u00edc\u00ed EU na jedn\u00e9 stran\u011b podporuje homosexu\u00e1ly a feministky a na druh\u00e9 stran\u011b podporuje i imigranty a muslimy, kte\u0159\u00ed, kdy\u017e p\u0159evezmou moc, nebudou se \u017eenami a homosexu\u00e1ly podle pr\u00e1va \u0161ar\u00eda nakl\u00e1dat zrovna v rukavi\u010dk\u00e1ch?<\/strong><\/p>\n<p>Paradoxn\u00ed? V\u016fbec ne. Mysl\u00ed si, \u017ee zformuje novou spole\u010dnost podle sv\u00fdch p\u0159edstav. A mo\u017en\u00e1 chce k\u0159\u00ed\u017een\u00edm vytvo\u0159it i novou rasu bez ko\u0159en\u016f, jde o dal\u0161\u00ed generaci eugeniky.<\/p>\n<p><strong>Sociolog Petr Hampl \u0159ekl, \u017ee pokud se probl\u00e9m imigrace nebude \u0159e\u0161it, bu\u010f dojde k postupn\u00e9 islamizaci, pomal\u00e9mu uva\u0159en\u00ed \u017e\u00e1by, nebo se to bude eskalovat a dojde na ob\u010danskou v\u00e1lku v ulic\u00edch Evropy. Sice tu byl teroristick\u00fd \u00fatok v Pa\u0159\u00ed\u017ei, ale v r\u00e1mci silvestra a Nov\u00e9ho roku v Pa\u0159\u00ed\u017ei sho\u0159\u00ed tis\u00edc aut&#8230;<\/strong><\/p>\n<p>V\u017edy\u0165 u\u017e to tu v Evrop\u011b m\u00e1me. Jen k n\u00e1m do \u010ceska to p\u0159ijde pozd\u011bji.<\/p>\n<p><strong>B\u00fdval\u00fd prezident V\u00e1clav Klaus se ned\u00e1vno se\u0161el s Marine Le Penovou. Co si o n\u00ed mysl\u00edte? A m\u00e1 podle v\u00e1s \u0161anci v\u00fdrazn\u011bji zm\u011bnit Francii?<\/strong><\/p>\n<p>\u017d\u00e1dn\u00fd politik zemi nezm\u011bn\u00ed. To zm\u011bn\u00ed jen lid\u00e9 zdola, t\u0159eba i t\u00edm, koho vol\u00ed, ale hlavn\u011b t\u00edm, jak\u00e9 hodnoty vyzn\u00e1vaj\u00ed a h\u00e1j\u00ed. Bez transformace uvnit\u0159 spole\u010dnosti se nezm\u011bn\u00ed nic, na to je ka\u017ed\u00fd politik kr\u00e1tk\u00fd. Nicm\u00e9n\u011b jej\u00ed popularita je sign\u00e1lem, \u017ee lid\u00e9 necht\u011bj\u00ed kr\u00e1\u010det d\u00e1l po cest\u011b \u00fapadku.<\/p>\n<p><a href=\"http:\/\/www.parlamentnilisty.cz\/arena\/rozhovory\/Na-Klause-mirili-pistolemi-prozradil-Jakl-Rozhodne-nepodcenuji-nebezpeci-saracenskych-najezdniku-Tohle-si-k-nam-nedovolil-ani-Sovetsky-svaz-EU-ano-377006\" target=\"_blank\">Zdroj<\/a><\/p>\n","protected":false},"excerpt":{"rendered":"<p>Rozhodn\u011b nepodce\u0148uji nebezpe\u010d\u00ed sarac\u00e9nsk\u00fdch n\u00e1jezdn\u00edk\u016f. Tohle si k n\u00e1m nedovolil ani Sov\u011btsk\u00fd svaz, EU ano.<\/p>\n","protected":false},"author":1,"featured_media":0,"comment_status":"open","ping_status":"open","sticky":false,"template":"","format":"standard","meta":{"ngg_post_thumbnail":0,"footnotes":""},"categories":[13],"tags":[],"class_list":["post-5825","post","type-post","status-publish","format-standard","hentry","category-rozhovory"],"_links":{"self":[{"href":"https:\/\/www.ladislavjakl.cz\/index.php?rest_route=\/wp\/v2\/posts\/5825","targetHints":{"allow":["GET"]}}],"collection":[{"href":"https:\/\/www.ladislavjakl.cz\/index.php?rest_route=\/wp\/v2\/posts"}],"about":[{"href":"https:\/\/www.ladislavjakl.cz\/index.php?rest_route=\/wp\/v2\/types\/post"}],"author":[{"embeddable":true,"href":"https:\/\/www.ladislavjakl.cz\/index.php?rest_route=\/wp\/v2\/users\/1"}],"replies":[{"embeddable":true,"href":"https:\/\/www.ladislavjakl.cz\/index.php?rest_route=%2Fwp%2Fv2%2Fcomments&post=5825"}],"version-history":[{"count":1,"href":"https:\/\/www.ladislavjakl.cz\/index.php?rest_route=\/wp\/v2\/posts\/5825\/revisions"}],"predecessor-version":[{"id":5826,"href":"https:\/\/www.ladislavjakl.cz\/index.php?rest_route=\/wp\/v2\/posts\/5825\/revisions\/5826"}],"wp:attachment":[{"href":"https:\/\/www.ladislavjakl.cz\/index.php?rest_route=%2Fwp%2Fv2%2Fmedia&parent=5825"}],"wp:term":[{"taxonomy":"category","embeddable":true,"href":"https:\/\/www.ladislavjakl.cz\/index.php?rest_route=%2Fwp%2Fv2%2Fcategories&post=5825"},{"taxonomy":"post_tag","embeddable":true,"href":"https:\/\/www.ladislavjakl.cz\/index.php?rest_route=%2Fwp%2Fv2%2Ftags&post=5825"}],"curies":[{"name":"wp","href":"https:\/\/api.w.org\/{rel}","templated":true}]}}