{"id":583,"date":"2010-10-07T13:50:20","date_gmt":"2010-10-07T12:50:20","guid":{"rendered":"http:\/\/www.ladislavjakl.cz\/?p=583"},"modified":"2010-10-07T13:50:41","modified_gmt":"2010-10-07T12:50:41","slug":"se-zlobi-na-sve-verne-ze-zmenili-nazor-na-kaplickeho-blob","status":"publish","type":"post","link":"https:\/\/www.ladislavjakl.cz\/?p=583","title":{"rendered":"Klaus se zlob\u00ed na sv\u00e9 v\u011brn\u00e9, \u017ee zm\u011bnili n\u00e1zor na Kaplick\u00e9ho blob"},"content":{"rendered":"<p>Klaus se zlob\u00ed na sv\u00e9 v\u011brn\u00e9, \u017ee zm\u011bnili n\u00e1zor na Kaplick\u00e9ho blob PRAHA U\u017e zase hroz\u00ed, \u017ee V\u00e1clav Klaus bude mazat ve sv\u00e9m mobilu. Tentokr\u00e1t sv\u00e9ho velk\u00e9ho stoupence, poslance a \u0161\u00e9fa pra\u017esk\u00e9 ODS Borise \u0160\u0165astn\u00e9ho.<!--more--><\/p>\n<p>Ten u\u017e m\u00e1 v mobilu des\u00edtky &#8222;vyt\u00fdkac\u00edch&#8220; esemesek z Pra\u017esk\u00e9ho hradu, a to jak od prezidenta, tak od Klausova poradce Petra H\u00e1jka.<\/p>\n<p>\u0160\u0165astn\u00fd si sv\u00e9ho guru rozl\u00edtil dv\u011bma v\u011bcmi. Jednak t\u00edm, \u017ee \u00fapln\u011b oto\u010dil n\u00e1zor pra\u017esk\u00e9 ODS a za\u010dal vehementn\u011b podporovat v\u00fdstavbu Kaplick\u00e9ho knihovny.<\/p>\n<p>A jednak t\u00edm, \u017ee kritizoval hlavu st\u00e1tu za \u00fa\u010dast na otev\u0159en\u00ed roz\u0161\u00ed\u0159en\u00e9 fabriky na cigarety a p\u0159irovnal to k &#8222;otev\u0159en\u00ed tov\u00e1rny na smrt&#8220;.<\/p>\n<p>&#8222;Tento n\u00e1zorov\u00fd rozd\u00edl v\u0161ak rozhodn\u011b na\u0161e vztahy nenaru\u0161\u00ed. Nejde o v\u00fdtky, ale sp\u00ed\u0161e o \u017eertov\u00e1n\u00ed,&#8220; \u0159\u00edk\u00e1 k tomu Boris \u0160\u0165astn\u00fd. &#8222;P\u0159ece \u010d\u00edm v\u00edce si \u010dlov\u011bka v\u00e1\u017e\u00edte, t\u00edm v\u00edce respektujete opa\u010dn\u00fd postoj.&#8220; A p\u0159ipom\u00edn\u00e1, \u017ee on osobn\u011b na rozd\u00edl od koleg\u016f ve stran\u011b n\u00e1zor nezm\u011bnil &#8211; Kaplick\u00e9ho chobotnici podporoval v\u017edy a proti kou\u0159en\u00ed bojuje dlouh\u00e1 l\u00e9ta.<\/p>\n<p>Mu\u017ei z Hradu k\u00e1raj\u00ed \u0160\u0165astn\u00e9ho hlavn\u011b za podporu blobu. V SMS zpr\u00e1v\u00e1ch argumentuj\u00ed, \u017ee podpora knihovny nov\u00e9 voli\u010de nep\u0159il\u00e1k\u00e1 a \u017ee &#8222;Havlovi intou\u0161ov\u00e9&#8220; to stejn\u011b neocen\u00ed, sp\u00ed\u0161e se ODS vysm\u011bj\u00ed za \u00fa\u010delovou p\u0159edvolebn\u00ed zm\u011bnu n\u00e1zoru. Spor je o to pikantn\u011bj\u0161\u00ed, \u017ee \u0160\u0165astn\u00fd pat\u0159\u00ed k dlouhodob\u00fdm nejloaj\u00e1ln\u011bj\u0161\u00edm Klausov\u00fdm spojenc\u016fm.<\/p>\n<p>Ze strany V\u00e1clava Klause, jen\u017e nyn\u00ed pos\u00edl\u00e1 Borisi \u0160\u0165astn\u00e9mu vyt\u00fdkac\u00ed SMS, p\u016fjde z\u0159ejm\u011b opravdu jen o \u0161k\u00e1dlen\u00ed. Oba jsou letit\u00fdmi p\u0159\u00e1teli. \u0160\u0165astn\u00fd mu radil se zdravotnictv\u00edm nebo s webov\u00fdmi str\u00e1nkami.<\/p>\n<p>V minul\u00e9m volebn\u00edm obdob\u00ed, kdy byl premi\u00e9rem a \u0161\u00e9fem ODS Klaus\u016fv oponent Mirek Topol\u00e1nek, byl \u0160\u0165astn\u00fd kv\u016fli p\u0159\u00e1telstv\u00ed s prezidentem vyvr\u017eencem ve sv\u00e9 stran\u011b. Topol\u00e1nek si ho ob\u010das dob\u00edral, kdy a jak rychle hl\u00e1s\u00ed obsah sch\u016fz\u00ed na Hrad. Te\u010f \u0160\u0165astn\u00fd svou vehemenc\u00ed, jakou podporuje Kaplick\u00e9ho knihovnu, sv\u00e9 p\u0159\u00e1tele na Hrad\u011b zasko\u010dil. V\u017edy\u0165 chobotnice v Praze nestoj\u00ed hlavn\u011b kv\u016fli ODS, kter\u00e1 ji zarazila v podstat\u011b a\u017e na Klaus\u016fv pokyn. Dokud se k n\u00ed prezident nevyj\u00e1d\u0159il kriticky, nikomu nevadila. Pak se z n\u00ed stal nen\u00e1vid\u011bn\u00fd &#8222;chrchel&#8220;. To bylo za Pavla B\u00e9ma. Dnes ji strana d\u00edky \u0160\u0165astn\u00e9mu podporuje &#8211; a mu\u017ei z Hradu nazna\u010duj\u00ed,<\/p>\n<p>\u017ee kv\u016fli tomu nebudou ODS rad\u011bji v\u016fbec volit. &#8222;Pokud dnes n\u011bjak\u00e1 strana hodl\u00e1 za ve\u0159ejn\u00e9 miliardy prosadit stavbu bakelitov\u00e9 barevn\u00e9 \u010depice, kter\u00e1 se d\u00e1 posadit na cokoli bez vztahu k \u00fa\u010delu, pak je pro m\u011b nevoliteln\u00e1,&#8220; \u0159\u00edk\u00e1 prezident\u016fv tajemn\u00edk a \u0161\u00e9fporadce Ladislav Jakl.<\/p>\n<p>Zmiz\u00ed tedy jm\u00e9no Boris \u0160\u0165astn\u00fd z prezidentova mobilu, podobn\u011b jako d\u0159\u00edve n\u011bkolik politik\u016f z ODS? Kv\u016fli tomuhle ur\u010dit\u011b ne, v\u017edy\u0165 V\u00e1clav Klaus si po leto\u0161n\u00edch volb\u00e1ch p\u0159\u00e1l, aby se \u0160\u0165astn\u00fd stal ministrem zdravotnictv\u00ed nebo kandid\u00e1tem ODS na pra\u017esk\u00e9ho prim\u00e1tora. Legend\u00e1rn\u00ed SMS &#8222;ma\u017eu si v\u00e1s z mobilu&#8220; rozes\u00edlal prezident n\u011bkolika ob\u010dansk\u00fdm demokrat\u016fm p\u0159ed dv\u011bma roky, kdy\u017e stranu definitivn\u011b opustil po sporech sMirkem Topol\u00e1nkem. Poslal ji tehdej\u0161\u00edmu ministrovi vnitra a m\u00edstop\u0159edsedovi ODS Ivanu Langerovi, \u00fadajn\u011b i Petru Ne\u010dasovi a Martinu \u0158\u00edmanovi. Prvn\u00ed je dnes premi\u00e9r a druh\u00fd premi\u00e9r\u016fv \u0161\u00e9fporadce.<\/p>\n<p>***<\/p>\n<p>&#8222;Pokud n\u011bjak\u00e1 strana hodl\u00e1 za ve\u0159ejn\u00e9 miliardy prosadit stavbu bakelitov\u00e9 barevn\u00e9 \u010depice, pak je pro m\u011b nevoliteln\u00e1.&#8220; Ladislav Jakl tajemn\u00edk prezidenta<\/p>\n<p>MfDnes 5.10.2010<\/p>\n","protected":false},"excerpt":{"rendered":"<p>Klaus se zlob\u00ed na sv\u00e9 v\u011brn\u00e9, \u017ee zm\u011bnili n\u00e1zor na Kaplick\u00e9ho blob PRAHA U\u017e zase hroz\u00ed, \u017ee V\u00e1clav Klaus bude mazat ve sv\u00e9m mobilu. Tentokr\u00e1t sv\u00e9ho velk\u00e9ho stoupence, poslance a \u0161\u00e9fa pra\u017esk\u00e9 ODS Borise \u0160\u0165astn\u00e9ho.<\/p>\n","protected":false},"author":1,"featured_media":0,"comment_status":"open","ping_status":"open","sticky":false,"template":"","format":"standard","meta":{"ngg_post_thumbnail":0,"footnotes":""},"categories":[11],"tags":[],"class_list":["post-583","post","type-post","status-publish","format-standard","hentry","category-ozvena"],"_links":{"self":[{"href":"https:\/\/www.ladislavjakl.cz\/index.php?rest_route=\/wp\/v2\/posts\/583","targetHints":{"allow":["GET"]}}],"collection":[{"href":"https:\/\/www.ladislavjakl.cz\/index.php?rest_route=\/wp\/v2\/posts"}],"about":[{"href":"https:\/\/www.ladislavjakl.cz\/index.php?rest_route=\/wp\/v2\/types\/post"}],"author":[{"embeddable":true,"href":"https:\/\/www.ladislavjakl.cz\/index.php?rest_route=\/wp\/v2\/users\/1"}],"replies":[{"embeddable":true,"href":"https:\/\/www.ladislavjakl.cz\/index.php?rest_route=%2Fwp%2Fv2%2Fcomments&post=583"}],"version-history":[{"count":2,"href":"https:\/\/www.ladislavjakl.cz\/index.php?rest_route=\/wp\/v2\/posts\/583\/revisions"}],"predecessor-version":[{"id":585,"href":"https:\/\/www.ladislavjakl.cz\/index.php?rest_route=\/wp\/v2\/posts\/583\/revisions\/585"}],"wp:attachment":[{"href":"https:\/\/www.ladislavjakl.cz\/index.php?rest_route=%2Fwp%2Fv2%2Fmedia&parent=583"}],"wp:term":[{"taxonomy":"category","embeddable":true,"href":"https:\/\/www.ladislavjakl.cz\/index.php?rest_route=%2Fwp%2Fv2%2Fcategories&post=583"},{"taxonomy":"post_tag","embeddable":true,"href":"https:\/\/www.ladislavjakl.cz\/index.php?rest_route=%2Fwp%2Fv2%2Ftags&post=583"}],"curies":[{"name":"wp","href":"https:\/\/api.w.org\/{rel}","templated":true}]}}