{"id":586,"date":"2010-10-07T13:52:20","date_gmt":"2010-10-07T12:52:20","guid":{"rendered":"http:\/\/www.ladislavjakl.cz\/?p=586"},"modified":"2010-10-07T13:52:20","modified_gmt":"2010-10-07T12:52:20","slug":"klaus-skodi-cr-tvrdi-europoslanci-cssd","status":"publish","type":"post","link":"https:\/\/www.ladislavjakl.cz\/?p=586","title":{"rendered":"Klaus \u0161kod\u00ed \u010cR, tvrd\u00ed europoslanci \u010cSSD"},"content":{"rendered":"<p>Europoslanci soc. dem. se v\u010dera pustili do prezidenta V\u00e1clava Klause kv\u016fli kritice nov\u011b p\u0159ijat\u00e9 regulace finan\u010dn\u00edch trh\u016f EU.<\/p>\n<p><!--more-->Klaus v pond\u011bl\u00ed p\u0159ed summitem v Bruselu \u0159ekl: &#8222;To je podle m\u00e9ho n\u00e1zoru cesta k z\u00e1hub\u011b.&#8220; Podle \u0161\u00e9fa euroklubu \u010cSSD Ji\u0159\u00edho Havla to je mraziv\u00fd vzkaz cel\u00e9 EU: &#8222;Klausova slova m\u011bla zjevn\u011b za c\u00edl se p\u0159ipomenout v roli kr\u00e1le euroskeptik\u016f mezi \u00fa\u010dastn\u00edky summitu.&#8220; Klause d\u00e1le obvinil z po\u0161kozov\u00e1n\u00ed zem\u011b a dodal: &#8222;Prezident, kter\u00e9ho z\u00e1padoevropsk\u00e9 prot\u011bj\u0161ky ok\u00e1zale ignoruj\u00ed, m\u00e1 pro pozici zem\u011b hodnotu trnov\u00e9 koruny.&#8220; Podle Havla Klausova politika v 90. letech &#8222;umo\u017enila rozkraden\u00ed rozs\u00e1hl\u00fdch objem\u016f ve\u0159ejn\u00e9ho majetku stejn\u011b jako soukrom\u00fdch privatiza\u010dn\u00edch investic. Pro zahrani\u010dn\u00ed investory byl V\u00e1clav Klaus zt\u011blesn\u011bn\u00edm katastrofy.&#8220;<\/p>\n<p>Prezident\u016fv tajemn\u00edk Ladislav Jakl reagoval: &#8222;P\u0159ehl\u00e9dnout nelze re\u00e1ln\u00e9 ekonomick\u00e9 \u00fasp\u011bchy, kter\u00e9 nesou Stalinovu pe\u010de\u0165, napsal Ji\u0159\u00ed Havel do skript vydan\u00fdch V\u0160E v roce 1988. Pak nen\u00ed divu, \u017ee pan Havel nem\u016f\u017ee hodnotit kladn\u011b p\u0159\u00ednos prezidenta V\u00e1clava Klause. M\u00e1 prost\u011b trochu jin\u00fd vkus.&#8220;<\/p>\n<p>Zdroj:\u00a0Pr\u00e1vo Datum:\u00a007.10.2010<\/p>\n","protected":false},"excerpt":{"rendered":"<p>Europoslanci soc. dem. se v\u010dera pustili do prezidenta V\u00e1clava Klause kv\u016fli kritice nov\u011b p\u0159ijat\u00e9 regulace finan\u010dn\u00edch trh\u016f EU.<\/p>\n","protected":false},"author":1,"featured_media":0,"comment_status":"open","ping_status":"open","sticky":false,"template":"","format":"standard","meta":{"ngg_post_thumbnail":0,"footnotes":""},"categories":[11],"tags":[],"class_list":["post-586","post","type-post","status-publish","format-standard","hentry","category-ozvena"],"_links":{"self":[{"href":"https:\/\/www.ladislavjakl.cz\/index.php?rest_route=\/wp\/v2\/posts\/586","targetHints":{"allow":["GET"]}}],"collection":[{"href":"https:\/\/www.ladislavjakl.cz\/index.php?rest_route=\/wp\/v2\/posts"}],"about":[{"href":"https:\/\/www.ladislavjakl.cz\/index.php?rest_route=\/wp\/v2\/types\/post"}],"author":[{"embeddable":true,"href":"https:\/\/www.ladislavjakl.cz\/index.php?rest_route=\/wp\/v2\/users\/1"}],"replies":[{"embeddable":true,"href":"https:\/\/www.ladislavjakl.cz\/index.php?rest_route=%2Fwp%2Fv2%2Fcomments&post=586"}],"version-history":[{"count":1,"href":"https:\/\/www.ladislavjakl.cz\/index.php?rest_route=\/wp\/v2\/posts\/586\/revisions"}],"predecessor-version":[{"id":587,"href":"https:\/\/www.ladislavjakl.cz\/index.php?rest_route=\/wp\/v2\/posts\/586\/revisions\/587"}],"wp:attachment":[{"href":"https:\/\/www.ladislavjakl.cz\/index.php?rest_route=%2Fwp%2Fv2%2Fmedia&parent=586"}],"wp:term":[{"taxonomy":"category","embeddable":true,"href":"https:\/\/www.ladislavjakl.cz\/index.php?rest_route=%2Fwp%2Fv2%2Fcategories&post=586"},{"taxonomy":"post_tag","embeddable":true,"href":"https:\/\/www.ladislavjakl.cz\/index.php?rest_route=%2Fwp%2Fv2%2Ftags&post=586"}],"curies":[{"name":"wp","href":"https:\/\/api.w.org\/{rel}","templated":true}]}}