{"id":5884,"date":"2015-06-19T14:31:24","date_gmt":"2015-06-19T12:31:24","guid":{"rendered":"http:\/\/www.ladislavjakl.cz\/?p=5884"},"modified":"2015-06-19T14:31:24","modified_gmt":"2015-06-19T12:31:24","slug":"novy-polsky-prezident-staronove-polsko","status":"publish","type":"post","link":"https:\/\/www.ladislavjakl.cz\/?p=5884","title":{"rendered":"Nov\u00fd polsk\u00fd prezident \u2013 staronov\u00e9 Polsko?"},"content":{"rendered":"<p>Polsk\u00e9 prezidentsk\u00e9 volby p\u0159inesly nomin\u00e1ln\u011b nov\u00e9ho prezidenta. V\u00a0jist\u00e9m smyslu ale sp\u00ed\u0161e vr\u00e1tily Polsku prezidenta star\u00e9ho, zat\u00edmco toho opravdu nov\u00e9ho, kter\u00fd v\u00a0Belvederu \u00fa\u0159adoval posledn\u00edch p\u011bt let, se rozhodlo odm\u00edtnout. Proto\u017ee Andrzej Duda p\u0159es sv\u00e9 ml\u00e1d\u00ed a politickou neokoukanost reprezentuje daleko v\u00edce star\u00e9 dobr\u00e9 Polsko, Polsko tradi\u010dn\u00ed, Polsko hrd\u00e9 na sv\u00e9 ko\u0159eny. Takov\u00e9, kter\u00e9 dlouh\u00e1 l\u00e9ta reprezentovali brat\u0159i Kaczyn\u0161t\u00ed.<\/p>\n<p><!--more--><\/p>\n<p>Co tyto volby p\u0159inesou evropsk\u00e9 politice? P\u0159ich\u00e1z\u00ed s\u00a0nimi n\u011bjak\u00e1 celoevropsk\u00e1 zm\u011bna? V\u00a0tomto smyslu bych byl s\u00a0hodnocen\u00edm zat\u00edm velice opatrn\u00fd. Jist\u011b, Polsko je v\u00fdznamnou evropskou silou a zm\u011bna ve var\u0161avsk\u00e9m prezidentsk\u00e9m \u00fa\u0159ad\u011b nem\u016f\u017ee nem\u00edt n\u011bjak\u00e9 dopady na evropskou realitu. Pod\u00edvejme se ale na jednotliv\u00e9 aspekty ideov\u00e9ho vybaven\u00ed, kter\u00e9 p\u0159ich\u00e1zej\u00ed s\u00a0Dudou.<\/p>\n<p>Ubere Polsko na rychlosti destrukce tradi\u010dn\u00edho hodnotov\u00e9ho syst\u00e9mu, ubere na levicov\u011b liber\u00e1ln\u00edm \u00faprku pry\u010d od sv\u00fdch kulturn\u00edch ko\u0159en\u016f? Zcela jist\u011b ubere. Ne kv\u016fli s\u00edle kompetenc\u00ed nov\u00e9ho prezidenta, ale kv\u016fli s\u00edle jeho mand\u00e1tu, kv\u016fli s\u00edle probuzen\u00e9 \u010d\u00e1sti ve\u0159ejnosti, kter\u00e1 mu pomohla zv\u00edt\u011bzit. A polsk\u00e1 reprezentace nebude moci tuto novou skute\u010dnost ignorovat ani p\u0159i vyjedn\u00e1v\u00e1n\u00ed o t\u011bchto v\u011bcech na unijn\u00ed \u00farovni.<\/p>\n<p>Ubere Polsko na sv\u00e9m trendu b\u00fdt jistou lok\u00e1ln\u00ed velmoc\u00ed, ubere na sv\u00fdch ambic\u00edch m\u00edt od Bruselu, Berl\u00edna a Washingtonu volnou ruku nad celou nebalk\u00e1nskou \u010d\u00e1st\u00ed postkomunistick\u00e9 Evropy v\u010detn\u011b B\u011bloruska, Ukrajiny, Pobalt\u00ed, \u010ceska, Slovenska, Ma\u010farska a Moldavska? Zcela jist\u011b neubere. Dne\u0161n\u00ed Polsko je p\u0159esv\u011bd\u010deno, \u017ee na dominanci v\u00a0tomto prostoru m\u00e1 mor\u00e1ln\u00ed a historick\u00e9 pr\u00e1vo a p\u0159edev\u0161\u00edm aktu\u00e1ln\u00ed s\u00edlu. Jak se to projev\u00ed? P\u0159edev\u0161\u00edm hran\u00ed vlastn\u00ed z\u00e1jmovou kartou.<\/p>\n<p>Ubere Polsko na servilit\u011b v\u016f\u010di Berl\u00ednu a Bruselu, v\u016f\u010di bezhlav\u00e9mu a zk\u00e1zonosn\u00e9mu trendu evropsk\u00e9 unifikace? Ubere. Dudu zvolily s\u00edly, kter\u00fdm Buzkov\u00e9, Tuskov\u00e9 a Komorow\u0161t\u00ed p\u0159ipadaj\u00ed v\u00edce jako agenti ciz\u00edch z\u00e1jmov\u00fdch sil ne\u017e jako patrioti. A nejen to. S\u00a0Dudou jist\u011b p\u0159ijde nejen siln\u011bj\u0161\u00ed akcent na h\u00e1jen\u00ed vlastn\u00edch z\u00e1jm\u016f na p\u016fd\u011b unijn\u00edch instituc\u00ed, ale i na obranu demokratick\u00fdch princip\u016f p\u0159i unijn\u00edch rozhodovac\u00edch procesech. Zde v\u0161ichni, kte\u0159\u00ed se nesmi\u0159uj\u00ed s\u00a0demokratick\u00fdm deficitem unijn\u00edch instituc\u00ed, z\u00edsk\u00e1vaj\u00ed (staro)nov\u00e9ho, siln\u00e9ho a sebev\u011bdom\u00e9ho spojence.<\/p>\n<p>Ubere Polsko na sv\u00e9 politice b\u00fdt americkou nepotopitelnou lod\u00ed v\u00a0na\u0161\u00ed oblasti a na politice h\u00e1jen\u00ed americk\u00fdch z\u00e1jm\u016f v\u00a0regionu v\u00fdm\u011bnou za americkou podporu v\u00a0mnoha strategick\u00fdch oblastech? Neubere. Mo\u017en\u00e1 sp\u00ed\u0161e naopak. U\u017e proto, \u017ee jedna z\u00a0d\u016fle\u017eit\u00fdch polsk\u00fdch zahrani\u010dn\u011b-politick\u00fdch doktr\u00edn stav\u00ed na fikci, \u017ee v\u011brnost Americe se vr\u00e1t\u00ed, a\u017e bude Polsko pot\u0159ebovat oporu p\u0159i rivalit\u011b s\u00a0N\u011bmeckem. Nevr\u00e1t\u00ed, proto\u017ee USA se nakonec v\u017edy i p\u0159es hlavu Polska se sv\u00fdmi hlavn\u00edmi evropsk\u00fdmi partery dohodnou a sv\u00e9 nejv\u011brn\u011bj\u0161\u00ed Pol\u00e1ky hod\u00ed p\u0159es palubu.<\/p>\n<p>Ubere Polsko na vyost\u0159en\u011b nep\u0159\u00e1telsk\u00e9m a apriorn\u011b militantn\u00edm postoji k\u00a0Rusku? Neubere. Mo\u017en\u00e1 bude rezervovan\u011bj\u0161\u00ed ve vztaz\u00edch s\u00a0moment\u00e1ln\u00edmi vl\u00e1dci v\u00a0Kyjev\u011b, proto\u017ee o t\u011bch si Polsko ned\u011bl\u00e1 iluze a nem\u00e1 zapot\u0159eb\u00ed se jimi nechat p\u0159\u00edli\u0161 kompromitovat (v tom bude Polsko pou\u010den\u011bj\u0161\u00ed ne\u017e cel\u00e1 unijn\u00ed reprezentace). To ale nic nezm\u011bn\u00ed na \u010d\u00e1ste\u010dn\u011b tradi\u010dn\u00ed a \u010d\u00e1ste\u010dn\u011b aktu\u00e1ln\u011b taktick\u00e9 antirusk\u00e9 n\u00e1lad\u011b polsk\u00fdch elit. Tyto elity m\u011bly mnohokr\u00e1t opr\u00e1vn\u011bn\u00fd pocit, \u017ee je v\u00a0z\u00e1padoevropsk\u00fdch metropol\u00edch neberou za sob\u011b rovn\u00e9 a pova\u017euj\u00ed je jen za \u201ejedny z\u00a0t\u011bch Slovan\u016f na V\u00fdchod\u011b\u201c. A Pol\u00e1ci bl\u00e1hov\u011b v\u011b\u0159\u00ed, \u017ee p\u0159est\u0159elen\u00e9 (tedy v\u011bt\u0161\u00ed ne\u017e opr\u00e1vn\u011bn\u00e9) antirusk\u00e9 postoje pomohou n\u00e1v\u0161t\u011bvn\u00edk\u016fm kav\u00e1ren v\u00a0evropsk\u00fdch metropol\u00edch rozli\u0161it, \u017ee nen\u00ed v\u00fdchodn\u00ed rovina jako v\u00fdchodn\u00ed rovina.<\/p>\n<p>Suma sum\u00e1rum? Polsko se pohnulo spr\u00e1vn\u00fdm sm\u011brem. Ale demontovat v\u00a0\u010dele evropsk\u00fdch euroskeptik\u016f bruselsk\u00e9 babylonsk\u00e9 v\u011b\u017ee hned tak nebude.<\/p>\n<p><em>Ps\u00e1no pro Newsletter IVK \u00a0 \u00a0 \u00a0\u00a0<\/em><\/p>\n","protected":false},"excerpt":{"rendered":"<p>Polsk\u00e9 prezidentsk\u00e9 volby p\u0159inesly nomin\u00e1ln\u011b nov\u00e9ho prezidenta. V\u00a0jist\u00e9m smyslu ale sp\u00ed\u0161e vr\u00e1tily Polsku prezidenta star\u00e9ho, zat\u00edmco toho opravdu nov\u00e9ho, kter\u00fd v\u00a0Belvederu \u00fa\u0159adoval posledn\u00edch p\u011bt let, se rozhodlo odm\u00edtnout. Proto\u017ee Andrzej Duda p\u0159es sv\u00e9 ml\u00e1d\u00ed a politickou neokoukanost reprezentuje daleko v\u00edce star\u00e9 dobr\u00e9 Polsko, Polsko tradi\u010dn\u00ed, Polsko hrd\u00e9 na sv\u00e9 ko\u0159eny. Takov\u00e9, kter\u00e9 dlouh\u00e1 l\u00e9ta reprezentovali [&hellip;]<\/p>\n","protected":false},"author":1,"featured_media":0,"comment_status":"open","ping_status":"open","sticky":false,"template":"","format":"standard","meta":{"ngg_post_thumbnail":0,"footnotes":""},"categories":[1],"tags":[],"class_list":["post-5884","post","type-post","status-publish","format-standard","hentry","category-publikovane-clanky"],"_links":{"self":[{"href":"https:\/\/www.ladislavjakl.cz\/index.php?rest_route=\/wp\/v2\/posts\/5884","targetHints":{"allow":["GET"]}}],"collection":[{"href":"https:\/\/www.ladislavjakl.cz\/index.php?rest_route=\/wp\/v2\/posts"}],"about":[{"href":"https:\/\/www.ladislavjakl.cz\/index.php?rest_route=\/wp\/v2\/types\/post"}],"author":[{"embeddable":true,"href":"https:\/\/www.ladislavjakl.cz\/index.php?rest_route=\/wp\/v2\/users\/1"}],"replies":[{"embeddable":true,"href":"https:\/\/www.ladislavjakl.cz\/index.php?rest_route=%2Fwp%2Fv2%2Fcomments&post=5884"}],"version-history":[{"count":1,"href":"https:\/\/www.ladislavjakl.cz\/index.php?rest_route=\/wp\/v2\/posts\/5884\/revisions"}],"predecessor-version":[{"id":5885,"href":"https:\/\/www.ladislavjakl.cz\/index.php?rest_route=\/wp\/v2\/posts\/5884\/revisions\/5885"}],"wp:attachment":[{"href":"https:\/\/www.ladislavjakl.cz\/index.php?rest_route=%2Fwp%2Fv2%2Fmedia&parent=5884"}],"wp:term":[{"taxonomy":"category","embeddable":true,"href":"https:\/\/www.ladislavjakl.cz\/index.php?rest_route=%2Fwp%2Fv2%2Fcategories&post=5884"},{"taxonomy":"post_tag","embeddable":true,"href":"https:\/\/www.ladislavjakl.cz\/index.php?rest_route=%2Fwp%2Fv2%2Ftags&post=5884"}],"curies":[{"name":"wp","href":"https:\/\/api.w.org\/{rel}","templated":true}]}}