{"id":5911,"date":"2015-07-09T11:29:00","date_gmt":"2015-07-09T09:29:00","guid":{"rendered":"http:\/\/www.ladislavjakl.cz\/?p=5911"},"modified":"2015-07-09T11:29:00","modified_gmt":"2015-07-09T09:29:00","slug":"chysta-se-bigbitovy-mejdan-ve-stodole","status":"publish","type":"post","link":"https:\/\/www.ladislavjakl.cz\/?p=5911","title":{"rendered":"Chyst\u00e1 se bigb\u00edtov\u00fd mejdan ve Stodole"},"content":{"rendered":"<p>Jsme o n\u011bco drsn\u011bj\u0161\u00ed a temn\u011bj\u0161\u00ed,\u201c m\u00edn\u00ed frontman Folimanky Blues Ladislav Jakl<\/p>\n<p><strong>L\u00c1ZN\u011a LIBVERDA<\/strong> \u2013 V\u00a0nov\u00e9m obsazen\u00ed doraz\u00ed v\u00a0sobotu 11. \u010dervence do klubu Stodola v\u00a0L\u00e1zn\u00edch Libverda pra\u017esk\u00e1 kapela Folimanka Blues. Naposledy ji tam lid\u00e9 sly\u0161eli v\u00a0srpnu 2012. Za tu dobu kapelu potkaly dv\u011b trag\u00e9die, ale nezastavila se a postupuje d\u00e1l. \u201eHrajeme po\u0159\u00e1d tvrd\u011bji a po\u0159\u00e1d o n\u011bco temn\u011bji a drsn\u011bji,\u201c \u0159\u00edk\u00e1 frontman kapely Ladislav Jakl. Ten jako jedin\u00fd z\u016fstal z\u00a0p\u016fvodn\u00edho obsazen\u00ed.<\/p>\n<p><!--more--><\/p>\n<p><strong>V n\u00e1zvu kapely m\u00e1te blues, ale hrajete \u010distokrevn\u00fd bigb\u00edt? Neklamete tak trochu lidi?<\/strong><\/p>\n<p>Ob\u010das n\u011bkdy v\u00a0pr\u016fb\u011bhu koncertu v\u00a0\u017eertu \u0159eknu, \u017ee po na\u0161ich produkc\u00edch chod\u00ed \u010cesk\u00e1 obchodn\u00ed inspekce a prov\u011b\u0159uje, jestli fakt hrajeme blues, a \u017ee tedy jedno povinn\u00e9 blues zahrajeme, aby z\u00a0toho nebyla pokuta. Ale jinak si v\u00e1\u017en\u011b mysl\u00edm, \u017ee blues nen\u00ed jen hudebn\u00ed forma, n\u011bjak\u00fd definovan\u00fd \u017e\u00e1nr. Je to hlavn\u011b pocit a n\u00e1lada. Je to pro\u017eitek ho\u0159kosti, citu, beznad\u011bje, trpkosti. A taky vzdoru. Je to divokost a pak kocovina. V\u00a0tom p\u0159\u00edpad\u011b jsme blues do posledn\u00ed nitky. Ostatn\u011b si mysl\u00edm, \u017ee pokud v\u00a0bigb\u00edtu nen\u00ed uvnit\u0159 blues, nen\u00ed to skute\u010dn\u00fd bigb\u00edt.<\/p>\n<p><strong>Folimanka je plnolet\u00e1 dokonce i v zem\u00edch, kde se plnoletost po\u010d\u00edt\u00e1 a\u017e od jedenadvaceti. Kolik se v n\u00ed vyst\u0159\u00eddalo muzikant\u016f a jakou cestu urazila?<\/strong><\/p>\n<p>To by bylo stra\u0161n\u011b dlouh\u00e9 pov\u00edd\u00e1n\u00ed. A \u010dasto ne zrovna vesel\u00e9. Z p\u016fvodn\u00ed sestavy jsem posledn\u00ed mezi \u017eiv\u00fdmi u\u017e jen j\u00e1, \u010dty\u0159i kamar\u00e1di u\u017e hraj\u00ed n\u011bkde nad oblaky. M\u00e1me za sebou l\u00e9ta trm\u00e1cen\u00ed, kr\u00e1sn\u00fdch ve\u010der\u016f i zklam\u00e1n\u00ed, v\u0161eho co tahle muzika p\u0159in\u00e1\u0161\u00ed. A jakou cestu? To by asi m\u011bli posoudit poslucha\u010di, pokud n\u011bjac\u00ed pam\u011btn\u00edci je\u0161t\u011b maj\u00ed pam\u011b\u0165. Asi hrajeme po\u0159\u00e1d tvrd\u011bji a po\u0159\u00e1d o n\u011bco temn\u011bji a drsn\u011bji. I ta sranda je asi je\u0161t\u011b trochu drsn\u011bj\u0161\u00ed ne\u017e d\u0159\u00edv. A v\u00edc si v\u0161eho v\u00e1\u017e\u00edme.<br \/>\n<strong><a href=\"http:\/\/www.frydlantsko.eu\/wp-content\/uploads\/2015\/07\/fb2KM_15_49.jpg\"><img loading=\"lazy\" decoding=\"async\" class=\"  wp-image-59884 aligncenter\" src=\"http:\/\/www.frydlantsko.eu\/wp-content\/uploads\/2015\/07\/fb2KM_15_49.jpg\" alt=\"fb2KM_15_49\" width=\"450\" height=\"300\" \/><\/a><\/strong><\/p>\n<p>&nbsp;<\/p>\n<p><strong>Ne<\/strong><strong>m\u016f\u017eu se nezeptat na V\u00e1clava Klause, tv\u00e9ho dlouholet\u00e9ho \u0161\u00e9fa. Nev\u00edm, jestli je v\u00e1\u0161 fanou\u0161ek, ale jednou jsem ho na koncert\u011b FB potkala. Jak se mu l\u00edbilo, co hrajete?<\/strong><\/p>\n<p>N\u011bkolikr\u00e1t na koncert\u011b byl a pr\u00fd se bavil dob\u0159e. On je na ten jazz a taky rokenrol. A v\u00a0bluesov\u00e9m bigb\u00edtu je oboj\u00ed. Ale cel\u00fd ten \u017eivotn\u00ed styl kolem bigb\u00edtu je pro n\u011bj coby v\u011bdce a sportovce asi dost jin\u00e1 planeta.<\/p>\n<p><strong>Jak jste se v\u016fbec vyloupli v Libverd\u011b a na Fr\u00fddlantsku v\u016fbec. Jezdili jste p\u0159eci hr\u00e1t i do Fer\u010f\u00e1ku k Cimplovi?<\/strong><\/p>\n<p>Poprv\u00e9 jsme hr\u00e1li v\u00a0Pekle u\u017e v\u00a0roce 1998. Pak jednou v\u00a0Raspenav\u011b, n\u011bkolikr\u00e1t ve Fedinandov\u011b a posledn\u00edch tak osm let se vrac\u00edme do Stodoly v Libverd\u011b. Jsou to kr\u00e1sn\u00e1 m\u00edsta a hlavn\u011b jsme tu z\u00edskali tolik b\u00e1je\u010dn\u00fdch p\u0159\u00e1tel, \u017ee u\u017e se sem jezd\u00edme jako dom\u016f.<\/p>\n<p><strong>P\u0159ijedete po t\u0159ech letech v\u00fduky, co se od t\u00e9 doby v kapele zm\u011bnilo?<\/strong><\/p>\n<p>No, n\u011bkolik \u010dlen\u016f, p\u00e1r nov\u00fdch p\u00edsni\u010dek. J\u00e1tra m\u00e1me tvrd\u0161\u00ed, \u017e\u00edze\u0148 v\u011bt\u0161\u00ed. Ale jsme to po\u0159\u00e1d my, Folimanka Blues. Nehrajeme ale sv\u016fj vlastn\u00ed revival, po\u0159\u00e1d jdeme d\u00e1l a chceme se v\u00a0muzice posunovat k\u00a0tomu, co pova\u017eujeme za nejopravdov\u011bj\u0161\u00ed.<\/p>\n<p><strong>Posledn\u00edm albem byla Krajina po bitv\u011b? Chyst\u00e1te n\u011bco no<\/strong><strong>v\u00e9ho?<\/strong><\/p>\n<p>P\u0159ed n\u011bkolika dny jsme v\u00a0limitovan\u00e9 s\u00e9rii vydali \u017eiv\u00fd singl k 20. v\u00fdro\u010d\u00ed na\u0161\u00ed domovsk\u00e9 hospody Magister Kelley v\u00a0Praze Na Folimance. Pro p\u0159\u00ed\u0161t\u00ed m\u011bs\u00edce chyst\u00e1me \u017eiv\u00e9 album, mo\u017en\u00e1 DVD, plus studiov\u00fd singl nov\u00fdch p\u00edsni\u010dek.<\/p>\n<p><strong>Pro\u010d by m\u011bli lidi str\u00e1vit sobotn\u00ed ve\u010der 11. \u010dervence pr\u00e1v\u011b ve Stodole v Libverd\u011b?<\/strong><\/p>\n<p>Za\u017eij\u00ed po\u0159\u00e1dn\u00fd bigb\u00edtov\u00fd mejdan, u kter\u00e9ho je ale ob\u010das zamraz\u00ed. A \u0159eknou si, \u017ee ta muzika je vlastn\u011b pro n\u011b a hlavn\u011b o nich.<\/p>\n<p><strong>Folimanka Blues v\u00a0Libverd\u011b<\/strong><br \/>\n<strong>Kdy:<\/strong> 11. \u010dervence<br \/>\n<strong>Kde:<\/strong> Klub Stodola<br \/>\n<strong>V kolik:<\/strong> Ve 20.00 hodin<\/p>\n<p><em>O kapele: Dohromady ji dal v kv\u011btnu roku 1993 Ladislav Jakl, zn\u00e1m\u00fd tak\u00e9 ze sv\u00e9ho ve\u0159ejn\u00e9ho p\u016fsoben\u00ed. Sou\u010dasn\u00fd n\u00e1zev nese Folimanka Blues od prosince 1993, nyn\u00ed hraje v sestav\u011b zku\u0161en\u00fdch a osobit\u00fdch muzikant\u016f.<\/em><\/p>\n<p><em>Had\u017ei Hrkal *1957 \u2013 bass guitar, Ladislav Jakl *1959 \u2013 vocal, accoustic guitar, Pavel Jirou\u0161ek *1963 \u2013 piano, Eugen P\u00e1l Bal\u00e1\u017e *1967 \u2013 guitar, Miroslav Lahoda *1979 \u2013 drums.<\/em><\/p>\n<p><em>Autorka: Milada Prokopov\u00e1, redaktorka 5plus2<br \/>\n<\/em><\/p>\n<p><strong><a href=\"http:\/\/www.frydlantsko.eu\/wp-content\/uploads\/2015\/07\/Folimanka-Blues-2.jpg\"><img loading=\"lazy\" decoding=\"async\" class=\"  aligncenter wp-image-59885 \" src=\"http:\/\/www.frydlantsko.eu\/wp-content\/uploads\/2015\/07\/Folimanka-Blues-2-999x588.jpg\" alt=\"Folimanka Blues 2\" width=\"374\" height=\"220\" \/><\/a><\/strong><a href=\"http:\/\/www.frydlantsko.eu\/chysta-se-bigbitovy-mejdan-ve-stodole\/\" target=\"_blank\">Zdroj<\/a><\/p>\n<p>&nbsp;<\/p>\n","protected":false},"excerpt":{"rendered":"<p>Jsme o n\u011bco drsn\u011bj\u0161\u00ed a temn\u011bj\u0161\u00ed,\u201c m\u00edn\u00ed frontman Folimanky Blues Ladislav Jakl L\u00c1ZN\u011a LIBVERDA \u2013 V\u00a0nov\u00e9m obsazen\u00ed doraz\u00ed v\u00a0sobotu 11. \u010dervence do klubu Stodola v\u00a0L\u00e1zn\u00edch Libverda pra\u017esk\u00e1 kapela Folimanka Blues. Naposledy ji tam lid\u00e9 sly\u0161eli v\u00a0srpnu 2012. Za tu dobu kapelu potkaly dv\u011b trag\u00e9die, ale nezastavila se a postupuje d\u00e1l. \u201eHrajeme po\u0159\u00e1d tvrd\u011bji a po\u0159\u00e1d [&hellip;]<\/p>\n","protected":false},"author":1,"featured_media":0,"comment_status":"open","ping_status":"open","sticky":false,"template":"","format":"standard","meta":{"ngg_post_thumbnail":0,"footnotes":""},"categories":[4,13],"tags":[],"class_list":["post-5911","post","type-post","status-publish","format-standard","hentry","category-hudba","category-rozhovory"],"_links":{"self":[{"href":"https:\/\/www.ladislavjakl.cz\/index.php?rest_route=\/wp\/v2\/posts\/5911","targetHints":{"allow":["GET"]}}],"collection":[{"href":"https:\/\/www.ladislavjakl.cz\/index.php?rest_route=\/wp\/v2\/posts"}],"about":[{"href":"https:\/\/www.ladislavjakl.cz\/index.php?rest_route=\/wp\/v2\/types\/post"}],"author":[{"embeddable":true,"href":"https:\/\/www.ladislavjakl.cz\/index.php?rest_route=\/wp\/v2\/users\/1"}],"replies":[{"embeddable":true,"href":"https:\/\/www.ladislavjakl.cz\/index.php?rest_route=%2Fwp%2Fv2%2Fcomments&post=5911"}],"version-history":[{"count":1,"href":"https:\/\/www.ladislavjakl.cz\/index.php?rest_route=\/wp\/v2\/posts\/5911\/revisions"}],"predecessor-version":[{"id":5912,"href":"https:\/\/www.ladislavjakl.cz\/index.php?rest_route=\/wp\/v2\/posts\/5911\/revisions\/5912"}],"wp:attachment":[{"href":"https:\/\/www.ladislavjakl.cz\/index.php?rest_route=%2Fwp%2Fv2%2Fmedia&parent=5911"}],"wp:term":[{"taxonomy":"category","embeddable":true,"href":"https:\/\/www.ladislavjakl.cz\/index.php?rest_route=%2Fwp%2Fv2%2Fcategories&post=5911"},{"taxonomy":"post_tag","embeddable":true,"href":"https:\/\/www.ladislavjakl.cz\/index.php?rest_route=%2Fwp%2Fv2%2Ftags&post=5911"}],"curies":[{"name":"wp","href":"https:\/\/api.w.org\/{rel}","templated":true}]}}