{"id":593,"date":"2010-10-15T12:57:56","date_gmt":"2010-10-15T11:57:56","guid":{"rendered":"http:\/\/www.ladislavjakl.cz\/?p=593"},"modified":"2010-10-15T12:57:56","modified_gmt":"2010-10-15T11:57:56","slug":"klausuv-dvorni-pivar-a-rocker-ladislav-jakl","status":"publish","type":"post","link":"https:\/\/www.ladislavjakl.cz\/?p=593","title":{"rendered":"KLAUS\u016eV DVORN\u00cd PIVA\u0158 A ROCKER LADISLAV JAKL"},"content":{"rendered":"<p>Mu\u017e dvou tv\u00e1\u0159\u00ed, \u0159\u00edk\u00e1 se o pades\u00e1tilet\u00e9m tajemn\u00edkovi prezidenta Klause. Ono to sed\u00ed \u2013 na Hrad\u011b je v obleku, vlasy do cul\u00edku, seri\u00f3zn\u00ed pravi\u010d\u00e1k. Pozd\u011bji v hospod\u011b a v mal\u00e9 sklepn\u00ed zku\u0161ebn\u011b pod hospodou u\u017e m\u00e1 vlasy rozpu\u0161t\u011bn\u00e9, brnk\u00e1 na kytaru, s l\u00e1skou mluv\u00ed o pivu. Ladislav Jakl m\u00e1 i dal\u0161\u00ed tv\u00e1\u0159e \u2013 vychoval nap\u0159\u00edklad romsk\u00e9 d\u00edt\u011b.<\/p>\n<p><!--more--><strong>Co je lep\u0161\u00ed pocit? Za \u00e1: posezen\u00ed nad pivem, za b\u00e9: \u0159\u00e1d\u011bn\u00ed s kytarou na p\u00f3diu, za c\u00e9: milov\u00e1n\u00ed se \u017eenou, nebo d\u00e9\u010dko: plodn\u00e1 diskuse s V\u00e1clavem Klausem?<br \/>\n<\/strong><br \/>\nTa posledn\u00ed \u010dinnost je z jin\u00e9 kategorie ne\u017e t\u0159i p\u0159edchoz\u00ed, kter\u00e9 jsou pro m\u011b srovnateln\u00e9 \u2014 jsou pot\u011b\u0161en\u00edm ducha. Diskuse s Klausem, to je pot\u011b\u0161en\u00ed rozumu.<\/p>\n<p><strong> Za\u010dneme t\u0159eba pivem. Potom se dostaneme k d\u016fle\u017eit\u011bj\u0161\u00edm v\u011bcem.<br \/>\n<\/strong><br \/>\nOno je n\u011bco d\u016fle\u017eit\u011bj\u0161\u00edho?<\/p>\n<p><strong>Kdy jste se pro pivo tolik nadchnul?<br \/>\n<\/strong><br \/>\nPrvn\u00ed etapa za\u010dala tak v sedmn\u00e1cti, kdy jsem bu\u010f mohl chodit p\u00edt v\u00edno na diskot\u00e9ku, nebo pivo do hospody s m\u00e1ni\u010dkama, p\u0159i\u010dem\u017e to druh\u00e9 pro m\u011b byla jedin\u00e1 mo\u017enost. I tehdy jsem byl r\u00e1d za pivo lep\u0161\u00ed, ale neomdlel jsem, kdy\u017e skv\u011bl\u00e9 nebylo. Posledn\u00edch deset let u\u017e to m\u00e1m jinak, te\u010f m\u011b pivo extr\u00e9mn\u011b zaj\u00edm\u00e1, doma m\u00e1m ohromnou pivot\u00e9ku, v n\u00ed asi dv\u011b st\u011b pades\u00e1t druh\u016f&#8230;<\/p>\n<p><strong> M\u00e1me v \u010cesku nejlep\u0161\u00ed pivo?<br \/>\n<\/strong><br \/>\nNem\u00e1me. \u010ce\u0161i vynikaj\u00ed jedin\u00fdm druhem, le\u017e\u00e1kem p\u016fvodem z Plzn\u011b, kter\u00fd se u n\u00e1s va\u0159\u00ed dob\u0159e, ale to i leckde jinde. Pot\u00ed\u017e je v tom, \u017ee tento typ piva zni\u010dil r\u016fznorodost, a neb\u00fdt mikropivovar\u016f, pil by se tu jenom le\u017e\u00e1k. P\u0159itom druh\u016f piv je nep\u0159ebern\u00e9 mno\u017estv\u00ed: t\u0159eba na celosv\u011btov\u00e9 p\u0159ehl\u00eddce v Denveru maj\u00ed 92 kategori\u00ed \u2013 um\u00ed pr\u016fm\u011brn\u00fd \u010cech vyjmenovat aspo\u0148 t\u0159i?<\/p>\n<p><strong> J\u00e1 ne.<br \/>\n<\/strong><br \/>\nAni barmani v zaveden\u00fdch hospod\u00e1ch \u010dasto nev\u011bd\u00ed nic, pivo je u n\u00e1s popelkou! O vina\u0159e je v\u0161ude dob\u0159e postar\u00e1no, v restaurac\u00edch maj\u00ed v\u00fdb\u011br dobr\u00fdch v\u00edn, ale piva\u0159i dostanou v\u0161ude v\u011bt\u0161inou jenom to prost\u0159edn\u00ed.<\/p>\n<p><strong>U n\u00e1s v redakci je n\u011bkolik chlap\u016f, kte\u0159\u00ed \u0159\u00edkaj\u00ed: Jedin\u011b plze\u0148!<br \/>\n<\/strong><br \/>\nTo je stejn\u00e9, jako by \u0159\u00edkali: &#8222;Jedin\u011b sma\u017eenej s\u00fdr. V\u0161ude a v\u017edycky sma\u017e\u00e1k!&#8220; Ano, je to typ piva, kter\u00fd d\u011bl\u00e1me relativn\u011b dob\u0159e, ale je to jen jeden druh.<\/p>\n<p><strong>Kde je tedy nejlep\u0161\u00ed pivo na sv\u011bt\u011b?<br \/>\n<\/strong><br \/>\nAsi v Americe, kde za\u010dal roku 1976 boom nov\u00fdch, experiment\u00e1ln\u00edch mikropivovar\u016f \u2013 tamn\u00ed pestrost nab\u00eddky u\u017e hlava nebere. Ale nad\u0161en\u00fd jsem i z ne\u010dekan\u00e9ho v\u00fdvoje u n\u00e1s \u2013 u\u017e tu je asi 76 mikropivovar\u016f, ani je nesta\u010d\u00edm obj\u00ed\u017ed\u011bt.<\/p>\n<p><strong>M\u00e1te n\u011bjak\u00fd osobn\u00ed pivn\u00ed rekord?<br \/>\n<\/strong><br \/>\nRoku 1981 jsem jich na chmelov\u00e9 brig\u00e1d\u011b vypil sedmat\u0159icet za den. Ale asi polovina z toho byly des\u00edtky.<\/p>\n<p><strong>V\u00ed se o v\u00e1s, \u017ee sed\u00edte u\u017e l\u00e9ta ka\u017ed\u00fd \u010dtvrtek v jedn\u00e9 a t\u00e9 sam\u00e9 hospod\u011b na pivu. Za jak\u00fdch okolnost\u00ed tam nep\u0159ijdete?<br \/>\n<\/strong><br \/>\nZa posledn\u00edch dvacet let jsem jednou vynechal kv\u016fli nemoci. P\u00e1rkr\u00e1t jsem nep\u0159i\u0161el, kdy\u017e jsem byl v zahrani\u010d\u00ed, ale m\u00e1m tam 96 procent \u00fa\u010dasti.<\/p>\n<p><strong>Pro\u010d vlastn\u011b?<br \/>\n<\/strong><br \/>\nJe to m\u016fj pevn\u00fd bod ve vesm\u00edru.<\/p>\n<p><span style=\"text-decoration: underline;\"><strong>JAK M\u011a KLAUS NEPOZNAL<br \/>\n<\/strong><\/span><br \/>\n<strong>Kdy se nech\u00e1te ost\u0159\u00edhat?<br \/>\n<\/strong><br \/>\nMo\u017en\u00e1 nikdy. Kdy\u017e se na m\u011b pod\u00edv\u00e1te zbl\u00edzka, tak uzn\u00e1te, \u017ee u\u017e za chv\u00edli nebude co st\u0159\u00edhat.<\/p>\n<p><strong> Mrzelo v\u00e1s, mu\u017ee m\u00e1ni\u010dkov\u00e9ho typu, kdy\u017e za\u010daly vlasy \u0159\u00eddnout?<br \/>\n<\/strong><br \/>\nNejsem marnivej. Lidi, kte\u0159\u00ed m\u011b nemaj\u00ed z politick\u00fdch d\u016fvod\u016f r\u00e1di, ob\u010das nap\u00ed\u0161ou sprostej e-mail o m\u00fdch vlasech, ale na to odpov\u00edd\u00e1m, \u017ee jejich probl\u00e9m s m\u00fdmi vlasy vy\u0159e\u0161\u00ed \u010das a gravitace.<\/p>\n<p><strong>S vervou hrajete bigb\u00edt v kapele Folimanka Blues, ale kdov\u00edjak zn\u00e1m\u00ed nejste. Tr\u00e1p\u00ed v\u00e1s to?<br \/>\n<\/strong><br \/>\nKa\u017ed\u00fd muzikant by byl r\u00e1d, kdyby lidi jeho hudbu poslouchali&#8230; Mysl\u00edm, \u017ee hudebn\u00ed talent m\u00e1m, nicm\u00e9n\u011b jsem to nebyl schopn\u00fd dokopnout na vy\u0161\u0161\u00ed \u00farove\u0148 \u2013 i proto, \u017ee stra\u0161n\u011b nerad nab\u00edz\u00edm s\u00e1m sebe. A asi mi v muzice moc nepom\u00e1h\u00e1 ta pracovn\u00ed role, ve kter\u00e9 jsem p\u0159es den.<\/p>\n<p><strong>N\u00e1lepka v\u011brn\u00e9ho klausovce?<br \/>\n<\/strong><br \/>\nV muzikantsk\u00e9m prost\u0159ed\u00ed jsou lidi v\u011bt\u0161inou n\u00e1zorov\u011b jinak orientovan\u00ed \u2013 jsou nekonformn\u00ed a maj\u00ed pocit, \u017ee jsem sou\u010d\u00e1st\u00ed establishmentu. Nebo nesn\u00e1\u0161ej\u00ed Klause. P\u00e1rkr\u00e1t v \u017eivot\u011b u\u017e jsem za\u017eil ty reakce, &#8222;my tady \u017e\u00e1dnou politickou kapelu nechceme!&#8220;, ale j\u00e1 nejsem bolest\u00ednsk\u00fd typ \u2013 takovej je \u017eivot.<\/p>\n<p><strong>Pro\u010d rocker\u016fm tolik vad\u00ed Klaus?<br \/>\n<\/strong><br \/>\nTo po\u0159\u00e1dn\u011b nezjist\u00edte. N\u011bkte\u0159\u00ed intuitivn\u011b pochopili, \u017ee se d\u00edv\u00e1 na sv\u011bt jinak, a u jin\u00fdch je to jen p\u00f3za v\u016f\u010di papal\u00e1\u0161ovi.<\/p>\n<p><strong>Va\u0161emu synovi je osmn\u00e1ct. Zal\u00edbila se v\u00e1m d\u00edky n\u011bmu hudebn\u00ed moderna?<br \/>\n<\/strong><br \/>\nJ\u00e1 to m\u00e1lo sleduju.<\/p>\n<p><strong> Kdy\u017e sly\u0161\u00edte elektronickou tane\u010dn\u00ed hudbu, bav\u00ed v\u00e1s?<br \/>\n<\/strong><br \/>\nNe. Ta je pro m\u011b pokra\u010dov\u00e1n\u00edm diskot\u00e9kov\u00e9 muziky ze sedmdes\u00e1t\u00fdch let, v\u016f\u010di kter\u00e9 jsem se v\u017edycky profiloval a kter\u00e1 je pro m\u011b na druh\u00e9m b\u0159ehu. Je sice mo\u017en\u00e9, \u017ee maj\u00ed r\u016fzn\u00e9 v\u011btve t\u00e9hle muziky r\u016fznou kvalitu, ale um\u011blohmotn\u00fd pach diska z\u016fst\u00e1v\u00e1.<\/p>\n<p><strong> Jak se zachov\u00e1te, kdy\u017e hraje v hospod\u011b n\u011bjak\u00e1 hudba z druh\u00e9ho b\u0159ehu?<br \/>\n<\/strong><br \/>\nJednou \u0161la moje dobr\u00e1 zn\u00e1m\u00e1 do na\u0161\u00ed hospody a vid\u00ed, \u017ee jsem p\u0159ilepen\u00fd u vchodu ke zdi a nejdu dovnit\u0159. &#8222;Co tady d\u011bl\u00e1\u0161?&#8220; pt\u00e1 se. &#8222;Boj\u00edm se&#8230;&#8220; Byla tam zaskakuj\u00edc\u00ed barmanka, pou\u0161t\u011bla Michala Davida, a j\u00e1 se opravdu b\u00e1l dovnit\u0159 \u2013 nep\u0159e\u017eil bych to.<\/p>\n<p><strong>Na jak\u00fd koncert jste si naposledy koupil vstupenku?<br \/>\n<\/strong><br \/>\nOb\u010das na muziku chod\u00edm a vstupenky si kupuju, nikdo mi je ned\u00e1v\u00e1. Minul\u00fd t\u00fdden m\u011b mrzelo, kdy\u017e hr\u00e1la v Praze kapela m\u00e9ho ml\u00e1d\u00ed, Iron Butterfly \u2013 j\u00e1 se u\u017e ve t\u0159in\u00e1cti u\u010dil bubnovat podle slavn\u00e9ho s\u00f3la z jejich p\u00edsni\u010dky In-a-Gadda-daVida \u2013 ale oni hr\u00e1li, blbci, ve \u010dtvrtek!<\/p>\n<p><strong>A to bylo dilema.<br \/>\n<\/strong><br \/>\nTo nebylo dilema. \u010ctvrtek je prost\u011b \u010dtvrtek. Jdu do hospody, i kdyby se sv\u011bt zbo\u0159il.<\/p>\n<p><strong>Kdy\u017e p\u0159ijde na koncert va\u0161\u00ed Folimanky Blues prezident Klaus, je to sp\u00ed\u0161 p\u0159\u00edjemn\u00e9, anebo vopruz?<br \/>\n<\/strong><br \/>\nJe to mil\u00fd projev p\u0159\u00e1telsk\u00e9 pozornosti. Nejlegra\u010dn\u011bj\u0161\u00ed bylo, kdy\u017e na n\u00e1s p\u0159i\u0161el prvn\u011b \u2013 na ja\u0159e roku 1998, kdy jsem pro n\u011bj pracoval teprve n\u011bkolik t\u00fddn\u016f. Hr\u00e1li jsme tehdy v jedn\u00e9 \u017ei\u017ekovsk\u00e9 \u0161pelu\u0148ce, on p\u0159i\u0161el bez ochranky, sedl si ke stolu, rozhl\u00ed\u017eel se a pak se jednoho chlapa zeptal: &#8222;A kde je ten L\u00e1\u010fa Jakl?&#8220; &#8222;No tady,&#8220; zn\u011bla odpov\u011b\u010f, &#8222;t\u0159i metry od v\u00e1s, ten, co na v\u00e1s celou dobu hul\u00e1k\u00e1!&#8220; Prost\u011b m\u011b nepoznal.<\/p>\n<p><strong>Vid\u011bl jste n\u011bkdy Klause tancovat?<br \/>\n<\/strong><br \/>\nAno. Asi t\u0159ikr\u00e1t na na\u0161em koncert\u011b, a jednou taky na rokenrolu Sedl\u00e1\u010dkovy kapely \u2013 na tom on vyrostl.<\/p>\n<p><strong>Je dobr\u00fd tane\u010dn\u00edk?<br \/>\n<\/strong><br \/>\nJ\u00e1 jsem p\u0159\u00edsn\u00fd hodnotitel&#8230; V ml\u00e1d\u00ed jsem tancoval z\u00e1vodn\u011b, a jestli m\u00e1m pro n\u011bco talent, tak pro rytmus. Pro m\u011b je kopyto ka\u017edej.<\/p>\n<p><span style=\"text-decoration: underline;\"><strong>H\u00c1DKY S PREZIDENTEM<br \/>\n<\/strong><\/span><br \/>\n<strong>\u010c\u00edm\u017e jsme se kone\u010dn\u011b dostali ke Klausovi.<br \/>\n<\/strong><br \/>\nTak rychle, tahle kapitola nen\u00ed moc zaj\u00edmav\u00e1&#8230;<\/p>\n<p><strong>Co v\u00e1s p\u0159ed t\u0159in\u00e1cti lety p\u0159edur\u010dilo k tomu, abyste mu za\u010dal d\u011blat poradce, pozd\u011bji tajemn\u00edka?<br \/>\n<\/strong><br \/>\nTo se zeptejte jeho, j\u00e1 nev\u00edm. Ur\u010dit\u011b sehr\u00e1la \u00falohu ta zlomov\u00e1 chv\u00edle \u2013 sarajevsk\u00fd atent\u00e1t, kdy se od n\u011bj skoro v\u0161ichni odvraceli, ale j\u00e1 zavolal a podpo\u0159il ho. Ve spoust\u011b v\u011bc\u00ed m\u00e1m podobn\u00fd pohled na sv\u011bt, jsem \u010dlov\u011bk docela chytr\u00fd a on m\u00e1 r\u00e1d chytr\u00fd lidi. Nejsem \u00fapln\u011b l\u00edn\u00fd, nerad d\u011bl\u00e1m chyby&#8230; A asi mi v\u011b\u0159\u00ed \u2013 proto s n\u00edm nikdy nekonzultuju, \u017ee jdu mluvit do televize; on to ani nem\u00e1 pot\u0159ebu v\u011bd\u011bt.<\/p>\n<p><strong>P\u0159\u00ed\u0161t\u00ed rok bude Klausovi sedmdes\u00e1t. V\u0161\u00edm\u00e1te si, jak st\u00e1rne?<br \/>\n<\/strong><br \/>\nJe to, ned\u00e1 se nic d\u011blat, sportovec. Za\u017eil jsem ho p\u0159i n\u00e1ro\u010dn\u00fdch programech, kdy jsem se jen motal kolem, a stejn\u011b jsem toho m\u011bl pln\u00fd brejle. V tomhle mus\u00edm uznat, \u017ee sport, kter\u00fd jinak neuzn\u00e1v\u00e1m, p\u0159in\u00e1\u0161\u00ed ur\u010dit\u00e9 v\u00fdhody.<\/p>\n<p><strong>Opravdu \u017e\u00e1dn\u00e9 projevy Klausova st\u00e1rnut\u00ed nevid\u00edte?<br \/>\n<\/strong><br \/>\nJe to b\u00fdval\u00fd premi\u00e9r, ministr, a tak m\u00e1 po\u0159\u00e1d pocit, \u017ee mus\u00ed d\u011blat spoustu v\u011bc\u00ed. A j\u00e1 si mysl\u00edm, \u017ee jako prezident by jich zdaleka tolik d\u011blat nemusel; skoro bych \u0159ekl, \u017ee by mu ur\u010dit\u00e9 st\u00e1rnut\u00ed slu\u0161elo \u2013 st\u00e1rne m\u00ed\u0148, ne\u017e by se mi l\u00edbilo. Bylo by dobr\u00e9, kdyby se d\u016fstojn\u011b zklidnil, ale to by asi musel p\u0159estat hr\u00e1t tenis nebo co.<\/p>\n<p><strong>Vy s n\u00edm tenis nehrajete nikdy?<br \/>\n<\/strong><br \/>\nNe, to fakt ne. Ani golf. Kdy\u017e jsme si spolu cht\u011bli zahr\u00e1t na jednu jamku, tak jsem m\u00ed\u010dkem m\u00e1lem zabil n\u011bkoho z ochranky.<\/p>\n<p><strong>Kdy\u017e je pan prezident workoholik, musel jste se mu p\u0159izp\u016fsobit?<br \/>\n<\/strong><br \/>\nPracovitost\u00ed m\u011b p\u0159evy\u0161uje nekone\u010dn\u011b. J\u00e1 ob\u010das chci m\u00edt voln\u00e9 odpoledne, volnou sobotu, jen tak si zablbnout, ale on tohle nezn\u00e1, pro n\u011bj to je nep\u0159edstaviteln\u00fd krimin\u00e1ln\u00ed \u010din.<\/p>\n<p><strong>V \u010dem se s Klausem neshodnete?<br \/>\n<\/strong><br \/>\nV ni\u010dem z\u00e1sadn\u00edm, v mnoha jednotlivostech&#8230; Je asi liber\u00e1ln\u011bj\u0161\u00ed a j\u00e1 v n\u011bkter\u00fdch v\u011bcech konzervativn\u011bj\u0161\u00ed.<\/p>\n<p><strong>O co jde? T\u0159eba o potraty?<br \/>\n<\/strong><br \/>\nT\u0159eba, v tom jsem asi p\u0159\u00edsn\u011bj\u0161\u00ed. Pro m\u011b je potrat naprosto nep\u0159\u00edpustn\u00fd, je to zabit\u00ed d\u00edt\u011bte. Jin\u00e1 v\u011bc je, jestli si mysl\u00edm, \u017ee je z\u00e1kaz potrat\u016f z\u00e1konem v na\u0161\u00ed spole\u010dnosti v\u016fbec mo\u017en\u00fd a jestli by k n\u011b\u010demu vedl.<\/p>\n<p><strong>Vy se d\u00edv\u00e1te i na \u017eenu, kter\u00e1 jde na potrat ze z\u00e1va\u017en\u00fdch d\u016fvod\u016f, skrz prsty?<br \/>\n<\/strong><br \/>\nN\u011bjak\u00fd z\u00e1va\u017en\u00fd d\u016fvod m\u00e1te ur\u010dit\u011b i k tomu, \u017ee udus\u00edte ro\u010dn\u00ed d\u00edt\u011b \u2013 a j\u00e1 se na to d\u00edv\u00e1m stejn\u011b. Ale nesoud\u00edm \u017eenu, soud\u00edm ten \u010din.<\/p>\n<p><strong>Kdy v\u00e1s Klaus nejv\u00edc se\u0159val?<br \/>\n<\/strong><br \/>\nJednou mi vynadal hodn\u011b \u2013 kdy\u017e jsem do novin tro\u0161ku bl\u00ed\u017e popsal zp\u016fsob, jak\u00fdm se projedn\u00e1vaj\u00ed milosti. J\u00e1 v\u011bd\u011bl, \u017ee z toho bude probl\u00e9m, ale ud\u011blal jsem to, proto\u017ee tenkr\u00e1t n\u011bkde u Jind\u0159ichova Hradce zatkli \u010dlov\u011bka, kter\u00fd se oh\u00e1n\u011bl t\u00edm, \u017ee m\u011b zn\u00e1 a \u017ee v\u00ed, jak se d\u00e1 za\u0159\u00eddit milost. A tak jsem \u0159ekl tomu novin\u00e1\u0159i, \u017ee j\u00e1 milost rozhodn\u011b ovlivnit nem\u016f\u017eu, \u017ee to syst\u00e9m vylu\u010duje, a n\u011bco z toho syst\u00e9mu jsem mu odhalil.<\/p>\n<p><strong>Pro\u010d to vadilo? St\u00e1tn\u00ed tajemstv\u00ed?<br \/>\n<\/strong><br \/>\nKdy\u017e se o takov\u00fdch v\u011bcech moc v\u00ed, tak jsou zraniteln\u00e9.<\/p>\n<p><strong>Kdy jste byl na Klause na\u0161tvan\u00fd vy? <\/strong><\/p>\n<p>Je to p\u0159esn\u011b rok. Nep\u0159\u00e1l jsem si, aby jakkoli nazna\u010doval, \u017ee nakonec Lisabonskou smlouvu podep\u00ed\u0161e, byl jsem p\u0159esv\u011bd\u010den\u00fd, \u017ee to je taktick\u00e1 chyba. On sv\u016fj podpis nazna\u010doval, a to m\u011b na\u0161tvalo hodn\u011b.<\/p>\n<p><strong>Rad\u00edte mu na jak\u00e9koli t\u00e9ma, nebo m\u00e1te n\u011bjak\u00e9 sv\u00e9 obory?<br \/>\n<\/strong><br \/>\nMluv\u00edme v\u0161ichni do v\u0161eho, fachidiocii tu nep\u011bstujeme.<\/p>\n<p><strong>No dob\u0159e, ale nen\u00ed to divn\u00e9, m\u00edt n\u00e1zor na v\u0161echno?<br \/>\n<\/strong><br \/>\nMy nerozb\u00edj\u00edme atom, zab\u00fdv\u00e1me se politikou. A na tu j\u00e1 odborn\u00edk jsem.<\/p>\n<p><strong>Jasn\u011b, ale pro\u010d jste t\u0159eba tuhle \u0159\u00edkal do novin, \u017ee Kaplick\u00e9ho blob vypad\u00e1 jako bakelitov\u00e1 barevn\u00e1 \u010depice?<br \/>\n<\/strong><br \/>\nProto\u017ee se m\u011b na to novin\u00e1\u0159i ptaj\u00ed.<\/p>\n<p><strong>Tak jim m\u00e1te odpov\u011bd\u011bt, \u017ee nejste architekt.<br \/>\n<\/strong><br \/>\nA oni budou \u0159\u00edkat, \u017ee jsem arogantn\u00ed a nechci se vyjad\u0159ovat. Nav\u00edc, zrovna na tu knihovnu n\u011bjak\u00fd n\u00e1zor m\u00e1m, proto\u017ee je to ve\u0159ejn\u00e1 stavba, k ve\u0159ejn\u00e9mu \u00fa\u010delu, za ve\u0159ejn\u00e9 prachy, na ve\u0159ejn\u00e9m m\u00edst\u011b, tak\u017ee to nen\u00ed t\u00e9ma pro n\u011bjakou \u00fazkou skupinu lid\u00ed.<\/p>\n<p><span style=\"text-decoration: underline;\"><strong>TAK M\u00c1LO PRAVI\u010c\u00c1K\u016e!<br \/>\n<\/strong><\/span><br \/>\n<strong>Zm\u00ednili jsme va\u0161eho syna. Pokud v\u00edm, adoptovali jste ho jako ro\u010dn\u00edho, p\u016fvodem je to romsk\u00fd kluk. \u010cetl jste Rok kohouta od Terezy Bou\u010dkov\u00e9? Vid\u011bl jste Smrady?<br \/>\n<\/strong><br \/>\n\u010cetl jsem s n\u00ed na t\u00e9ma v\u00fdchovy adoptovan\u00fdch romsk\u00fdch d\u011bt\u00ed rozhovor, i ten film jsem z v\u011bt\u0161\u00ed \u010d\u00e1sti vid\u011bl.<\/p>\n<p><strong>Za\u017eila velik\u00e9 zklam\u00e1n\u00ed, ty adoptovan\u00e9 d\u011bti se prost\u011b&#8230; nepoda\u0159ilo dob\u0159e vychovat.<br \/>\n<\/strong><br \/>\nOb\u00e1v\u00e1m se, \u017ee hlavn\u011b intelektu\u00e1lov\u00e9 maj\u00ed pocit, \u017ee kdy\u017e adoptuj\u00ed cik\u00e1nsk\u00e9 d\u00edt\u011b, tak t\u00edm ud\u011blali n\u011bco dobr\u00e9ho. Demonstruj\u00ed, \u017ee nemaj\u00ed p\u0159edsudky, ale vnit\u0159n\u011b k tomu rozhodnut\u00ed nedosp\u011bli. Nena\u0161li tu jedinou cestu k p\u0159ekon\u00e1n\u00ed probl\u00e9m\u016f, a tou je: m\u00edt to d\u00edt\u011b opravdu r\u00e1d.<\/p>\n<p><strong>Bou\u010dkov\u00e1 svoje adoptovan\u00e9 syny jist\u011b r\u00e1da m\u011bla, ale zjistila, \u017ee jejich geny nep\u0159ed\u011bl\u00e1.<br \/>\n<\/strong><br \/>\nNa geny v\u016fbec nev\u011b\u0159\u00edm \u2013 lidi jsou schopni \u017evan\u011bn\u00edm o genech vysv\u011btlovat a omlouvat probl\u00e9my, kter\u00e9 jsou \u010dist\u011b spole\u010densk\u00e9, v\u00fdchovn\u00e9.<\/p>\n<p><strong>Vy jste p\u0159i v\u00fdchov\u011b Mat\u011bje nikdy nepoc\u00edtil bezradnost? <\/strong><\/p>\n<p>Tu c\u00edt\u00edm ka\u017edou chv\u00edli \u2013 jsou s n\u00edm probl\u00e9my. Ale takov\u00e9 pocity m\u00e1 p\u0159ece i maminka, kdy\u017e p\u0159ijdou jej\u00ed d\u011bti z venku od bl\u00e1ta. Taky si zouf\u00e1, ale nezav\u0159e p\u0159ed nimi dve\u0159e.<\/p>\n<p><strong>Jak\u00e9 bl\u00e1to? Kluci Bou\u010dkov\u00e9 doma kradli, brali drogy&#8230;<br \/>\n<\/strong><br \/>\nAni v tom nen\u00ed rozd\u00edl mezi adoptovan\u00fdm a vlastn\u00edm. I n\u00e1\u0161 Mat\u011bj d\u011bl\u00e1 lump\u00e1rny, ale j\u00e1 p\u0159ece nem\u016f\u017eu za\u010d\u00edt pochybovat o tom, jestli ho bylo dobr\u00e9 adoptovat. Pro m\u011b je to moje d\u00edt\u011b a v\u016fbec o tom nepochybuju. Ano, m\u00e1m s n\u00edm starosti, ale neod\u016fvod\u0148uju si je t\u00edm, \u017ee jsem ho adoptoval a \u017ee to bylo jin\u00e9 d\u00edt\u011b.<\/p>\n<p><strong>Syn p\u016fjde prvn\u011b k volb\u00e1m. Co byste mu \u0159ekl, kdyby dal hlas zelen\u00fdm nebo \u010cSSD \u2013 byl byste na\u0161tvan\u00fd?<br \/>\n<\/strong><br \/>\nMinul\u00fd v\u00edkend se ho n\u011bkdo ptal: &#8222;Mat\u011bji, koho zvol\u00ed\u0161?&#8220; A on odpov\u011bd\u011bl: &#8222;No to sam\u00fd, co t\u00e1ta.&#8220; Na to jsem \u0159ekl: &#8222;To rozhodn\u011b nemus\u00ed\u0161, vol si koho chce\u0161&#8230;&#8220; Ale uzn\u00e1v\u00e1m, \u017ee kdyby m\u011bl kdokoli z m\u00fdch bl\u00edzk\u00fdch \u00fapln\u011b odli\u0161n\u00fd n\u00e1zor na z\u00e1sadn\u00ed v\u011bci ne\u017e j\u00e1, tak by m\u011b to mrzelo.<\/p>\n<p><strong>Vy s\u00e1m jste na ja\u0159e volil obskurn\u00ed Stranu svobodn\u00fdch ob\u010dan\u016f. M\u011blo to smysl?<br \/>\n<\/strong><br \/>\nNemysl\u00edm, \u017ee je to strana obskurn\u00ed, jen z\u00edskala m\u00e1lo hlas\u016f. Taky proto, \u017ee byla v c\u00edlen\u00e9 medi\u00e1ln\u00ed izolaci.<\/p>\n<p><strong>Nikdo nikoho c\u00edlen\u011b neizoloval. My novin\u00e1\u0159i nejsme banda levi\u010d\u00e1k\u016f, za kterou n\u00e1s pova\u017eujete.<br \/>\n<\/strong><br \/>\nJ\u00e1 opravdu pova\u017euju novin\u00e1\u0159e za levi\u010d\u00e1ky, ale nemysl\u00edm to tak, \u017ee by m\u011bli r\u00e1di Zemana, Paroubka, nebo snad Greben\u00ed\u010dka. Jen maj\u00ed levicov\u00e9 n\u00e1zory na \u017eivot a na sv\u011bt, kter\u00fd n\u00e1s obklopuje.<\/p>\n<p><strong>Uznejte, \u017ee p\u0159i va\u0161em pojet\u00ed by pravi\u010d\u00e1kem nebyl skoro nikdo.<br \/>\n<\/strong><br \/>\nV tom m\u00e1te pravdu \u2013 m\u00e1m jinak nastavenou citlivost. Ale novin\u00e1\u0159sk\u00fd zp\u016fsob \u017eivota p\u0159itahuje v\u0161ude sp\u00ed\u0161 levi\u010d\u00e1ky, kte\u0159\u00ed to o sob\u011b ani nev\u011bd\u00ed.<\/p>\n<p><strong>To mysl\u00edte v\u00e1\u017en\u011b? Schv\u00e1ln\u011b \u2013 je dnes v\u016fbec ve Sn\u011bmovn\u011b pravicov\u00e1 strana?<br \/>\n<\/strong><br \/>\nAsi ne, dne\u0161n\u00ed strany jsou hodn\u011b nekonzistentn\u00ed. Te\u010f m\u00e1m j\u00edt k volb\u00e1m a slogan jedn\u00e9 \u00fadajn\u011b pravicov\u00e9 strany, ODS, zn\u00ed: &#8222;Nonstop l\u00e9k\u00e1rna v ka\u017ed\u00e9m obvod\u011b.&#8220; Kv\u016fli tomuhle bych ji m\u011bl volit? Co je na tom pravicov\u00e9ho? Za \u010d\u00ed pen\u00edze budou ty l\u00e9k\u00e1rny?<\/p>\n<p><strong>Vra\u0165me se ale ke Svobodn\u00fdm ob\u010dan\u016fm.<br \/>\n<\/strong><br \/>\n\u010clov\u011bk by nem\u011bl kalkulovat s t\u00edm, jestli hlas propadne; on nikdy nepropadne. Ka\u017ed\u00fd hlas je sign\u00e1lem, ka\u017ed\u00fd je n\u011bjak vyhodnotiteln\u00fd.<\/p>\n<p><strong>Vyhodnotil jsem, \u017ee tu stranu volilo p\u011bt a p\u016fl voli\u010de.<br \/>\n<\/strong><br \/>\nAsi t\u0159icet osm tis\u00edc lid\u00ed, to je docela dost, to se do jedn\u00fd hospody nevejde. A je to dobr\u00fd pocit, \u017ee m\u00e1 tolik lid\u00ed n\u00e1zory jako j\u00e1.<\/p>\n<p><strong>Znovu d\u00e1te hlas stran\u011b, kter\u00e1 nem\u00e1 \u0161anci?<br \/>\n<\/strong><br \/>\nBudu volit stejn\u011b, ale jestli nem\u00e1 \u0161anci, to p\u0159ece nem\u016f\u017eete v\u011bd\u011bt. A hlavn\u011b \u2013 \u010dlov\u011bk vol\u00ed i pro sv\u016fj pocit, a j\u00e1 nechci m\u00edt blb\u00fd pocit.<\/p>\n<p><strong>Pravicovou stranu Modr\u00fdch nezalo\u017e\u00edte?<br \/>\n<\/strong><br \/>\nZat\u00edm ne, ale jednou&#8230; Kdo v\u00ed?<\/p>\n<p><strong>V\u00e1clav Klaus skon\u010d\u00ed na Hrad\u011b roku 2013. Co potom? Budete mu radit v dal\u0161\u00ed funkci?<br \/>\n<\/strong><br \/>\nTak tahle mo\u017enost m\u011b dote\u010f v\u016fbec nenapadla!<\/p>\n<p><strong>Jinak \u2013 odejde on do d\u016fchodu?<br \/>\n<\/strong><br \/>\nTo asi neodejde.<\/p>\n<p><strong>Tak vid\u00edte, mo\u017en\u00e1 si v\u00e1s n\u011bkam vezme. T\u0159eba&#8230; do Bruselu.<br \/>\n<\/strong><br \/>\nDo Bruselu bych ne\u0161el. A to navzdory v\u00fdborn\u00fdm belgick\u00fdm piv\u016fm.<\/p>\n<p><strong>Je\u0161t\u011b m\u011b napad\u00e1, \u017ee byste si mohl otev\u0159\u00edt mal\u00fd pivovar.<br \/>\n<\/strong><br \/>\nTo ud\u011bl\u00e1m skoro jist\u011b, technologie za posledn\u00ed l\u00e9ta hodn\u011b zlevnily. Pivu se budu v\u011bnovat ur\u010dit\u011b \u2013 a \u010demu krom\u011b piva, to se uvid\u00ed.<br \/>\n<span style=\"text-decoration: underline;\"><strong>\u0158\u00cdK\u00c1 SE O N\u011aM&#8230;<br \/>\n<\/strong><\/span><br \/>\n&#8230; \u017dE BY D\u00ddCHAL ZA V\u00c1CLAVA KLAUSE<\/p>\n<p>Z hradn\u00edho dua Jakl, H\u00e1jek u\u017e vznikla vysm\u00edvan\u00e1 karikatura, takov\u00ed Klausovi v\u011brn\u00ed pudl\u00edci to jsou. P\u0159inejmen\u0161\u00edm v Jaklov\u011b p\u0159\u00edpad\u011b je to v\u0161ak nespravedliv\u00e9 \u2013 ano, je velmi loaj\u00e1ln\u00ed, ale o sv\u00e9m nad\u0159\u00edzen\u00e9m rozhodn\u011b nemluv\u00ed jako o p\u00e1nubohu. A hlavn\u011b! Z ka\u017ed\u00e9 druh\u00e9 jeho v\u011bty vypl\u00fdv\u00e1, \u017ee kdyby si m\u011bl vybrat mezi prezidentem a manek\u00fdnou, vybere si pivo. Za to, \u017ee si u Klause vydupal nedotknutelnost sv\u00fdch hospodsk\u00fdch \u010dtvrtk\u016f (&#8222;ve\u010der nikdy nepracuju!&#8220;), mu pat\u0159\u00ed respekt.<\/p>\n<p>V P\u011aTI \u010c\u00cdSLECH<\/p>\n<p>1959 Narozen v Chebu. &#8222;Maminka je Polka, pracovala jako prodava\u010dka, t\u00e1ta byl z\u00e1me\u010dn\u00edk.&#8220; 18 Tak star\u00fd je jeho adoptovan\u00fd syn. 20 P\u0159ed dvaceti lety se stal poslancem za OF v \u010cesk\u00e9 n\u00e1rodn\u00ed rad\u011b, na dva roky se vyka\u0161lal na muziku. 1997 Za listopadov\u00e9 krize v ODS zavolal Klausovi, \u017ee se nep\u0159id\u00e1v\u00e1 k medi\u00e1ln\u00edmu lyn\u010dov\u00e1n\u00ed a \u017ee je mu k dispozici. Od t\u00e9 doby spolupracuj\u00ed. 0 Nikdy nebyl \u010dlenem \u017e\u00e1dn\u00e9 politick\u00e9 strany, i kdy\u017e o zalo\u017een\u00ed jedn\u00e9 pravicov\u00e9 uva\u017euje.<\/p>\n<p><strong>Zdroj:\u00a0Mlad\u00e1 fronta Dnes magaz\u00edn<br \/>\nDatum:\u00a014.10.2010 <\/strong><\/p>\n","protected":false},"excerpt":{"rendered":"<p>Mu\u017e dvou tv\u00e1\u0159\u00ed, \u0159\u00edk\u00e1 se o pades\u00e1tilet\u00e9m tajemn\u00edkovi prezidenta Klause. Ono to sed\u00ed \u2013 na Hrad\u011b je v obleku, vlasy do cul\u00edku, seri\u00f3zn\u00ed pravi\u010d\u00e1k. Pozd\u011bji v hospod\u011b a v mal\u00e9 sklepn\u00ed zku\u0161ebn\u011b pod hospodou u\u017e m\u00e1 vlasy rozpu\u0161t\u011bn\u00e9, brnk\u00e1 na kytaru, s l\u00e1skou mluv\u00ed o pivu. Ladislav Jakl m\u00e1 i dal\u0161\u00ed tv\u00e1\u0159e \u2013 vychoval nap\u0159\u00edklad [&hellip;]<\/p>\n","protected":false},"author":1,"featured_media":0,"comment_status":"open","ping_status":"open","sticky":false,"template":"","format":"standard","meta":{"ngg_post_thumbnail":0,"footnotes":""},"categories":[13],"tags":[],"class_list":["post-593","post","type-post","status-publish","format-standard","hentry","category-rozhovory"],"_links":{"self":[{"href":"https:\/\/www.ladislavjakl.cz\/index.php?rest_route=\/wp\/v2\/posts\/593","targetHints":{"allow":["GET"]}}],"collection":[{"href":"https:\/\/www.ladislavjakl.cz\/index.php?rest_route=\/wp\/v2\/posts"}],"about":[{"href":"https:\/\/www.ladislavjakl.cz\/index.php?rest_route=\/wp\/v2\/types\/post"}],"author":[{"embeddable":true,"href":"https:\/\/www.ladislavjakl.cz\/index.php?rest_route=\/wp\/v2\/users\/1"}],"replies":[{"embeddable":true,"href":"https:\/\/www.ladislavjakl.cz\/index.php?rest_route=%2Fwp%2Fv2%2Fcomments&post=593"}],"version-history":[{"count":1,"href":"https:\/\/www.ladislavjakl.cz\/index.php?rest_route=\/wp\/v2\/posts\/593\/revisions"}],"predecessor-version":[{"id":594,"href":"https:\/\/www.ladislavjakl.cz\/index.php?rest_route=\/wp\/v2\/posts\/593\/revisions\/594"}],"wp:attachment":[{"href":"https:\/\/www.ladislavjakl.cz\/index.php?rest_route=%2Fwp%2Fv2%2Fmedia&parent=593"}],"wp:term":[{"taxonomy":"category","embeddable":true,"href":"https:\/\/www.ladislavjakl.cz\/index.php?rest_route=%2Fwp%2Fv2%2Fcategories&post=593"},{"taxonomy":"post_tag","embeddable":true,"href":"https:\/\/www.ladislavjakl.cz\/index.php?rest_route=%2Fwp%2Fv2%2Ftags&post=593"}],"curies":[{"name":"wp","href":"https:\/\/api.w.org\/{rel}","templated":true}]}}