{"id":5952,"date":"2015-07-23T15:17:11","date_gmt":"2015-07-23T13:17:11","guid":{"rendered":"http:\/\/www.ladislavjakl.cz\/?p=5952"},"modified":"2015-07-23T15:17:11","modified_gmt":"2015-07-23T13:17:11","slug":"ladislav-jakl-ve-slepe-ulicce-neni-kapitalismus-ani-trh-ale-nezodpovedna-politika-zapadnich-vlad","status":"publish","type":"post","link":"https:\/\/www.ladislavjakl.cz\/?p=5952","title":{"rendered":"Ladislav Jakl: Ve slep\u00e9 uli\u010dce nen\u00ed kapitalismus ani trh, ale nezodpov\u011bdn\u00e1 politika z\u00e1padn\u00edch vl\u00e1d"},"content":{"rendered":"<p><strong>Je to u\u017e sedm let od za\u010d\u00e1tku velk\u00e9 ekonomick\u00e9 krize, kter\u00e1 za\u010dala krachem americk\u00fdch bank. B\u011bhem t\u00e9 doby se kritici sou\u010dasn\u00e9ho syst\u00e9mu sna\u017eili pomoc\u00ed akc\u00ed jako Occupy Wall Street p\u0159esv\u011bd\u010dit ve\u0159ejnost, \u017ee miliard\u00e1\u0159i a \u201ebankste\u0159i\u201c ji pomoc\u00ed finan\u010dn\u00edho syst\u00e9mu okr\u00e1daj\u00ed. Mnoz\u00ed odborn\u00edci, jako \u0159eck\u00fd exministr financ\u00ed a ekonom Varoufakis, tepali finan\u010dn\u00ed syst\u00e9m jako cosi zalo\u017een\u00e9ho na bublin\u00e1ch, na dominanci dolaru a na neust\u00e1l\u00e9m sni\u017eov\u00e1n\u00ed re\u00e1ln\u00fdch mezd.\u00a0Kam jsme se v t\u00e9 diskusi o sou\u010dasn\u00e9m kapitalismu za sedm let dostali? Co \u0159\u00edci o \u00fasp\u011b\u0161nosti fenom\u00e9n\u016f kapitalismus, globalizace a voln\u00fd trh? A jak\u00e1 je jejich budoucnost, stejn\u011b jako budoucnost ekonomick\u00e9ho \u0159\u00e1du sv\u011bta?<\/strong><\/p>\n<p><!--more--><\/p>\n<p>Zrovna dnes jsem \u010detl v\u00fdzvu jedn\u00e9 velk\u00e9 skupiny americk\u00fdch levicov\u00fdch ekonom\u016f na toto t\u00e9ma. A mus\u00edm \u0159\u00edci, \u017ee d\u011blaj\u00ed stejnou chybu jako mnoz\u00ed marxismem zasa\u017een\u00ed sociologov\u00e9 a aktivist\u00e9 u n\u00e1s. Ti ekonomov\u00e9 docela spr\u00e1vn\u011b pojmenov\u00e1vaj\u00ed mnoh\u00e9 z\u00a0p\u0159\u00ed\u010din nemoc\u00ed sou\u010dasn\u00e9 sv\u011btov\u00e9 ekonomiky. Ale naprosto chybn\u011b ztoto\u017e\u0148uj\u00ed tyto defekty s\u00a0kapitalismem a trhem. Kapitalismus je spole\u010dnost\u00ed svobody, kde si lid\u00e9 dobrovoln\u011b sm\u011b\u0148uj\u00ed mezi sebou hodnoty zp\u016fsobem, p\u0159i kter\u00e9m na sm\u011bn\u011b vyd\u011blaj\u00ed ob\u011b strany. Co m\u00e1 spole\u010dn\u00e9ho s\u00a0kapitalismem politika st\u00e1tu, politika centr\u00e1ln\u00edch bank, n\u00e1siln\u00e9 z\u00e1sahy st\u00e1tu do trhu, co maj\u00ed spole\u010dn\u00e9ho s\u00a0trhem um\u011bl\u00e9 regulace, kter\u00e9 \u00fadajn\u011b maj\u00ed minimalizovat \u00fadajn\u00e1 selh\u00e1n\u00ed trhu a p\u0159itom jsou samy zdrojem selh\u00e1n\u00ed? V\u016fbec nic. To jsou projevy st\u00e1tem \u0159\u00edzen\u00e9 ekonomiky, tedy projevy socialismu. Ke kapitalismu m\u00e1 na\u0161e spole\u010dnost a n\u00e1\u0161 trh hodn\u011b daleko. A v\u00a0posledn\u00edch 25 letech se od n\u011bj st\u00e1le rychleji vzdalujeme. A pr\u00e1v\u011b toto vzdalov\u00e1n\u00ed je p\u0159\u00ed\u010dinou kriz\u00ed, ot\u0159es\u016f, chaosu a nestability sou\u010dasn\u00e9ho sv\u011bta. Je snad projevem kapitalismu, kdy\u017e americk\u00e1 vl\u00e1da svou politikou nab\u00e1d\u00e1 finan\u010dn\u00ed instituce ke koupi cenn\u00fdch pap\u00edr\u016f, ve kter\u00fdch jsou schov\u00e1ny \u00fav\u011bry a hypot\u00e9ky chud\u00fdch Ameri\u010dan\u016f, kte\u0159\u00ed je p\u0159ece evidentn\u011b nikdy nesplat\u00ed? Cenn\u00e9 pap\u00edry koluj\u00ed, prod\u00e1vaj\u00ed se d\u00e1l a d\u00e1l, ale kdy\u017e pak napadne n\u011bjak\u00e9ho jejich majitele (to \u0159\u00edk\u00e1m velmi zjednodu\u0161en\u011b) p\u0159ij\u00edt za t\u00edm p\u016fvodn\u00edm emitentem, t\u00edm dlu\u017en\u00edkem, najdou chudou \u010derno\u0161skou rodinu s\u00a0domem na dluh, rodinu, kter\u00e1 nesplat\u00ed ani dolar a d\u00e1l si p\u016fj\u010duje. Majitel zjist\u00ed, \u017ee nem\u00e1 vlastn\u011b v\u00a0ruce nic a \u0159ekne to ostatn\u00edm posti\u017een\u00fdm dr\u017eitel\u016fm t\u011bch pap\u00edrk\u016f. Cena t\u011bchto pap\u00edr\u016f pochopiteln\u011b klesne a finan\u010dn\u00ed celosv\u011btov\u00e1 katastrofa je na sv\u011bt\u011b, proto\u017ee majitel\u00e9 on\u011bch pap\u00edr\u016f jsou v\u0161ude. To p\u0159ece nen\u00ed \u017e\u00e1dn\u00e9 selh\u00e1n\u00ed trhu, ale selh\u00e1n\u00ed zpupn\u00e9ho st\u00e1tu, kter\u00fd umo\u017en\u00ed \u017e\u00edt mili\u00f3n\u016fm lid\u00ed na dluh a ten druh zakryje zd\u00e1nliv\u011b cenn\u00fdmi pap\u00edrky. I na svobodn\u011b funguj\u00edc\u00edm trhu m\u016f\u017ee vzniknout bublina. Prost\u011b vypukne psych\u00f3za, jist\u00e1 m\u00e1nie nebo m\u00f3da, \u017ee ta nebo ona investice je \u00fa\u017easn\u011b n\u00e1vratn\u00e1. Lid\u00e9 se po tom vrhnou a cena stoupne vysoko nad re\u00e1lnou hodnotu. Jen\u017ee to nikdy nem\u016f\u017ee nar\u016fst do tak gigantick\u00fdch rozm\u011br\u016f, jako kdy\u017e je tato m\u00e1nie vytv\u00e1\u0159ena st\u00e1tn\u00ed politikou. Investor\u016fm za norm\u00e1ln\u00edch okolnost\u00ed v\u010das zablik\u00e1 kontrolka, \u017ee cena u\u017e je moc vysoko, a \u201epap\u00edrk\u016f\u201c se za\u010dnou zbavovat. A cena se zre\u00e1ln\u00ed. A bublina splaskne v\u010das bez katastrofy. Vysv\u011btluji to velmi zjednodu\u0161en\u011b, ale prost\u011b plat\u00ed, \u017ee v\u00a0krizi nen\u00ed ani kapitalismus, ani trh, ale krizi p\u016fsob\u00ed nezodpov\u011bdn\u00e1 politika vl\u00e1d, kter\u00e1 trh i kapitalismus ni\u010d\u00ed a dopl\u00e1cej\u00ed na to v\u0161ichni.<\/p>\n<p><strong>\u00a0<\/strong><\/p>\n<p><strong>Nen\u00ed to tak, \u017ee st\u0159edn\u00ed t\u0159\u00edda, kterou budeme \u0161iroce definovat jako pracuj\u00edc\u00ed, kte\u0159\u00ed nedost\u00e1vaj\u00ed subvence, dotuje a \u017eiv\u00ed dv\u011b skupiny obyvatel? Prvn\u00ed jsou nepracuj\u00edc\u00ed a nep\u0159izp\u016fsobiv\u00ed asoci\u00e1lov\u00e9 \u017eij\u00edc\u00ed ze soci\u00e1ln\u00edch d\u00e1vek. A druhou nadn\u00e1rodn\u00ed korporace a banky, kter\u00e9 si vymohly sob\u011b vyhovuj\u00edc\u00ed legislativu, kter\u00e9 dost\u00e1vaj\u00ed st\u00e1tn\u00ed zak\u00e1zky a dotace a levn\u00e9 nati\u0161t\u011bn\u00e9 pen\u00edze od centr\u00e1ln\u00edch bank? Do druh\u00e9 skupiny bychom mohli za\u0159adit i r\u016fzn\u00e9 ze st\u00e1tn\u00edch pen\u011b\u017e \u017eij\u00edc\u00ed nevl\u00e1dn\u00ed \u201eneziskov\u00e9\u201c organizace, um\u011blce \u010di pseudov\u011bdce a pedagogy \u017eij\u00edc\u00ed ze st\u00e1tn\u00edch grant\u016f a subvenc\u00ed.<\/strong><\/p>\n<p>Nadn\u00e1rodn\u00ed korporace nejsou \u017e\u00e1dn\u00fdm zlem. Ba\u0165a byl tak\u00e9 nadn\u00e1rodn\u00ed korporac\u00ed, kter\u00e1 sice zp\u016fsobila zruinov\u00e1n\u00ed desetitis\u00edc\u016f \u0161evc\u016f po cel\u00e9m sv\u011bt\u011b, ale kter\u00e1 levn\u011b obula miliony lid\u00ed. Zlem je politika st\u00e1tu, kter\u00e1 z\u00a0vybran\u00fdch korporac\u00ed ud\u011bl\u00e1 sv\u016fj n\u00e1stroj a sama se stane jejich n\u00e1strojem. A kdo za to m\u016f\u017ee? My, voli\u010di. Po\u0159\u00e1d vol\u00e1me po regulac\u00edch, po z\u00e1kazech v\u0161eho, co se n\u00e1m nel\u00edb\u00ed. St\u00e1t to ochotn\u011b ud\u011bl\u00e1 za cenu, \u017ee vstoup\u00ed do trhu a za\u010dne j\u00edm manipulovat. V\u00fdsledkem je pok\u0159iven\u00fd trh, kde cena nen\u00ed cenou a kde k\u00a0\u00fasp\u011bchu nevede v\u011bt\u0161\u00ed efektivita ale v\u011bt\u0161\u00ed schopnost zal\u00edbit se \u00fa\u0159adu.<\/p>\n<p>&nbsp;<\/p>\n<p><strong>Co ot\u00e1zka neust\u00e1le se zvy\u0161uj\u00edc\u00ed automatizace a robotizace ve v\u00fdrob\u011b. Jin\u00fdmi slovy, k v\u00fdrob\u011b bude podle n\u011bkter\u00fdch katastrofick\u00fdch odhad\u016f t\u0159eba tak m\u00e1lo lid\u00ed, \u017ee je voln\u00fd trh nebude moci zam\u011bstnat, a pokud nebudou moci z\u016fstat bez prost\u0159edk\u016f, bude se o n\u011b muset postarat st\u00e1t, t\u0159eba t\u00edm, \u017ee jim pr\u00e1ci za\u0159\u00edd\u00ed. Pak ale bude muset razantn\u011b zvednout dan\u011b. Kritici se oponent\u016fm sm\u011bj\u00ed coby zp\u00e1te\u010dn\u00edk\u016fm, kte\u0159\u00ed zapom\u00ednaj\u00ed, \u017ee podobn\u00e9 procesy se d\u011bly p\u0159i pr\u016fmyslov\u00e9 revoluci. Je\u0161t\u011b radik\u00e1ln\u011bj\u0161\u00ed zast\u00e1nci t\u00e9to teorie naopak tvrd\u00ed, \u017ee nadbytek lid\u00ed se vy\u0159e\u0161\u00ed pouze a jedin\u011b v\u00e1lkou.<\/strong><\/p>\n<p>No, to jsou stra\u0161n\u00e9 nesmysly na \u00farovni d\u011blnick\u00fdch bou\u0159\u00ed v\u00a0Anglii p\u0159ed t\u0159emi sty a dv\u011bma sty lety. Pr\u016fmyslov\u00e1 revoluce p\u0159itom zajistila nejv\u011bt\u0161\u00ed a nejrychlej\u0161\u00ed n\u00e1r\u016fst \u017eivotn\u00ed \u00farovn\u011b nejv\u011bt\u0161\u00edmu po\u010dtu lid\u00ed v\u00a0d\u011bjin\u00e1ch lidstva. Robotizace odstran\u00ed fyzicky nejn\u00e1ro\u010dn\u011bj\u0161\u00ed pr\u00e1ce a uvoln\u00ed lidskou tvo\u0159ivost pro mnohem produktivn\u011bj\u0161\u00ed \u010dinnosti. A jak\u00fd nadbytek lid\u00ed? \u010clov\u011bk je s\u00e1m o sob\u011b nejvy\u0161\u0161\u00ed hodnotou, nikdo nem\u00e1 pr\u00e1vo ur\u010dovat hodnotu \u010dlov\u011bka. Na cel\u00e9m sv\u011bt\u011b \u017eije tolik lid\u00ed, \u017ee srovn\u00e1ni do vojensk\u00e9ho tvaru zapln\u00ed jen rozlohu Prahy s\u00a0nejbli\u017e\u0161\u00edm okol\u00edm. Planeta je pr\u00e1zdn\u00e1. Zdroje nelze nikdy vy\u010derpat, proto\u017ee s\u00a0vy\u0161\u0161\u00ed technickou \u00farovn\u00ed \u010dlov\u011bk p\u0159ech\u00e1z\u00ed na st\u00e1le jin\u00e9 zdroje. Nebo snad trp\u00edme kriz\u00ed z\u00a0nedostatku pazourku? A s\u00a0my\u0161lenkou na v\u00e1lku si, moc pros\u00edm, nehrajme. Ani teoreticky. V\u00e1lku nen\u00ed mo\u017en\u00e9 v\u00e9st bez podpory lid\u00ed. Pokud budeme v\u0161ichni pova\u017eovat v\u00e1lku za nep\u0159ijatelnou, \u017e\u00e1dnou nikdo nerozpout\u00e1. Pokud n\u00e1s n\u011bkdo p\u0159esv\u011bd\u010d\u00ed, \u017ee za jist\u00fdch okolnost\u00ed je v\u00e1lka dobr\u00e1 v\u011bc (t\u0159eba na zadup\u00e1n\u00ed konkurenta, ze kter\u00e9ho p\u0159edt\u00edm propaganda ud\u011blala nep\u0159\u00edtele), pak v\u00e1lka zcela jist\u011b bude.<\/p>\n<p>&nbsp;<\/p>\n<p><strong>Pojem \u201ev\u00e1lka\u201c byl v minul\u00fdch letech t\u00e9m\u011b\u0159 ztoto\u017e\u0148ov\u00e1n s Ruskem. Kdy\u017e opadly emoce a jist\u00e1 \u201ep\u011bna dn\u00ed\u201c, v jak\u00e9m stavu jsou nyn\u00ed z\u00e1le\u017eitosti mezi Evropou a Ruskem? Byla Ukrajina jen mal\u00e9 nedorozum\u011bn\u00ed, nebo \u0161lo o za\u010d\u00e1tek rusk\u00e9 agresivity v\u016f\u010di Evrop\u011b, anebo, a to tak\u00e9 sl\u00fdch\u00e1me, \u0161lo o promy\u0161len\u00fd krok Z\u00e1padu k oslaben\u00ed Ruska?<\/strong><\/p>\n<p>D\u011bn\u00ed na Ukrajin\u011b je v\u00a0prvn\u00ed \u0159ad\u011b ukrajinsk\u00fd probl\u00e9m. Je to zem\u011b s\u00a0um\u011bl\u00fdmi hranicemi a s\u00a0rozd\u011blen\u00fdm obyvatelstvem. M\u016f\u017ee existovat v\u00a0m\u00edru jen za p\u0159edpokladu spolupr\u00e1ce obou hlavn\u00edch skupin obyvatel. Pokud se jedna pokus\u00ed strhnout na sebe v\u0161echnu moc, druh\u00e1 to nep\u0159ijme a bude se br\u00e1nit. Toto je zdroj ukrajinsk\u00e9 krize, na kter\u00e9 se ale velice p\u0159i\u017eivily glob\u00e1ln\u00ed s\u00edly. Pot\u0159ebuj\u00ed st\u00e1le rozfouk\u00e1vat tamn\u00ed konflikt, aby ospravedlnily omezov\u00e1n\u00ed demokracie a suverenity kdekoli po sv\u011bt\u011b.<\/p>\n<p>&nbsp;<\/p>\n<p><strong>Rusko modernizuje sv\u00e9 zbra\u0148ov\u00e9 syst\u00e9my, NATO posiluje svou p\u0159\u00edtomnost bl\u00edzko jeho hranic. Jsou zde \u00favahy, \u017ee Rusko napadne n\u011bkter\u00e9 evropsk\u00e9 zem\u011b, p\u0159\u00e1tel\u00e9 Ruska naopak tvrd\u00ed, \u017ee v\u00e1lku chystaj\u00ed USA.<\/strong><\/p>\n<p>Tady n\u011bkdo blbne. Rusko je ned\u00e1l od centra Evropy za posledn\u00edch mnoho set let. Jeho s\u00edla je mnohem men\u0161\u00ed ne\u017e v\u00a0dob\u00e1ch Sov\u011btsk\u00e9ho svazu. Pro\u010d a jak by n\u011bkoho cht\u011blo napadat? M\u00e1 dost pr\u00e1ce se svou modernizac\u00ed. Ta se ale n\u011bkomu nel\u00edb\u00ed, cht\u011bli by Rusko slab\u00e9 a v\u00a0chaosu, v jak\u00e9m bylo p\u0159ed dvaceti lety. Necht\u011bj\u00ed nov\u00e9ho plnohodnotn\u00e9ho hr\u00e1\u010de na sv\u011btov\u00e9 sc\u00e9n\u011b. Stra\u0161\u00e1k Ruskem se mnoh\u00fdm hod\u00ed k\u00a0posilov\u00e1n\u00ed militarismu. A tak\u00e9 se hod\u00ed Pobaltsk\u00fdm zem\u00edm, kde \u017eije a\u017e t\u0159etina rusk\u00e9ho obyvatelstva, kter\u00e9 je tam t\u00e9m\u011b\u0159 zbaveno ob\u010dansk\u00fdch pr\u00e1v, ani\u017e by to n\u011bjak\u00e9 Rad\u011b Evropy, Evropsk\u00e9 komisi nebo NATO vadilo. Pokud se tyto men\u0161iny za\u010dnou sv\u00fdch pr\u00e1v dom\u00e1hat, budou n\u00e1siln\u011b potla\u010deny s\u00a0vysv\u011btlen\u00edm, \u017ee \u0161lo o zakuklenou agresi Moskvy.<\/p>\n<p>&nbsp;<\/p>\n<p><strong>My, pokud jde o obranu zem\u011b, spol\u00e9h\u00e1me na NATO. Je to dostate\u010dn\u00e1 z\u00e1ruka na\u0161\u00ed obrany? P\u0159ed \u010d\u00edm je na\u0161e arm\u00e1da schopna n\u00e1s jako takov\u00e1 sama ubr\u00e1nit? Jak\u00e9 je re\u00e1ln\u00e9 nebezpe\u010d\u00ed sou\u010dasn\u00fdch, t\u0159eba i nov\u00fdch forem v\u00e1lky? Jak by se na n\u011b m\u011bla na\u0161e zem\u011b a jej\u00ed spojenci p\u0159ichystat? Jsme p\u0159ipraveni z hlediska z\u00e1chran\u00e1\u0159sk\u00fdch, krizov\u00fdch a nouzov\u00fdch proces\u016f v p\u0159\u00edpad\u011b v\u00e1lky chr\u00e1nit alespo\u0148 \u010d\u00e1st civiln\u00edho obyvatelstva?<\/strong><\/p>\n<p>NATO dnes u\u017e neslou\u017e\u00ed k\u00a0obran\u011b \u00fazem\u00ed sv\u00fdch zem\u00ed. Den po na\u0161em vstupu do NATO toto seskupen\u00ed bombardovalo civiln\u00ed c\u00edle v B\u011blehradu a Nov\u00e9m Sadu (ty \u0161kody jsem vid\u011bl na vlastn\u00ed o\u010di) s\u00a0vysv\u011btlen\u00edm, \u017ee t\u00edm pom\u016f\u017eou zastavit ob\u010danskou v\u00e1lku v\u00a0Kosovu. Dnes jsou vojska NATO budov\u00e1na jako syst\u00e9m expedi\u010dn\u00edch sbor\u016f k\u00a0boji proti domorodc\u016fm n\u011bkde v\u00a0horsk\u00fdch \u00fadol\u00edch kdekoli na druh\u00e9m konci sv\u011bta. Na\u0161e domovy u\u017e nebr\u00e1n\u00ed. To by vojska NATO nemohla strp\u011bt organizovanou invazi takzvan\u00fdch uprchl\u00edk\u016f do Evropy.<\/p>\n<p>&nbsp;<\/p>\n<p><strong>A p\u016fjdeme-li do detailu, k jednotliv\u00e9mu ob\u010danu, je nutn\u00e9 n\u011bco d\u011blat s absenc\u00ed vojensk\u00fdch schopnost\u00ed \u010di prost\u00e9 fyzick\u00e9 zdatnosti? Je dobr\u00e9 v n\u011bjak\u00e9 form\u011b obnovit z\u00e1kladn\u00ed vojenskou slu\u017ebu?<\/strong><\/p>\n<p>To jsme dost usko\u010dili. Na obnovu zdatnosti by sta\u010dil kvalitn\u00ed t\u011blocvik na \u0161kol\u00e1ch a dobr\u00e1 rodi\u010dovsk\u00e1 v\u00fdchova.<\/p>\n<p>&nbsp;<\/p>\n<p><strong>Prezident Zeman p\u0159irovn\u00e1v\u00e1 Isl\u00e1msk\u00fd st\u00e1t k nacistick\u00e9mu N\u011bmecku a vyz\u00fdv\u00e1, abychom nezaspali. Hroz\u00ed na\u0161emu sv\u011btu v\u00e1\u017en\u00e9 nebezpe\u010d\u00ed od takto expanzivn\u00edho \u00fatvaru?<\/strong><\/p>\n<p>Isl\u00e1msk\u00fd st\u00e1t je plodem z\u00e1padn\u00ed politiky. P\u0159esta\u0148me se montovat do africk\u00fdch a asijsk\u00fdch zem\u00ed, p\u0159esta\u0148me svrh\u00e1vat jejich vl\u00e1dy, p\u0159esta\u0148me podporovat vybran\u00e9 povstaleck\u00e9 s\u00edly, o nich\u017e nic nev\u00edme. Umo\u017en\u011bme t\u011bm zem\u00edm, a\u0165 si tam uspo\u0159\u00e1daj\u00ed \u017eivot podle sv\u00e9ho. Nemus\u00ed se n\u00e1m to uspo\u0159\u00e1d\u00e1n\u00ed l\u00edbit, ale oni k\u00a0n\u011bmu dosp\u011bli na z\u00e1klad\u011b n\u011bjak\u00e9ho sv\u00e9ho hluboce zako\u0159en\u011bn\u00e9ho v\u00fdvoje. M\u011bjme respekt k\u00a0jejich odli\u0161nosti a bra\u0148me odli\u0161nost svou.<\/p>\n<p><strong>Hovo\u0159\u00ed se o tom, \u017ee muslimov\u00e9 maj\u00ed za co um\u0159\u00edt. Maj\u00ed hodnoty, kter\u00e9 se n\u00e1m sice nel\u00edb\u00ed, ale n\u011bjak\u00e9 hodnoty maj\u00ed. Jak jsme na tom vlastn\u011b my, lid\u00e9 Z\u00e1padu, s n\u00e1bo\u017eensko-filozofick\u00fdmi z\u00e1klady na\u0161eho \u017eivota? P\u0159iv\u00e1d\u011bj\u00ed n\u00e1s dosavadn\u00ed hojnost a svobodomyslnost k \u017eivotu bez p\u0159em\u00fd\u0161len\u00ed o tom, kdo jsme, co m\u00e1me d\u011blat a co je, \u010di nen\u00ed spr\u00e1vn\u00e9? Do jak\u00e9 m\u00edry se n\u00e1m rozmohl \u017eivot ve stylu \u201eka\u017ed\u00fd den dobr\u00fd\u201c \u010di \u201eka\u0161lu na politiku, mn\u011b je to jedno\u201c? Zm\u011bn\u00ed se to, pokud p\u0159ijde n\u011bjak\u00e1 skute\u010dn\u011b v\u00e1\u017en\u00e1 krize? Pot\u0159ebuje z\u00e1padn\u00ed civilizace n\u011bjakou hodnotovou kotvu? Jakou?<\/strong><\/p>\n<p>Ka\u017ed\u00e1 civilizace pot\u0159ebuje sv\u00e9 hodnotov\u00e9 zakotven\u00ed, bez n\u011bj nen\u00ed civilizac\u00ed. My se od sv\u00fdch kotev dobrovoln\u011b a organizovan\u011b od\u0159ez\u00e1v\u00e1me. \u00a0To je hlavn\u00ed nebezpe\u010d\u00ed pro n\u00e1\u0161 sv\u011bt, ne n\u011bjak\u00e1 hrozba zven\u010d\u00ed.<\/p>\n<p>&nbsp;<\/p>\n<p><strong>Jsme \u010dleny Evropsk\u00e9 unie. V jak\u00e9m bod\u011b nyn\u00ed \u201euv\u00edzla\u201c evropsk\u00e1 my\u0161lenka? Sm\u011b\u0159ujeme i po \u0159eck\u00e9 krizi k je\u0161t\u011b v\u011bt\u0161\u00edmu sjednocen\u00ed Evropy? Co se vlastn\u011b s EU stalo od doby na\u0161eho vstupu? A jak se zm\u011bnilo euro, je z n\u011bj, jak \u0159\u00edkal Petr Ne\u010das, nikoliv m\u011bnov\u00e1, ale dluhov\u011b-transferov\u00e1 unie? Co tedy ud\u011blat s EU &#8211; je\u0161t\u011b v\u00edce sjednotit, nechat takto, zru\u0161it euro, zru\u0161it celou EU?<\/strong><\/p>\n<p>Pro Evropskou unii plat\u00ed star\u00e1 dobr\u00e1 moudrost: i \u0161patn\u00e9 v\u011bci jsou schopny v\u00fdvoje, vyv\u00edjej\u00ed se v\u0161ak v\u017edy v\u00a0je\u0161t\u011b hor\u0161\u00ed. EU sm\u011b\u0159uje ke st\u00e1le v\u011bt\u0161\u00ed diktatu\u0159e, k\u00a0omezov\u00e1n\u00ed suverenity, k\u00a0\u0159\u00edzen\u00ed na\u0161ich \u017eivot\u016f do posledn\u00edho detailu. A tak\u00e9 k\u00a0chudob\u011b, proto\u017ee jen svobodn\u00fd \u010dlov\u011bk m\u00e1 motivaci k\u00a0tvorb\u011b bohatstv\u00ed. Nevid\u00edm nad\u011bji, \u017ee se tento trend v\u00a0p\u0159\u00ed\u0161t\u00edch letech zm\u011bn\u00ed. Jist\u011b, jedin\u00e9 spr\u00e1vn\u00e9 \u0159e\u0161en\u00ed by bylo EU zru\u0161it a vr\u00e1tit se k\u00a0uspo\u0159\u00e1d\u00e1n\u00ed soused\u00edc\u00edch spolupracuj\u00edc\u00edch a vz\u00e1jemn\u011b se respektuj\u00edc\u00edch zem\u00ed. Toho se ale hned tak nedo\u010dk\u00e1me. Proto je jedinou \u0161anc\u00ed pro n\u00e1s z\u00a0tohoto vlaku zmaru co nejrychleji vysko\u010dit. I tak na n\u00e1s jeho \u00fapadek bude m\u00edt zhoubn\u00fd vliv, ale budeme mu u\u017e moci sv\u00fdmi silami \u010delit.<\/p>\n<p>&nbsp;<\/p>\n<p><strong>Do jak\u00e9 m\u00edry na\u0161\u00edm sv\u011btem ot\u0159esou projevy zm\u011bny klimatu? Sucho, povodn\u011b, ne\u00faroda, \u017eiveln\u00e9 katastrofy, zatopen\u00ed pob\u0159e\u017en\u00edch \u00fazem\u00ed. Co z toho se ukazuje jako re\u00e1ln\u00e9 a co jako nesmysl? M\u011bl V\u00e1clav Klaus pravdu, kdy\u017e tvrdil, \u017ee glob\u00e1ln\u00ed oteplov\u00e1n\u00ed nen\u00ed v \u017e\u00e1dn\u00e9m p\u0159\u00edpad\u011b zp\u016fsobeno \u010dlov\u011bkem?<\/strong><\/p>\n<p>Klima se m\u011bn\u00ed st\u00e1le. Sahara se te\u010f st\u00e1le v\u00edce zelen\u00e1, u\u017eiv\u00ed n\u011bkolikan\u00e1sobek lid\u00ed proti dob\u011b p\u0159ed 50 lety. Jin\u00e1 m\u00edsta zase vysychaj\u00ed. S\u00a0t\u00edm si \u010dlov\u011bk v\u017edy poradil a porad\u00ed si i dnes. Pokud v\u00e1m pr\u0161\u00ed na hlavu, neve\u010fte boj s\u00a0nebesy, ale vemte si de\u0161tn\u00edk.<\/p>\n<p>&nbsp;<\/p>\n<p><strong>Migrace je z\u00e1sadn\u00ed t\u00e9ma sou\u010dasnosti. Jak si zat\u00edm Evrop\u011b vede v boji se sou\u010dasnou, mnohem men\u0161\u00ed migra\u010dn\u00ed \u201evlnkou\u201c? Liber\u00e1ln\u011b orientovan\u00ed lid\u00e9 nad\u00e1vaj\u00ed ve\u0159ejnosti, \u017ee uprchl\u00edky i migranty nechce p\u0159ij\u00edmat, obvi\u0148uje ji z necitlivosti \u010di dokonce extremismu. V\u00fdrazn\u00e1 \u010d\u00e1st ve\u0159ejnosti naopak d\u00e1v\u00e1 najevo, \u017ee se nechce d\u011blit o sv\u00e9 zbyl\u00e9 zdroje, \u017ee se boj\u00ed kulturn\u011b odli\u0161n\u00fdch migrant\u016f a isl\u00e1msk\u00e9ho radikalismu a \u017ee nechce \u201etahat\u201c do Evropy dal\u0161\u00ed chudinu. Kdo je v pr\u00e1vu?<\/strong><\/p>\n<p>Nejde o \u017e\u00e1dn\u00e9 uprchl\u00edky. V\u00a0zem\u00edch na jih a jihov\u00fdchod od n\u00e1s \u017eije v\u00edce ne\u017e miliarda chud\u00fdch lid\u00ed. Ti v\u0161ichni by cht\u011bli \u017e\u00edt l\u00e9pe. Po\u0161kodili jsme v\u00a0posledn\u00edch letech n\u011bkter\u00e9 stabiln\u00ed re\u017eimy, a te\u010f ti trochu bohat\u0161\u00ed z\u00a0t\u00e9 miliardy, kte\u0159\u00ed maj\u00ed pen\u00edze na cestu, kte\u0159\u00ed maj\u00ed televizi a znaj\u00ed evropsk\u00e9 soci\u00e1ln\u00ed syst\u00e9my, kte\u0159\u00ed maj\u00ed kontakty, mobiln\u00ed telefony, jdou za lep\u0161\u00edm. Zat\u00edm desetitis\u00edce, z\u00edtra statis\u00edce. P\u0159ijmeme tu miliardu a p\u016fl? To je p\u0159ece nesmysl. Zreformujme sv\u00e9 soci\u00e1ln\u00ed syst\u00e9my, aby na nich ne\u0161lo tak snadno parazitovat, nerozvrt\u00e1vejme tamn\u00ed re\u017eimy a odstra\u0148me obchodn\u00ed bari\u00e9ry. A zakro\u010dme proti t\u011bm, co si z\u00a0podn\u011bcov\u00e1n\u00ed a organizov\u00e1n\u00ed imigrace ud\u011blali poh\u00e1dkov\u00fd byznys. Pak sem budou p\u0159ich\u00e1zet ne davy, ale jen jednotliv\u00ed lid\u00e9 za prac\u00ed, jako to bylo posledn\u00edch tis\u00edc let. Lid\u00e9, kte\u0159\u00ed budou ochotni za onu pr\u00e1ci p\u0159ijmout na\u0161e m\u00edstn\u00ed pravidla.<\/p>\n<p>&nbsp;<\/p>\n<p><strong>\u00a0A nen\u00ed pro n\u00e1s EU se sv\u00fdm tlakem na spole\u010dnou imigra\u010dn\u00ed politiku hrozbou?<\/strong><\/p>\n<p>EU je pro n\u00e1s ne\u0161t\u011bst\u00edm v\u00a0ka\u017ed\u00e9m ohledu.<\/p>\n<p>&nbsp;<\/p>\n<p><strong>\u017divotn\u00ed \u00farove\u0148 Evropan\u016f \u010dastokr\u00e1t zaost\u00e1v\u00e1 za \u00farovn\u00ed roku 2008, n\u011bkter\u00e9 evropsk\u00e9 zem\u011b jsou katastrof\u00e1ln\u011b p\u0159edlu\u017een\u00e9 a zejm\u00e9na ty v ji\u017en\u00ed Evrop\u011b trp\u00ed p\u0159\u00ed\u0161ernou m\u00edrou nezam\u011bstnanosti, zejm\u00e9na mlad\u00fdch. Co \u010dek\u00e1 dne\u0161n\u00ed ml\u00e1de\u017e za ekonomickou budoucnost v Evrop\u011b? Jak zabr\u00e1nit odlivu pracovn\u00edch m\u00edst jinam? Jsou Asiat\u00e9, zejm\u00e9na \u010c\u00ed\u0148ani, tak hbit\u00ed, pracovit\u00ed a nedosti\u017en\u00ed, \u017ee p\u0159ed nimi neobstoj\u00edme? Zvykli jsme si na pohodln\u00fd \u017eivot na dluh s t\u00edm, \u017ee se nemus\u00edme o nic sna\u017eit?<\/strong><\/p>\n<p>Nejsme jin\u00ed ne\u017e Asiat\u00e9. Ale jin\u00e1 je na\u0161e sou\u010dasn\u00e1 politika. My jdeme cestou tuh\u00e9 regulace ekonomiky, oni ji nyn\u00ed st\u00e1le v\u00edce uvol\u0148uj\u00ed. Proto rostou, zat\u00edmco n\u00e1\u0161 sv\u011bt stagnuje.<\/p>\n<p>&nbsp;<\/p>\n<p><strong>Nen\u00ed to tak, \u017ee s po\u010dtem vysok\u00fdch \u0161kol i student\u016f kles\u00e1 jejich kvalita, \u017ee existuj\u00ed zbyte\u010dn\u00e9 obory, kter\u00e9 nikoho neu\u017eiv\u00ed a \u017ee je naopak nedostatek technicky vzd\u011blan\u00fdch lid\u00ed a nedostatek klasick\u00fdch u\u010d\u0148\u00e1k\u016f?<\/strong><\/p>\n<p><strong>\u00a0<\/strong><\/p>\n<p>No, nechci si hr\u00e1t na odborn\u00edka na \u00fapln\u011b v\u0161echno. Ale mo\u017en\u00e1 u\u017e hodn\u011b z n\u00e1s dlouho nevid\u011blo soudob\u00e9 u\u010debnice. Zkuste to a zhroz\u00edte se. Ve \u0161kol\u00e1ch se u\u010d\u00ed u\u017e jen pouze l\u00e1ska k\u00a0Bruselu a militantn\u00ed ekoteroristick\u00e1 ideologie.<\/p>\n<p><strong>Zhruba polovina man\u017eelstv\u00ed se rozv\u00e1d\u00ed a zhruba polovina d\u011bt\u00ed se rod\u00ed mimo man\u017eelstv\u00ed. Co to \u0159\u00edk\u00e1 o stavu spole\u010dnosti a rodiny?<\/strong><\/p>\n<p>To souvis\u00ed s\u00a0on\u00edm od\u0159ez\u00e1v\u00e1n\u00edm se od kotev na\u0161\u00ed civilizace.<\/p>\n<p>&nbsp;<\/p>\n<p><strong>\u00a0Nen\u00ed to tak, \u017ee ze \u0161kol a rodin vych\u00e1zej\u00ed rozmazlen\u00ed fracci, kte\u0159\u00ed jsou zvykl\u00ed dost\u00e1vat v\u0161e zadarmo a nev\u011bd\u00ed nic o pojmech, jako jsou sebek\u00e1ze\u0148, discipl\u00edna, pracovitost, autorita?<\/strong><\/p>\n<p>Na tom jist\u011b mnoho je, ale takto mluvily i v\u0161echny generace posledn\u00ed t\u0159i tis\u00edce let. Podle m\u011b je ale hlavn\u00ed zdroj \u00fapadku v\u00fdchovy v\u00a0rodin\u00e1ch. Zame\u0165me si ka\u017ed\u00fd p\u0159ed sv\u00fdm prahem.<\/p>\n<p><strong>\u00a0<\/strong><\/p>\n<p><strong>S nads\u00e1zkou se \u0159\u00edk\u00e1, \u017ee tolik informac\u00ed, kolik st\u0159edov\u011bk\u00fd \u010dlov\u011bk zpracoval za cel\u00fd \u017eivot, my p\u0159ijmeme za jedin\u00fd den. Pravdou je, \u017ee frekvence informac\u00ed o d\u011bn\u00ed kolem n\u00e1s je nejvy\u0161\u0161\u00ed, co kdy byla. Um\u011bj\u00ed se dne\u0161n\u00ed lid\u00e9 orientovat ve sv\u011bt\u011b l\u00e9pe ne\u017e ti t\u0159eba jen o dv\u011b \u010di t\u0159i generace zp\u011bt? Um\u00edme informace spr\u00e1vn\u011b t\u0159\u00eddit?<\/strong><\/p>\n<p>Probl\u00e9m nen\u00ed v\u00a0mno\u017estv\u00ed informac\u00ed ale v\u00a0tom, \u017ee drtivou v\u011bt\u0161inu u\u017e jich nep\u0159ij\u00edm\u00e1me vlastn\u00ed zku\u0161enost\u00ed ale od prost\u0159edn\u00edk\u016f (od m\u00e9di\u00ed). T\u00edm se na\u0161e v\u011bdom\u00ed st\u00e1v\u00e1 hra\u010dkou v\u00a0rukou manipul\u00e1tor\u016f. Neberme nikdy \u017e\u00e1dn\u00e9 sd\u011blen\u00ed jen tak samoz\u0159ejm\u011b, v\u017edy se zkusme zam\u00fd\u0161let, pro\u010d n\u00e1m zrovna tohle, zrovna te\u010f a zrovna t\u00edmto zp\u016fsobem n\u011bkdo \u0159\u00edk\u00e1. To je jedin\u00e1 obrana proti manipulaci.<\/p>\n<p>&nbsp;<\/p>\n<p><strong>\u00a0Um\u00edme se spr\u00e1vn\u011bji rozhodovat v politice? Stoup\u00e1 role politick\u00e9ho marketingu a reklamy jako takov\u00e9, psychologick\u00e9 \u201ef\u00edgle\u201c na n\u00e1s jsou mnohem sofistikovan\u011bj\u0161\u00ed. \u010cili lze n\u00e1s, p\u0159einformovan\u00e9 pokolen\u00ed, snadn\u011bji \u201eoblbnout\u201c? Jak hodnotit pr\u00e1ci m\u00e9di\u00ed v dne\u0161n\u00edm sv\u011bt\u011b?<\/strong><\/p>\n<p>Sp\u00ed\u0161e p\u0159em\u00fd\u0161lejme, kolik z\u00a0t\u011bch v\u011bc\u00ed, kter\u00e9 n\u00e1m na politice vad\u00ed, si vlastn\u011b sami objedn\u00e1v\u00e1me svou popt\u00e1vkou po z\u00e1ruk\u00e1ch. Chceme ze \u017eivota odstra\u0148ovat v\u0161echna rizika a nedom\u00fd\u0161l\u00edme d\u016fsledky. St\u00e1tn\u00ed moc n\u00e1s ochotn\u011b t\u011bch rizik zbav\u00ed a vezme si za to na\u0161i svobodu. Na to pak nad\u00e1v\u00e1me, ale svou p\u0159edchoz\u00ed objedn\u00e1vku po jistot\u00e1ch s\u00a0t\u00edm nespoj\u00edme.<\/p>\n<p>&nbsp;<\/p>\n<p><strong>A co n\u00e1\u0161 vztah s N\u011bmeckem? P\u0159ebolelo ji\u017e v\u0161echno a nemus\u00edme se N\u011bmc\u016f ob\u00e1vat?<\/strong><\/p>\n<p>Ob\u00e1vejme se p\u0159edev\u0161\u00edm nedostatku sv\u00e9 vlastn\u00ed hrdosti.<\/p>\n<p>&nbsp;<\/p>\n<p><strong>Kdy\u017e u\u017e jsme se dotkli ot\u00e1zky budouc\u00edch sv\u011btov\u00fdch alianc\u00ed. Spojen\u00e9 st\u00e1ty l\u00e1kaj\u00ed Evropu do dohody TTIP, kterou by byla takov\u00e1 pevn\u00e1 aliance vytvo\u0159ena. Rusko, \u010c\u00edna, Indie a dal\u0161\u00ed zem\u011b spojily sv\u00e9 s\u00edly v BRICS. Jak\u00e1 budoucnost \u010dek\u00e1 oba spolky, co \u010dek\u00e1 americk\u00fd dolar? Kam se m\u00e1 za\u0159adit na\u0161e zem\u011b? Hroz\u00ed v p\u0159\u00edpadn\u00e9m multipol\u00e1rn\u00edm sv\u011bt\u011b, \u010di sp\u00ed\u0161e sv\u011bt\u011b v\u00edce alianc\u00ed, sv\u011btov\u00e1 v\u00e1lka? Na jak\u00e9 b\u00e1zi uspo\u0159\u00e1dat sv\u011btovou velmocenskou realitu?<\/strong><\/p>\n<p>J\u00e1 se nerad pou\u0161t\u00edm do t\u011bchto her. Vypad\u00e1 to jako monopoly n\u011bkde na stole. Skute\u010dn\u00fd \u017eivot si diktuje mnohem v\u00edc, ne\u017e m\u016f\u017eou domyslet pl\u00e1nova\u010di sv\u011bta. Jist\u011b\u017ee sv\u011bt se m\u011bn\u00ed a t\u011b\u017ei\u0161t\u011b vlivu a prosperity p\u0159esouvaj\u00ed. Sna\u017eme se, abychom my \u017eili svobodn\u011b, a to n\u00e1s za\u0159ad\u00ed k\u00a0t\u011bm \u00fasp\u011b\u0161n\u00fdm.<\/p>\n<p>&nbsp;<\/p>\n<p><strong>Jsme jako lidstvo schopni vyu\u017e\u00edvat sv\u016fj v\u011bdeck\u00fd a technick\u00fd potenci\u00e1l, tak abychom se nezni\u010dili \u010di fat\u00e1ln\u011b nepo\u0161kodili? Krom\u011b jadern\u00fdch zbran\u00ed existuj\u00ed zpr\u00e1vy o r\u016fzn\u00fdch zbra\u0148ov\u00fdch \u201enovink\u00e1ch\u201c budoucnosti, je\u0161t\u011b ni\u010div\u011bj\u0161\u00edch. Z\u00e1rove\u0148 se hovo\u0159\u00ed nap\u0159\u00edklad o p\u0159elomov\u00fdch mo\u017enostech v\u00fdroby energie, kter\u00e9 by lidstvo posunuly d\u00e1l, z\u00e1rove\u0148 v\u0161ak ot\u0159\u00e1sly sou\u010dasnou ekonomikou. A to je zde je\u0161t\u011b faktor budouc\u00edch v\u00e1lek o zdroje a energie.<\/strong><\/p>\n<p>Nejv\u00edc vra\u017ed je sp\u00e1ch\u00e1no kuchy\u0148sk\u00fdm no\u017eem. Kdepak, no\u017ee jsou v\u00a0tom nevinn\u011b. Stejn\u011b jako v\u0161echny ostatn\u00ed zbran\u011b. Vin\u00edkem je v\u017edy \u010dlov\u011bk. A jeho ochota p\u0159\u00edli\u0161 snadno naskakovat a propagandou tvo\u0159en\u00e9 obrazy nep\u0159\u00edtele.<\/p>\n<p>&nbsp;<\/p>\n<p><strong>\u00a0Pokud jde o modern\u00ed technologie, vznikaj\u00ed st\u00e1le sofistikovan\u011bj\u0161\u00ed metody, jak \u0161pehovat ob\u010dany. Kamery, \u010dipy, GPS, sledov\u00e1n\u00ed mail\u016f, mobil\u016f. Bude mo\u017eno se v\u016fbec proti Velk\u00e9mu Bratrovi n\u011bjak ubr\u00e1nit?<\/strong><\/p>\n<p>Op\u011bt ani tady nen\u00ed probl\u00e9m v\u00a0technologi\u00edch ale ve st\u00e1tu. A vlastn\u011b v\u00a0tom, co si od st\u00e1tu my slibujeme. Chceme po st\u00e1tu z\u00e1ruku na \u0161t\u011bst\u00ed bez rizika? Pak po\u010d\u00edtejme, \u017ee budeme m\u00edt kameru i v\u00a0toaletn\u00ed m\u00edse.<\/p>\n<p>&nbsp;<\/p>\n<p><strong>Na\u0161e civilizace za\u017e\u00edv\u00e1 nev\u00eddan\u00e9 mo\u017enosti prodlou\u017een\u00ed \u017eivota a zv\u00fd\u0161en\u00ed jeho kvality z hlediska l\u00e9ka\u0159sk\u00e9 v\u011bdy. Jsme p\u0159ipraveni na to, \u017ee mezi n\u00e1mi nicm\u00e9n\u011b bude \u017e\u00edt v\u00edce star\u0161\u00edch lid\u00ed? Lze v\u016fbec vy\u0159e\u0161it probl\u00e9m demografick\u00e9 obr\u00e1cen\u00e9 pyramidy?<\/strong><\/p>\n<p>\u017divot je dar. Neexistuje \u017e\u00e1dn\u00fd demografick\u00fd probl\u00e9m. Existuje probl\u00e9m \u0161patn\u00fdch d\u016fchodov\u00fdch syst\u00e9m\u016f. Lid\u00e9 se maj\u00ed na st\u00e1\u0159\u00ed sami p\u0159ipravovat. Jak cht\u011bj\u00ed, t\u0159eba sb\u00edrat cenn\u00e9 zn\u00e1mky, po\u0159\u00eddit si houf vd\u011b\u010dn\u00fdch potomk\u016f, investovat do sousedova \u0159eznictv\u00ed. Pokud tuto starost p\u0159enechaj\u00ed st\u00e1tu, ten to za\u0159\u00edd\u00ed pouze extr\u00e9mn\u00edm zdan\u011bn\u00edm st\u00e1le ze zmen\u0161uj\u00edc\u00ed skupiny aktu\u00e1ln\u011b pracuj\u00edc\u00edch poplatn\u00edk\u016f. A to zdan\u011bn\u00ed pak zruinuje celou ekonomiku.<\/p>\n<p>&nbsp;<\/p>\n<p><strong>\u00a0V \u010dem budeme \u017e\u00edt za dvacet, t\u0159icet let? Dok\u00e1\u017eete si odhadnout? V prosperit\u011b, \u010di nov\u00e9 verzi totality?<\/strong><\/p>\n<p>Nechci se podobat klimatick\u00fdm alarmist\u016fm, kte\u0159\u00ed nev\u011bd\u00ed, jak bude z\u00edtra, zato p\u0159esn\u011b v\u011bd\u00ed, jak bude za pades\u00e1t let. Nejbli\u017e\u0161\u00ed l\u00e9ta ale u n\u00e1s a v\u00a0na\u0161em sv\u011bt\u011b dob\u0159e nevid\u00edm, \u010dek\u00e1m sp\u00ed\u0161e dal\u0161\u00ed zhor\u0161ov\u00e1n\u00ed. Zlep\u0161en\u00ed p\u0159ijde teprve tehdy, a\u017e lid\u00e9 p\u0159estanou \u010dekat od st\u00e1tu, \u017ee bude jejich ch\u016fvou.<\/p>\n<p><em>(Rozhovor pro Parlamentn\u00ed listy, ptal se Luk\u00e1\u0161 Pet\u0159\u00edk)<\/em><\/p>\n","protected":false},"excerpt":{"rendered":"<p>Je to u\u017e sedm let od za\u010d\u00e1tku velk\u00e9 ekonomick\u00e9 krize, kter\u00e1 za\u010dala krachem americk\u00fdch bank. B\u011bhem t\u00e9 doby se kritici sou\u010dasn\u00e9ho syst\u00e9mu sna\u017eili pomoc\u00ed akc\u00ed jako Occupy Wall Street p\u0159esv\u011bd\u010dit ve\u0159ejnost, \u017ee miliard\u00e1\u0159i a \u201ebankste\u0159i\u201c ji pomoc\u00ed finan\u010dn\u00edho syst\u00e9mu okr\u00e1daj\u00ed. Mnoz\u00ed odborn\u00edci, jako \u0159eck\u00fd exministr financ\u00ed a ekonom Varoufakis, tepali finan\u010dn\u00ed syst\u00e9m jako cosi zalo\u017een\u00e9ho [&hellip;]<\/p>\n","protected":false},"author":1,"featured_media":0,"comment_status":"open","ping_status":"open","sticky":false,"template":"","format":"standard","meta":{"ngg_post_thumbnail":0,"footnotes":""},"categories":[13],"tags":[],"class_list":["post-5952","post","type-post","status-publish","format-standard","hentry","category-rozhovory"],"_links":{"self":[{"href":"https:\/\/www.ladislavjakl.cz\/index.php?rest_route=\/wp\/v2\/posts\/5952","targetHints":{"allow":["GET"]}}],"collection":[{"href":"https:\/\/www.ladislavjakl.cz\/index.php?rest_route=\/wp\/v2\/posts"}],"about":[{"href":"https:\/\/www.ladislavjakl.cz\/index.php?rest_route=\/wp\/v2\/types\/post"}],"author":[{"embeddable":true,"href":"https:\/\/www.ladislavjakl.cz\/index.php?rest_route=\/wp\/v2\/users\/1"}],"replies":[{"embeddable":true,"href":"https:\/\/www.ladislavjakl.cz\/index.php?rest_route=%2Fwp%2Fv2%2Fcomments&post=5952"}],"version-history":[{"count":1,"href":"https:\/\/www.ladislavjakl.cz\/index.php?rest_route=\/wp\/v2\/posts\/5952\/revisions"}],"predecessor-version":[{"id":5953,"href":"https:\/\/www.ladislavjakl.cz\/index.php?rest_route=\/wp\/v2\/posts\/5952\/revisions\/5953"}],"wp:attachment":[{"href":"https:\/\/www.ladislavjakl.cz\/index.php?rest_route=%2Fwp%2Fv2%2Fmedia&parent=5952"}],"wp:term":[{"taxonomy":"category","embeddable":true,"href":"https:\/\/www.ladislavjakl.cz\/index.php?rest_route=%2Fwp%2Fv2%2Fcategories&post=5952"},{"taxonomy":"post_tag","embeddable":true,"href":"https:\/\/www.ladislavjakl.cz\/index.php?rest_route=%2Fwp%2Fv2%2Ftags&post=5952"}],"curies":[{"name":"wp","href":"https:\/\/api.w.org\/{rel}","templated":true}]}}