{"id":5958,"date":"2015-07-27T14:02:23","date_gmt":"2015-07-27T12:02:23","guid":{"rendered":"http:\/\/www.ladislavjakl.cz\/?p=5958"},"modified":"2015-07-27T14:02:23","modified_gmt":"2015-07-27T12:02:23","slug":"hodina-a-pul-nadavani-na-ceskou-televizi-a-jeji-redaktory-od-dvou-starych-znamych-co-s-ct-neco-zazili-a-nakonec-navrh-na-popravu","status":"publish","type":"post","link":"https:\/\/www.ladislavjakl.cz\/?p=5958","title":{"rendered":"Hodina a p\u016fl nad\u00e1v\u00e1n\u00ed na \u010ceskou televizi a jej\u00ed redaktory od dvou star\u00fdch zn\u00e1m\u00fdch, co s \u010cT n\u011bco za\u017eili. A nakonec n\u00e1vrh na popravu"},"content":{"rendered":"<p>O \u010cesk\u00e9 televizi si v Debatn\u00edm klubu pov\u00eddali dva muzikanti \u2013 Petr \u0160t\u011bp\u00e1nek (jinak t\u00e9\u017e spisovatel) a Ladislav Jakl (nyn\u00ed \u0159editel Centra spole\u010densk\u00fdch studi\u00ed Institutu V\u00e1clava Klause). Shodli se, \u017ee \u010ceskou televiz\u00ed prot\u00e9kaj\u00ed nekontrolovan\u011b velk\u00e9 pen\u00edze, nejv\u00edce jim v\u0161ak vadilo p\u0159\u00edli\u0161 jednostrann\u00e9 zpravodajstv\u00ed. \u201eNejv\u011bt\u0161\u00ed pr\u016f\u0161vih sou\u010dasnosti je, \u017ee jsme zavaleni jedin\u00fdm spr\u00e1vn\u00fdm n\u00e1zorem a hust\u00ed to do n\u00e1s za na\u0161e vlastn\u00ed pen\u00edze,\u201c uvedl k tomu \u0160t\u011bp\u00e1nek.<\/p>\n<p><!--more--><\/p>\n<p>Jakl v \u00favodu p\u0159ipomn\u011bl, \u017ee v l\u00e9t\u011b roku 1991 sepsal s kolegou Michalem Sedl\u00e1\u010dkem n\u00e1vrh z\u00e1kona o \u010cT. \u201e\u0158\u00edkali jsme si, \u017ee nejsme natolik v\u00fdznamn\u00ed a vlivn\u00ed, aby se na\u0161e n\u00e1zory uplatnily. Ale plat\u00ed jeden skoro a\u017e fyzik\u00e1ln\u00ed z\u00e1kon. Kdo na n\u011bjak\u00e9 sch\u016fzi p\u0159edlo\u017e\u00ed n\u011bjak\u00e9 usnesen\u00ed jako prvn\u00ed, m\u00e1 n\u00e1skok. Co\u017e jsme ud\u011blali my. Skon\u010dilo to tak, \u017ee tento n\u00e1\u0161 n\u00e1vrh adoptovalo Ministerstvo kultury a v podstat\u011b ho opsalo,\u201c vzpomn\u011bl Jakl.<\/p>\n<p>Z\u00e1kon za\u010dal platit a podle n\u011bj vznikla \u010cesk\u00e1 televize, byl zvolen prvn\u00ed prozat\u00edmn\u00ed \u0159editel. Stal se j\u00edm Ivo Math\u00e9. Pot\u00e9 vznikla rada \u010cesk\u00e9 televize, kter\u00e1 zvolila \u0159\u00e1dn\u00e9ho \u0159editele, j\u00edm\u017e se stal op\u011bt Math\u00e9. \u201e\u0160lo o st\u00e1tn\u00ed televizi. M\u00e1me pro ni sice r\u016fzn\u00e9 eufemismy, ale kdy\u017e n\u011bco z\u0159\u00edd\u00ed st\u00e1t z\u00e1konem, ur\u010d\u00ed p\u016fsobnost, ve\u0159ejn\u00e9 financov\u00e1n\u00ed a ur\u010d\u00ed jej\u00ed vnit\u0159n\u00ed uspo\u0159\u00e1d\u00e1n\u00ed a p\u0159id\u011bl\u00ed j\u00ed kmito\u010dtov\u00e9 spektrum a majetek, toto v\u0161echno z\u00e1konem, kejh\u00e1 jako kachna, chod\u00ed jako kachna, tak je to kachna. To znamen\u00e1, kdy\u017e n\u011bco z\u0159izuje st\u00e1t, tak p\u0159es ve\u0161ker\u00e9 ve\u0159ejnopr\u00e1vn\u00ed eufemismy, je to st\u00e1tn\u00ed,\u201c vysv\u011btlil. \u201ePouze je to na politickou moc napojen\u00e9 ur\u010dit\u00fdm pol\u0161t\u00e1\u0159em, kter\u00fd zt\u011b\u017euje okam\u017eit\u00e9 objedn\u00e1v\u00e1n\u00ed si jak\u00fdchkoliv politick\u00fdch obsah\u016f. A ne p\u0159\u00edmo, jako to bylo tehdy,\u201c oz\u0159ejmil.<\/p>\n<p>A pak vysv\u011btlil, pro\u010d si nepolo\u017eil ot\u00e1zku: \u201eNem\u00e1me tu st\u00e1tn\u00ed noviny, nikomu nechyb\u011bj\u00ed, stejn\u011b tak st\u00e1tn\u00ed \u010dasopisy.\u201c D\u016fvod\u016f bylo v\u00edce. \u201eNikdo nev\u011b\u0159il, \u017ee by se soukrom\u00fd sektor tak rychle u n\u00e1s etabloval. A \u017ee by bylo mo\u017en\u00e9 si n\u011bkter\u00e9 funkce vys\u00edl\u00e1n\u00ed u n\u011bj objednat. Druh\u00fdm d\u016fvodem bylo, \u017ee u\u017e to vypadalo, \u017ee krachne federace, a za\u010dala se rozho\u0159\u00edvat debata co s takzvan\u00fdm feder\u00e1ln\u00edm okruhem. Poda\u0159ilo se mi dos\u00e1hnout toho, \u017ee pro budouc\u00ed prvn\u00ed soukromou celoplo\u0161nou nez\u00e1vislou televizi u n\u00e1s bude ur\u010den pr\u00e1v\u011b tento lep\u0161\u00ed program, b\u00fdval\u00fd feder\u00e1ln\u00ed, a ne n\u011bjak\u00fd n\u00e1hradn\u00ed, druhotn\u00fd. Co\u017e cht\u011blo tehdej\u0161\u00ed veden\u00ed \u010cesk\u00e9 televize,\u201c konstatoval Jakl.<\/p>\n<p>\u201eNa v\u0161ech medi\u00e1ln\u00edch konferenc\u00edch, kter\u00fdch se ale z\u00fa\u010dast\u0148uji st\u00e1le m\u00e9n\u011b, se ne\u0159e\u0161\u00ed z\u00e1sadn\u00ed ot\u00e1zky \u2013 jestli v\u016fbec je pot\u0159eba n\u011bco takov\u00e9ho, s t\u00edm ohromn\u00fdm rozpo\u010dtem, jestli to nen\u00ed zneu\u017eiteln\u00e1 v\u011bc, zda se na n\u00ed n\u011bkdo neobohacuje, jestli tam nedoch\u00e1z\u00ed k manipulaci v rukou \u00fazk\u00e9 skupiny, kter\u00e1 v\u016fbec nem\u00e1 \u017e\u00e1dn\u00fd mand\u00e1t, jen\u017e by vypl\u00fdval z n\u011bjak\u00e9 ve\u0159ejn\u00e9 objedn\u00e1vky,\u201c upozornil.<\/p>\n<p>\u201eJsem tedy vlastn\u011b takov\u00fd spolupachatel. Ale tehdy jsem si \u0159\u00edkal k t\u011bm z\u00e1sadn\u00edm v\u011bcem. Pak to jednou zru\u0161\u00edme, bude tady jenom priv\u00e1tn\u00ed sektor. A u n\u011bj si teprve \u0159ekneme, co nen\u00ed schopen obhospoda\u0159ovat, tak si u n\u011bj objednejme za n\u011bjak\u00e9 pen\u00edze. \u017de to budeme \u0159e\u0161it pozd\u011bji. To jsem ale netu\u0161il, \u017ee nejp\u0159\u00edhodn\u011bj\u0161\u00ed a nejsvobodn\u011bj\u0161\u00ed chv\u00edle byla pr\u00e1v\u011b tahle. A \u017ee to bude u\u017e jenom hor\u0161\u00ed, to m\u011b ve snu nenapadlo. A je to jedno z nejv\u011bt\u0161\u00edch roz\u010darov\u00e1n\u00ed m\u00e9ho \u017eivota,\u201c povzdechl si Ladislav Jakl.<\/p>\n<p>Petr \u0160t\u011bp\u00e1nek nastoupil do \u010cesk\u00e9 televize nejd\u0159\u00edve jako redaktor po\u0159adu Politika pro ka\u017ed\u00e9ho, pozd\u011bji p\u0159ejmenovan\u00e9ho na Karle, p\u0159epni to. Z\u00e1hy v\u0161ak ode\u0161el, neb ho zavolal V\u00e1clav Klaus a p\u0159es moderov\u00e1n\u00ed m\u00edtink\u016f se stal tiskov\u00fdm tajemn\u00edkem p\u0159edsedy vl\u00e1dy. Moc ho to nebavilo, nevydr\u017eel zde dlouho. \u201ePak v\u0161ak p\u0159i\u0161la jin\u00e1 v\u00fdzva, vzpomn\u011bli si na m\u011b poslanci. M\u011bl jsem krom\u011b \u010cesk\u00e9 televize jistou zku\u0161enost i z nov\u011b vznikaj\u00edc\u00edch mal\u00fdch region\u00e1ln\u00edch televizi a byl jsem v roce 1994 zvolen do Rady pro rozhlasov\u00e9 a televizn\u00ed vys\u00edl\u00e1n\u00ed,\u201c p\u0159ipomn\u011bl. Kterou shodou okolnost\u00ed spoluzakl\u00e1dal a byl n\u011bjak\u00fd \u010das jej\u00edm \u0161\u00e9fem pr\u00e1v\u011b Jakl. \u201eDruh\u00fd z\u00e1kon, kter\u00fd jsme vytvo\u0159ili s Michalem Sedl\u00e1\u010dkem, byl pr\u00e1v\u011b ten, na n\u011bm\u017e tato rada vznikla,\u201c dodal Jakl.<\/p>\n<p>V Rad\u011b pro rozhlasov\u00e9 a televizn\u00ed vys\u00edl\u00e1n\u00ed p\u016fsobil Petr \u0160t\u011bp\u00e1nek dev\u011bt let. \u201ePak jsem byl slavn\u011b odvol\u00e1n a popraven. \u010cesk\u00e1 televize se na tom tro\u0161ku spolupropagandisticky spolupod\u00edlela. N\u00e1sledn\u011b si na m\u011b vzpomn\u011bla Topol\u00e1nkova vl\u00e1da a p\u011bt let jsem byl \u010dlenem Rady \u010desk\u00e9ho telekomunika\u010dn\u00edho \u00fa\u0159adu. Byl jsem jedn\u00edm z t\u011bch, kte\u0159\u00ed \u010desk\u00e9 televizn\u00ed vys\u00edl\u00e1n\u00ed digitalizovali,\u201c pochlubil se \u0160t\u011bp\u00e1nek.<\/p>\n<p><strong>I \u0161patn\u00e9 v\u011bci jsou schopn\u00e9 v\u00fdvoje. Vyv\u00edjej\u00ed se v\u0161ak v\u017edy v hor\u0161\u00ed<\/strong><\/p>\n<p>\u201eJak jsi dnes se sv\u00fdm d\u00edt\u011btem spokojen?\u201c vznesl z\u00e1sadn\u00ed ot\u00e1zku \u0160t\u011bp\u00e1nek Jaklovi. \u201eKdy\u017e si n\u011bkdo st\u011b\u017euje na \u010ceskou televizi a skuhr\u00e1 \u2013 co vys\u00edlaj\u00ed a nevys\u00edlaj\u00ed, jak se tam l\u017ee ka\u017ed\u00fd den a rozpout\u00e1v\u00e1 se propaganda proti n\u011bkomu a n\u011b\u010demu, \u017ee je to propagandistick\u00fd n\u00e1stroj, jako tomu bylo za bol\u0161evika, a \u017ee televiz\u00ed prot\u00e9kaj\u00ed miliardy konkr\u00e9tn\u00edm z\u00e1jmov\u00fdm skupin\u00e1m \u2013 z m\u00e9ho pohledu jsou to prkotiny, kter\u00fdmi se nezab\u00fdv\u00e1m. Proto\u017ee o \u010cesk\u00e9 televizi jako o ka\u017ed\u00e9 zbyte\u010dn\u00e9 instituci plat\u00ed jedna univerz\u00e1ln\u00ed v\u011bta: I \u0161patn\u00e9 v\u011bci jsou schopn\u00e9 v\u00fdvoje. Vyv\u00edjej\u00ed se v\u0161ak v\u017edy v je\u0161t\u011b hor\u0161\u00ed,\u201c sd\u011blil Jakl. Zak\u00f3dovanost t\u00e9 \u0161patnosti je podle n\u011bj v tom, \u017ee existuje n\u011bco nabaleno na st\u00e1t a okupov\u00e1no v\u00edcem\u00e9n\u011b p\u0159\u00ed\u017eivn\u00edky st\u00e1tu. \u201eCo m\u00e1 mo\u017enost disponovat obrovsk\u00fdmi pen\u011bzi a propagandistickou silou v podstat\u011b bez ve\u0159ejn\u00e9 kontroly,\u201c doplnil Jakl.<\/p>\n<p>\u0160t\u011bp\u00e1nek si p\u0159isadil. \u201e\u010cesk\u00e1 televize m\u00e1 ve v\u00ednku, \u017ee nen\u00ed st\u00e1tn\u00ed. Ale ona nen\u00ed na\u0161e. Kdy\u017e n\u011bco le\u017e\u00ed na chodn\u00edku, tak se toho n\u011bkdo zmocn\u00ed. M\u00e1m pocit, \u017ee \u010cesk\u00e1 televize ponejv\u00edce pat\u0159\u00ed jej\u00edm redaktor\u016fm. Rada \u010cesk\u00e9 televize je jen k tomu takov\u00e1 staf\u00e1\u017e. Daleko v\u00edce ne\u017e z\u00e1stupce n\u00e1s, koncesion\u00e1\u0159\u016f, funguje jako jak\u00fdsi obrann\u00fd val t\u011bchto z\u00e1jmov\u00fdch skupin,\u201c uvedl.<\/p>\n<p>\u201eZ\u00e1m\u011brn\u011b uv\u00e1d\u00edm, \u017ee nikoli politick\u00fdch stran. Proto\u017ee ve v\u00fdsledku politick\u00e9 strany maj\u00ed z\u00e1jem na tom, aby to fungovalo vyv\u00e1\u017een\u011b. Kdy\u017e je n\u011bkdo naho\u0159e, nemus\u00ed tam za dva roky b\u00fdt a oto\u010dilo by se to proti n\u011bmu. Ponejv\u00edce tedy neslou\u017e\u00ed n\u011bjak\u00e9mu politick\u00e9mu zadavateli, ale z\u00e1jmov\u00fdm skupin\u00e1m. Proto\u017ee jde do zna\u010dn\u00e9 m\u00edry o pen\u00edze a vliv,\u201c domn\u00edval se \u0160t\u011bp\u00e1nek. \u201eTo je pravda, ale nen\u00ed n\u00e1hoda, \u017ee u n\u00e1s notoricky jsou ty z\u00e1jmov\u00e9 skupiny po cel\u00fdch 25 let spojeny s konkr\u00e9tn\u00ed z\u00e1jmovou skupinou, kter\u00e1 vid\u00ed sv\u011bt velmi podobn\u011b,\u201c p\u0159ipodotkl Jakl.<\/p>\n<p>\u201eKdyby n\u011bkdo cht\u011bl obh\u00e1jit vlastn\u00ed smysl takov\u00e9to z principu nenorm\u00e1ln\u00ed instituce, tak by musel obh\u00e1jit jej\u00ed vznik od \u010dist\u00e9ho stolu, ne \u0159\u00edci, pro\u010d ji ru\u0161it. M\u011bl by argumentovat, pro\u010d mus\u00ed existovat. Na t\u011bch r\u016fzn\u00fdch konferenc\u00edch jsem \u010dasto p\u0159e\u010detl program za posledn\u00ed dva dny \u2013 francouzsk\u00e1 detektivka, italsk\u00e1 komedie a \u0159\u00edkal jsem \u2013 kv\u016fli tomuhle? Toto p\u0159ece m\u016f\u017ee vys\u00edlat kdokoliv jin\u00fd. A nemus\u00ed se z\u0159izovat ve\u0159ejnopr\u00e1vn\u00ed instituce, kterou neum\u00ed a nikdy nebude um\u011bt nikdo kontrolovat. N\u011bkdo mi oponoval, ale kdo by vys\u00edlal tuhle slu\u017ebu a kdo v p\u0159\u00edpad\u011b tohohle zase jinou. Je to stejn\u00e9, jako by n\u011bkdo \u0159\u00edkal, \u017ee norm\u00e1ln\u00ed spektrum novin a \u010dasopis\u016f nen\u00ed schopn\u00e9 plnit n\u011bkter\u00e9 funkce, a proto mus\u00edme od lid\u00ed vybrat n\u00e1sil\u00edm pen\u00edze, z\u0159\u00eddit n\u011bco jin\u00e9ho, na co lid\u00e9 nebudou m\u00edt \u017e\u00e1dn\u00fd vliv, jenom to budou muset platit,\u201c domn\u00edval se Jakl.<\/p>\n<p><strong>Jde o na\u0161e ve\u0159ejn\u00e9 pen\u00edze a nakl\u00e1d\u00e1 se s nimi neve\u0159ejn\u011b<\/strong><\/p>\n<p>\u010cesk\u00e1 televize je rozd\u011blena na dv\u011b \u010d\u00e1sti. \u201eJedna je ta hlavn\u00ed budova s dramatickou tvorbou a druh\u00e1, takzvan\u00e1 OTN, objekt televizn\u00edch novin. Poj\u010fme se nejd\u0159\u00edve pobavit o t\u00e9 velk\u00e9 televizi, kde se to\u010d\u00ed seri\u00e1ly a d\u011blaj\u00ed televizn\u00ed filmy. Kdy\u017e vezmeme v potaz to, jak\u00e1 je migrace pracovn\u00edk\u016f ve\u0159ejnopr\u00e1vn\u00ed televize do soukrom\u00fdch televiz\u00ed a zase zp\u00e1tky a dnes gener\u00e1ln\u00ed \u0159editel \u010cT je b\u00fdval\u00fd \u0159editel nejv\u011bt\u0161\u00ed komer\u010dn\u00ed televize Nova Petr Dvo\u0159\u00e1k, je to ta sam\u00e1 bran\u017ee, d\u011blaj\u00ed se ty sam\u00e9 v\u011bci, Petr Dvo\u0159\u00e1k si do \u010cT p\u0159ivedl scen\u00e1risty,\u201c na\u010dal dal\u0161\u00ed t\u00e9ma diskuse \u0160t\u011bp\u00e1nek. \u201eCo se t\u00fd\u010de t\u00e9 fluktuace, v jednom rozhovoru jsem odpov\u011bd\u011bl na ot\u00e1zku, jak se z redaktora, kter\u00fd je\u0161t\u011b v\u010dera d\u011blal v komer\u010dn\u00ed televizi, stane najednou za stejn\u00fdm mikrofonem, se stejn\u00fdm t\u00e9matem v t\u00e9 report\u00e1\u017ei ve\u0159ejnopr\u00e1vn\u00ed, \u017ee asi v\u00edc mrk\u00e1,\u201c vloudil se do rozmluvy Jakl.<\/p>\n<p>\u201eMysl\u00edm, \u017ee je to naprosto toto\u017en\u00e9, nahraditeln\u00e9. V tomto sektoru nevid\u00edm \u017e\u00e1dn\u00fd d\u016fvod, pro\u010d by se jeden televizn\u00ed seri\u00e1l m\u011bl to\u010dit za ve\u0159ejnopr\u00e1vn\u00ed pen\u00edze a jin\u00fd za komer\u010dn\u00ed. Kdy\u017e v z\u00e1sad\u011b je to nahraditeln\u00e9 mezi sebou,\u201c pronesl \u0160t\u011bp\u00e1nek. \u201eJe d\u016fle\u017eit\u00e9 dodat, \u017ee obrovsk\u00e1 \u010d\u00e1st rozpo\u010dtu t\u00e9 velk\u00e9 televize (nikoli tedy zpr\u00e1v) se v \u010cesk\u00e9 televizi neoh\u0159eje. Jen prot\u00e9k\u00e1 a jsou jimi financovan\u00e9 jin\u00e9 projekty, t\u0159eba filmov\u00e9. Kdy\u017e u\u017e n\u011bkdo obh\u00e1j\u00ed, \u017ee n\u011bjak\u00fd filmov\u00fd projekt m\u00e1 dostat od filmov\u00e9ho poplatn\u00edka n\u00e1sil\u00edm vybran\u00e9 pen\u00edze, nech\u0165 to d\u011bl\u00e1 org\u00e1n, kter\u00fd da\u0148ov\u00fd poplatn\u00edk p\u0159\u00edmo kontroluje. Ale t\u00edm, \u017ee tyto pen\u00edze projdou oklikou p\u0159es \u010cT, o n\u011bjak\u00e9 kontrolovatelnosti a rozhodov\u00e1n\u00ed o des\u00edtk\u00e1ch a stovk\u00e1ch milion\u016f v\u016fbec nem\u016f\u017eeme mluvit. A je to u\u017e \u010dist\u011b jen na osobn\u00ed a kamar\u00e1dsk\u00e9 b\u00e1zi,\u201c oz\u0159ejmil Jakl. \u201eDomn\u00edv\u00e1m se, \u017ee jde o na\u0161e ve\u0159ejn\u00e9 pen\u00edze a nakl\u00e1d\u00e1 se s nimi velmi neve\u0159ejn\u011b. Faktick\u00fd p\u0159ehled o tom, kolik pen\u011bz komu nate\u010de, nem\u00e1 ani rada \u010cT, ani jej\u00ed kontroln\u00ed komise,\u201c myslel si \u0160t\u011bp\u00e1nek. \u201eB\u00fdt filmov\u00fdm producentem, kter\u00fd horko t\u011b\u017eko sh\u00e1n\u00ed pen\u00edze na svoji zodpov\u011bdnost \u2013 kdy\u017e film nevyd\u011bl\u00e1, prod\u011bl\u00e1m kalhoty a budu m\u00edt dluhy \u2013 tak\u017ee zv\u00e1\u017e\u00edm ka\u017ed\u00fd n\u00e1klad, ka\u017ed\u00fd projekt. A vedle m\u011b je \u010dlov\u011bk, kter\u00fd d\u011bl\u00e1 \u00fapln\u011b stejnou pr\u00e1ci a toto v\u016fbec v\u00e1\u017eit nemus\u00ed, proto\u017ee z\u00edsk\u00e1 20 milion\u016f d\u00e1re\u010dek od da\u0148ov\u00e9ho poplatn\u00edka,\u201c porovnal Jakl.<\/p>\n<p>\u201eI ve zpravodajstv\u00ed a publicistice krom\u011b lhan\u00ed, manipulace, sv\u00e9voln\u00e9ho nastolov\u00e1n\u00ed agendy na \u010d\u00edsi objedn\u00e1vku jde tak\u00e9 o pen\u00edze. Mysl\u00edm, \u017ee to plat\u00ed dodne\u0161ka, ale p\u0159ed lety to bylo markantn\u00ed. Kdy\u017e p\u0159i\u0161la soukrom\u00e1 televize na rozhovor, \u0161lo o t\u0159i lidi. Kde\u017eto u \u010cT p\u0159i\u0161li mas\u00e9r, psycholog, \u00fa\u010detn\u00ed, mask\u00e9r, pomocn\u00edk mask\u00e9ra, vl\u00e1senk\u00e1\u0159 a jeho pomocn\u00edk, mo\u017en\u00e1 i pr\u00e1vn\u00edk, prost\u011b cel\u00e1 \u0159ada lid\u00ed. Asi se v tomto smyslu n\u011bco v efektivit\u011b pohnulo. Ale v\u017edycky to budou takzvan\u00e9 m\u011bkk\u00e9 pen\u00edze, kter\u00e9 nikomu nepat\u0159\u00ed,\u201c upozornil Jakl.<\/p>\n<p><strong>Neplatit koncesion\u00e1\u0159sk\u00e9 poplatky a spojit \u010ceskou televizi a \u010cesk\u00fd rozhlas<\/strong><\/p>\n<p>P\u0159ed p\u00e1r lety v r\u00e1mci iniciativy eSt\u00e1t spolu s tehdej\u0161\u00edm europoslancem Ko\u017eu\u0161n\u00edkem \u0160t\u011bp\u00e1nek vytvo\u0159il bro\u017eurku Efektivn\u00ed m\u00e9dia ve\u0159ejn\u00e9 slu\u017eby. \u201eZ\u016fstali jsme na p\u016fl cest\u011b. Shodli bychom se na tom, \u017ee ve\u0159ejnopr\u00e1vn\u00ed televize je zbytn\u00e1 instituce, \u017ee ji spole\u010dnost ke sv\u00e9mu \u017eivotu nepot\u0159ebuje. Nicm\u00e9n\u011b to je dnes neprohlasovateln\u00e9. Tak\u017ee jsme vym\u00fd\u0161leli, jak to ud\u011blat efektivn\u011bji, levn\u011bji. A jestli se maj\u00ed platit televizn\u00ed a rozhlasov\u00e9 poplatky. Dosp\u011bli jsme k z\u00e1v\u011bru, \u017ee kdy\u017e je n\u011bco v\u00edcem\u00e9n\u011b st\u00e1tn\u00ed, tak za to m\u00e1 st\u00e1t odpov\u011bdnost. A m\u011bl by to financovat ze st\u00e1tn\u00edho rozpo\u010dtu a nem\u011bl by tahat da\u0148ov\u00fdm poplatn\u00edk\u016fm z kapes dal\u0161\u00ed pen\u00edze. Nav\u00edc pon\u011bkud nemravn\u00fdm zp\u016fsobem. Je pro v\u0161echny stejn\u00fd, tak\u017ee ti superbohat\u00ed plat\u00ed stejn\u011b jako chud\u00ed,\u201c zd\u016fraznil \u0160t\u011bp\u00e1nek. \u201eDokonce je to tak, \u017ee jestli\u017ee \u00fadajn\u011b velk\u00e1 \u010d\u00e1st prost\u0159edk\u016f \u010cT jde na financov\u00e1n\u00ed t\u0159eba kulturn\u00edch men\u0161in, na \u0161pi\u010dkov\u00e9 um\u011bn\u00ed apod. To jsou p\u0159ece v\u011bci ur\u010den\u00e9 pro ty nejbohat\u0161\u00ed. Kdo chod\u00ed na opery a koncerty symfonick\u00e9 hudby? Ti nejbohat\u0161\u00ed. Kdo jim to plat\u00ed? Ti, kte\u0159\u00ed se na to v t\u00e9 televizi v\u016fbec ned\u00edvaj\u00ed,\u201c vypozoroval Jakl.<\/p>\n<p>S my\u0161lenkou, \u017ee by se nem\u011bly platit koncesion\u00e1\u0159sk\u00e9 poplatky, obe\u0161el \u0160t\u011bp\u00e1nek cel\u00e9 tehdej\u0161\u00ed politick\u00e9 spektrum. \u201eZaj\u00edmav\u00e9 bylo, \u017ee ti, kte\u0159\u00ed s n\u00e1m souhlasili a naopak, se v\u016fbec ned\u011blili na n\u011bjak\u00e9 pravolev\u00e9 \u0161k\u00e1le. Uvnit\u0159 \u010cSSD i ODS byli politici, kte\u0159\u00ed s n\u00e1mi souhlasili, i ti, kte\u0159\u00ed nikoli,\u201c zavzpom\u00ednal. V r\u00e1mci efektivity \u0160t\u011bp\u00e1nek s Ko\u017eu\u0161n\u00edkem navrhovali, \u017ee by se \u010cesk\u00e1 televize a \u010cesk\u00fd rozhlas m\u011bly spojit do jedn\u00e9 instituce. \u201eProto\u017ee \u0159ada \u010dinnost\u00ed se dabluje, provoz by se zlevnil. Obe\u0161li jsme i mana\u017eery velk\u00fdch stanic. Michal Hrab\u00e1k (R\u00e1dio Impuls) a Michal Flei\u0161man (Frekvence 1, Evropa 2) odhadovali, \u017ee by se dala u\u0161et\u0159it t\u0159etina prost\u0159edk\u016f, kter\u00e9 jdou do \u010cT a \u010cRo, kdyby to byla jedna instituce,\u201c prozradil.<\/p>\n<p><strong>Existuje jeden spr\u00e1vn\u00fd n\u00e1zor na v\u0161echno<\/strong><\/p>\n<p>\u0160t\u011bp\u00e1nek pak p\u0159e\u010detl v\u00fdrok Michala Jankovce z \u00fanora 2015. \u201eJe to skute\u010dn\u011b tak, \u017ee \u010cesk\u00e1 televize m\u00e1 ur\u010den\u00fd \u00fahel pohledu. Na z\u00e1klad\u011b doporu\u010den\u00ed Evropsk\u00e9 komise, kter\u00e1 dovoluje ve\u0159ejnopr\u00e1vn\u00edm m\u00e9di\u00edm fungovat z dan\u00ed nebo poplatk\u016f jenom za p\u0159edpokladu, \u017ee budou prosazovat, obhajovat a d\u00edvat se na v\u0161echno z \u00fahlu tradic evropsk\u00e9ho humanismu a kritick\u00e9ho my\u0161len\u00ed. \u010cesk\u00e1 televize se na to nesm\u00ed d\u00edvat tak, jako by byla sou\u010d\u00e1st\u00ed dne\u0161n\u00edho Ruska, kter\u00e9 nikdy \u017e\u00e1dn\u00e9 humanistick\u00e9 tradice v evropsk\u00e9m slova smyslu nem\u011blo. To bychom museli vystoupit z Evropsk\u00e9 unie.\u201c<\/p>\n<p>\u201eTak\u017ee jsem konstatoval, \u017ee se n\u00e1m vr\u00e1til \u00fastavn\u00ed \u010dl\u00e1nek \u010d\u00edslo 4 o vedouc\u00ed \u00faloze n\u011bkoho. Mysl\u00edm, \u017ee jsme narazili na nejv\u011bt\u0161\u00ed probl\u00e9m \u010cesk\u00e9 televize,\u201c \u0159ekl \u0160t\u011bp\u00e1nek. \u201eU\u017e ani nezakr\u00fdvaj\u00ed tu subjektivitu, rozv\u00edjen\u00ed propagandy za pen\u00edze v\u0161ech. U\u017e se nemluv\u00ed o tom, \u017ee v debat\u011b jde o hled\u00e1n\u00ed pravdy. Oni u\u017e ji maj\u00ed. To jsou \u010distokrevn\u00e1 pades\u00e1t\u00e1 l\u00e9ta. Tady pravda je. A kdo by se zab\u00fdval hled\u00e1n\u00edm n\u011b\u010deho, jde proti pokroku. Mysl\u00edm, \u017ee v diskusi a pochybov\u00e1n\u00ed o n\u011bkter\u00fdch v\u011bcech je pravda. A jestli\u017ee nebudeme p\u0159em\u00fd\u0161let o sm\u011bru, kter\u00fdm jde na\u0161e spole\u010dnost, a budeme si jen fandit a ka\u017ed\u00e9ho kritika \u0161ikanovat, tak takov\u00e1 bude na\u0161e sou\u010dasnost,\u201c domn\u00edval se Jakl.<\/p>\n<p>Podle \u0160t\u011bp\u00e1nka je to naka\u017eliv\u00e9. \u201eTento zp\u016fsob informov\u00e1n\u00ed je vlastn\u00ed nejen ve\u0159ejnopr\u00e1vn\u00ed \u010cesk\u00e9 televizi, ale nakazily se i jin\u00e9 instituce, nejv\u011bt\u0161\u00ed den\u00edky. Dosp\u011bli jsme do doby, kdy existuje jedin\u00fd spr\u00e1vn\u00fd n\u00e1zor na integraci evropsk\u00fdch st\u00e1t\u016f, opozi\u010dn\u00ed smlouvu, Klausovu amnestii a dal\u0161\u00ed. Co\u017e mi p\u0159ipad\u00e1 naprosto \u0161\u00edlen\u00e9. Proto\u017ee \u017e\u00e1dn\u00fd ten n\u00e1zor nen\u00ed spr\u00e1vn\u00fd. Kdy\u017e u\u017e si tedy v\u0161ichni plat\u00edme \u010ceskou televizi, m\u011bla by poskytovat stejn\u00fd prostor nositel\u016fm nejr\u016fzn\u011bj\u0161\u00edch n\u00e1zor\u016f,\u201c sd\u011blil \u0160t\u011bp\u00e1nek. \u201eNejv\u011bt\u0161\u00ed pr\u016f\u0161vih sou\u010dasnosti je, \u017ee jsme zavaleni jedin\u00fdm spr\u00e1vn\u00fdm n\u00e1zorem a hust\u00ed to do n\u00e1s za na\u0161e vlastn\u00ed pen\u00edze,\u201c uzav\u0159el.<\/p>\n<p><a href=\"http:\/\/www.parlamentnilisty.cz\/arena\/monitor\/Hodina-a-pul-nadavani-na-Ceskou-televizi-a-jeji-redaktory-od-dvou-starych-znamych-co-s-CT-neco-zazili-A-nakonec-navrh-na-popravu-383354\" target=\"_blank\">Zdroj<\/a><\/p>\n","protected":false},"excerpt":{"rendered":"<p>O \u010cesk\u00e9 televizi si v Debatn\u00edm klubu pov\u00eddali dva muzikanti \u2013 Petr \u0160t\u011bp\u00e1nek (jinak t\u00e9\u017e spisovatel) a Ladislav Jakl (nyn\u00ed \u0159editel Centra spole\u010densk\u00fdch studi\u00ed Institutu V\u00e1clava Klause). Shodli se, \u017ee \u010ceskou televiz\u00ed prot\u00e9kaj\u00ed nekontrolovan\u011b velk\u00e9 pen\u00edze, nejv\u00edce jim v\u0161ak vadilo p\u0159\u00edli\u0161 jednostrann\u00e9 zpravodajstv\u00ed. \u201eNejv\u011bt\u0161\u00ed pr\u016f\u0161vih sou\u010dasnosti je, \u017ee jsme zavaleni jedin\u00fdm spr\u00e1vn\u00fdm n\u00e1zorem a hust\u00ed [&hellip;]<\/p>\n","protected":false},"author":1,"featured_media":0,"comment_status":"open","ping_status":"open","sticky":false,"template":"","format":"standard","meta":{"ngg_post_thumbnail":0,"footnotes":""},"categories":[11],"tags":[],"class_list":["post-5958","post","type-post","status-publish","format-standard","hentry","category-ozvena"],"_links":{"self":[{"href":"https:\/\/www.ladislavjakl.cz\/index.php?rest_route=\/wp\/v2\/posts\/5958","targetHints":{"allow":["GET"]}}],"collection":[{"href":"https:\/\/www.ladislavjakl.cz\/index.php?rest_route=\/wp\/v2\/posts"}],"about":[{"href":"https:\/\/www.ladislavjakl.cz\/index.php?rest_route=\/wp\/v2\/types\/post"}],"author":[{"embeddable":true,"href":"https:\/\/www.ladislavjakl.cz\/index.php?rest_route=\/wp\/v2\/users\/1"}],"replies":[{"embeddable":true,"href":"https:\/\/www.ladislavjakl.cz\/index.php?rest_route=%2Fwp%2Fv2%2Fcomments&post=5958"}],"version-history":[{"count":1,"href":"https:\/\/www.ladislavjakl.cz\/index.php?rest_route=\/wp\/v2\/posts\/5958\/revisions"}],"predecessor-version":[{"id":5959,"href":"https:\/\/www.ladislavjakl.cz\/index.php?rest_route=\/wp\/v2\/posts\/5958\/revisions\/5959"}],"wp:attachment":[{"href":"https:\/\/www.ladislavjakl.cz\/index.php?rest_route=%2Fwp%2Fv2%2Fmedia&parent=5958"}],"wp:term":[{"taxonomy":"category","embeddable":true,"href":"https:\/\/www.ladislavjakl.cz\/index.php?rest_route=%2Fwp%2Fv2%2Fcategories&post=5958"},{"taxonomy":"post_tag","embeddable":true,"href":"https:\/\/www.ladislavjakl.cz\/index.php?rest_route=%2Fwp%2Fv2%2Ftags&post=5958"}],"curies":[{"name":"wp","href":"https:\/\/api.w.org\/{rel}","templated":true}]}}