{"id":596,"date":"2010-10-18T15:56:59","date_gmt":"2010-10-18T14:56:59","guid":{"rendered":"http:\/\/www.ladislavjakl.cz\/?p=596"},"modified":"2010-10-18T15:56:59","modified_gmt":"2010-10-18T14:56:59","slug":"tajemnik-prezidenta-jakl-klaus-na-koncertech-tancuje","status":"publish","type":"post","link":"https:\/\/www.ladislavjakl.cz\/?p=596","title":{"rendered":"Tajemn\u00edk prezidenta Jakl: Klaus na koncertech tancuje!"},"content":{"rendered":"<p>Tajemn\u00edk prezidenta V\u00e1clava Klause Ladislav Jakl pr\u00e1skl na prezidenta, \u017ee r\u00e1d tancuje a chod\u00ed na jeho koncerty, i kdy\u017e m\u00e1 probl\u00e9m sv\u00e9ho tajemn\u00edka rozpoznat. Jakl s dlouh\u00fdmi vlasy a uvoln\u011bnou image lehce zapad\u00e1 do sv\u00e9 bluesov\u00e9 kapely Folimanka.<\/p>\n<p><!--more--><\/p>\n<p><span>To, \u017ee se po 13 letech spolupr\u00e1ce s prezidentem  Klausem, stali kamar\u00e1di, potvrdil Jakl v rozhovoru pro magaz\u00edn MF Dnes.  Po t\u0159ech t\u00fddnech, co Klaus Jakla znal, ho nav\u0161t\u00edvil na bluesov\u00e9m  koncertu. Co na tom, \u017ee tam hlava st\u00e1tu sv\u00e9ho tajemn\u00edka ani nemohla  poznat!<\/p>\n<p>&#8222;Nejlegra\u010dn\u011bj\u0161\u00ed bylo, kdy\u017e na n\u00e1s p\u0159i\u0161el prvn\u011b &#8211; na ja\u0159e roku 1998,  kdy jsem pro n\u011bj pracoval teprve n\u011bkolik t\u00fddn\u016f. Hr\u00e1li jsme tehdy v jedn\u00e9  \u017ei\u017ekovsk\u00e9 \u0161pelu\u0148ce, on p\u0159i\u0161el bez ochranky, sedl si ke stolu, rozhl\u00ed\u017eel  se a pak se jednoho chlapa zeptal: &#8218;A kde je ten L\u00e1\u010fa Jakl?&#8216; &#8218;No tady,&#8216;  zn\u011bla odpov\u011b\u010f, &#8218;t\u0159i metry od v\u00e1s, ten, co na v\u00e1s celou dobu hul\u00e1k\u00e1!&#8216;  Prost\u011b m\u011b nepoznal,&#8220; \u0159ekl v rozhovoru Jakl. Dokonce se prezident na jeho  koncertech um\u00ed i dob\u0159e odv\u00e1zat. N\u011bkdy toti\u017e i tancuje! To, jestli je  Klaus dobr\u00fd tane\u010dn\u00edk, u\u017e ale Jakl neprozradil.<\/p>\n<h3>Michala Davida nesn\u00e1\u0161\u00ed<\/h3>\n<p>Jakl se tak\u00e9 p\u0159iznal, \u017ee nem\u00e1 r\u00e1d Michala Davida, tedy jeho p\u00edsn\u011b,  pr\u00fd by jejich poslech nep\u0159e\u017eil! &#8222;Jednou \u0161la moje zn\u00e1m\u00e1 do na\u0161\u00ed hospody a  vid\u00ed, \u017ee jsem p\u0159ilepen\u00fd u vchodu ke zdi a nejdu dovnit\u0159. Co tady d\u011bl\u00e1\u0161?  pt\u00e1 se. Boj\u00edm se.. Byla tam zaskakuj\u00edc\u00ed barmanka, pou\u0161t\u011bla Michala  Davida, a j\u00e1 se opravdu b\u00e1l dovnit\u0159 &#8211; nep\u0159e\u017eil bych to.&#8220;<\/p>\n<p>O Jakl tak\u00e9 promluvil o sv\u00e9m adoptovan\u00e9m synovi Mat\u011bjovi, kter\u00fd je  Rom. Ten p\u016fjde letos prvn\u011b volit. A koho, \u017ee zvol\u00ed? &#8222;Minul\u00fd v\u00edkend se ho  n\u011bkdo ptal a on odpov\u011bd\u011bl: &#8218;No to sam\u00fd, co t\u00e1ta.&#8216; Na to jsem \u0159ekl, \u017ee  to rozhodn\u011b nemus\u00ed, a\u0165 si vol\u00ed, koho chce,&#8220; \u0159ekl Jakl, ale uznal, \u017ee  kdyby m\u011bl n\u011bkdo z rodiny \u00fapln\u011b odli\u0161n\u00e9 n\u00e1zory na v\u011bc ne\u017e on, tak by ho  to mrzelo.<\/p>\n<p><a href=\"http:\/\/www.blesk.cz\/clanek\/zpravy-politika\/143743\/tajemnik-prezidenta-jakl-klaus-na-koncertech-tancuje.html\" target=\"_blank\">ZDROJ<\/a><\/p>\n<p><\/span><\/p>\n","protected":false},"excerpt":{"rendered":"<p>Tajemn\u00edk prezidenta V\u00e1clava Klause Ladislav Jakl pr\u00e1skl na prezidenta, \u017ee r\u00e1d tancuje a chod\u00ed na jeho koncerty, i kdy\u017e m\u00e1 probl\u00e9m sv\u00e9ho tajemn\u00edka rozpoznat. Jakl s dlouh\u00fdmi vlasy a uvoln\u011bnou image lehce zapad\u00e1 do sv\u00e9 bluesov\u00e9 kapely Folimanka.<\/p>\n","protected":false},"author":1,"featured_media":0,"comment_status":"open","ping_status":"open","sticky":false,"template":"","format":"standard","meta":{"ngg_post_thumbnail":0,"footnotes":""},"categories":[11],"tags":[],"class_list":["post-596","post","type-post","status-publish","format-standard","hentry","category-ozvena"],"_links":{"self":[{"href":"https:\/\/www.ladislavjakl.cz\/index.php?rest_route=\/wp\/v2\/posts\/596","targetHints":{"allow":["GET"]}}],"collection":[{"href":"https:\/\/www.ladislavjakl.cz\/index.php?rest_route=\/wp\/v2\/posts"}],"about":[{"href":"https:\/\/www.ladislavjakl.cz\/index.php?rest_route=\/wp\/v2\/types\/post"}],"author":[{"embeddable":true,"href":"https:\/\/www.ladislavjakl.cz\/index.php?rest_route=\/wp\/v2\/users\/1"}],"replies":[{"embeddable":true,"href":"https:\/\/www.ladislavjakl.cz\/index.php?rest_route=%2Fwp%2Fv2%2Fcomments&post=596"}],"version-history":[{"count":1,"href":"https:\/\/www.ladislavjakl.cz\/index.php?rest_route=\/wp\/v2\/posts\/596\/revisions"}],"predecessor-version":[{"id":597,"href":"https:\/\/www.ladislavjakl.cz\/index.php?rest_route=\/wp\/v2\/posts\/596\/revisions\/597"}],"wp:attachment":[{"href":"https:\/\/www.ladislavjakl.cz\/index.php?rest_route=%2Fwp%2Fv2%2Fmedia&parent=596"}],"wp:term":[{"taxonomy":"category","embeddable":true,"href":"https:\/\/www.ladislavjakl.cz\/index.php?rest_route=%2Fwp%2Fv2%2Fcategories&post=596"},{"taxonomy":"post_tag","embeddable":true,"href":"https:\/\/www.ladislavjakl.cz\/index.php?rest_route=%2Fwp%2Fv2%2Ftags&post=596"}],"curies":[{"name":"wp","href":"https:\/\/api.w.org\/{rel}","templated":true}]}}