{"id":5974,"date":"2015-08-10T08:55:56","date_gmt":"2015-08-10T06:55:56","guid":{"rendered":"http:\/\/www.ladislavjakl.cz\/?p=5974"},"modified":"2015-08-10T08:55:56","modified_gmt":"2015-08-10T06:55:56","slug":"czechtek-plnou-parou-back","status":"publish","type":"post","link":"https:\/\/www.ladislavjakl.cz\/?p=5974","title":{"rendered":"Czechtek: plnou Parou back"},"content":{"rendered":"<p class=\"perex\">Tohle\u00a0pond\u011bl\u00ed jsem se vracel od Norimberka, a kdy\u017e jsem m\u00edjel P\u0159imdu, \u0159ekl jsem si: v\u017edy\u0165 to je vlastn\u011b akor\u00e1t deset let, co jsem tu jel opa\u010dn\u00fdm sm\u011brem a letmo za\u017eil to ml\u00fdneck\u00e9 drama. Deset let od chv\u00edle, kdy si n\u011bkolik politik\u016f a policejn\u00edch velitel\u016f cht\u011blo nahnat body u \u010d\u00e1sti ve\u0159ejnosti a poslalo tis\u00edc obrn\u011bn\u00fdch policist\u016f proti ml\u00e1de\u017ei, kter\u00e1 si ud\u011blala mejdan na louce.<\/p>\n<p class=\"perex\"><!--more--><\/p>\n<p>Nebyl jsem tehdy \u017e\u00e1dn\u00fdm p\u0159\u00edtelem akc\u00ed zvan\u00fdch technoparty. V\u011bt\u0161inou byly svol\u00e1ny pir\u00e1tsky a stovky a\u017e tis\u00edce mlad\u00fdch dreda\u0159\u016f obvykle bezohledn\u011b obsadily bez povolen\u00ed ciz\u00ed pozemek a na n\u011bm p\u00e1r dn\u016f prov\u00e1d\u011bly bezuzdn\u00e9 reje. A \u017ee bych musel to jejich tuc tuc, to taky ne. Tak\u017ee kdy\u017e jsem p\u0159ed deseti lety vyj\u00ed\u017ed\u011bl v\u00a0tom hrozn\u00e9m vedru do Mnichova a m\u00edjel m\u00edsto \u010dinu, moc pochopen\u00ed jsem pro ty parti\u010dky nem\u011bl. Blokovaly odbo\u010dovac\u00ed pruh, obsadily posledn\u00ed benz\u00ednku p\u0159ed hranicemi, ven\u010dily tam sv\u00e9 psy, skoupily pit\u00ed, okupovaly toalety. A taky si ovazovaly r\u016fzn\u00e1 zran\u011bn\u00ed.\u00a0 A dal\u0161\u00ed zran\u011bn\u00ed. I r\u00e1ny na hlav\u011b. Ti tam teda \u0159\u00e1dili, \u0159\u00edkal jsem si a pokra\u010doval d\u00e1l.<\/p>\n<p>O p\u00e1r hodin pozd\u011bji u\u017e jsem sed\u011bl v\u00a0mal\u00e9m mnichovsk\u00e9m pivovaru a do telefonu se mi valila jedna esemeska za druhou. Od velmi informovan\u00fdch lid\u00ed. Jedna hr\u016fza v\u011bt\u0161\u00ed ne\u017e druh\u00e1. Tak ne ciz\u00ed pozemek bez povolen\u00ed ale \u0159\u00e1dn\u011b najat\u00fd se souhlasem majitele. Tak ne pir\u00e1tsky ale \u0159\u00e1dn\u011b ohl\u00e1\u0161eni. Ale hlavn\u011b: tis\u00edc ozbrojen\u00fdch policist\u016f proti osmn\u00e1cti, dvacetilet\u00fdm kluk\u016fm a holk\u00e1m, obu\u0161ky, chvaty, kop\u00e1n\u00ed, bit\u00ed i le\u017e\u00edc\u00edch, nemo\u017enost \u00fat\u011bku. A m\u016fj postoj k\u00a0t\u011bm techna\u0159\u016fm se pod t\u00edhou informac\u00ed m\u011bnil, klidn\u011b to p\u0159izn\u00e1m.<\/p>\n<p>Byla takov\u00e1 s\u00edla pou\u017eita za posledn\u00edch 25 let proti jak\u00e9mukoli shrom\u00e1\u017ed\u011bn\u00ed? Proti demonstraci blokuj\u00edc\u00ed dopravu? Proti dav\u016fm demoluj\u00edc\u00edm majetek? Nikdy. M\u00e1 p\u00e1r metr\u016f udupan\u00e9 louky n\u011bkde u lesa takovou cenu, \u017ee stoj\u00ed za to zaplatit miliony za takov\u00e9 man\u00e9vry?<\/p>\n<p>Nem\u00e1. Kv\u016fli tomu to tak\u00e9 nikdo nepl\u00e1noval. To jen p\u00e1r \u010dinitel\u016f pot\u0159ebovalo vypadat chlap\u00e1cky a rozhodn\u011b. Nezjistili si \u017e\u00e1dn\u00e9 okolnosti, cht\u011bli jen vydat sign\u00e1l s\u00edly. A vydali sign\u00e1l zbab\u011blosti a bezohlednosti. Nejsem p\u0159\u00edtelem b\u00e1zliv\u00fdch policist\u016f a jejich nad\u0159\u00edzen\u00fdch, kte\u0159\u00ed nejsou schopni zajistit po\u0159\u00e1dek, aby je n\u00e1hodou n\u011bkdo nevyfotil. Ale tady u Ml\u00fdnce &#8211; to byl masakr \u00fapln\u011b zbyte\u010dn\u00fd.<\/p>\n<p>O p\u00e1r m\u011bs\u00edc\u016f pozd\u011bji m\u011b nav\u0161t\u00edvila delegace po\u0159adatel\u016f Czechteku a p\u0159edala mi petici s\u00a0mnoha tis\u00edci podpisy, \u017e\u00e1dala d\u016fsledn\u00e9 vy\u0161et\u0159en\u00ed. Prezidentsk\u00e1 kancel\u00e1\u0159 se tehdy na jej\u00edm z\u00e1klad\u011b p\u00edsemn\u011b obr\u00e1tila na tehdej\u0161\u00edho policejn\u00edho prezidenta, ministra vnitra i premi\u00e9ra.<\/p>\n<p>A dov\u011bd\u011bli jsme se, \u017ee akci vlastn\u011b nikdo nena\u0159\u00eddil, nikdo za ni neodpov\u00edd\u00e1, prost\u011b se stala asi nedopat\u0159en\u00edm. A v\u00edc se nedov\u00edme ani dnes, po deseti letech. Ale jedno snad v\u00edme: n\u00e1sil\u00ed je hnus. Ne dvakr\u00e1t, ale pades\u00e1tkr\u00e1t je t\u0159eba m\u011b\u0159it, ne\u017e jednou \u0159ezat.<\/p>\n<p><a href=\"http:\/\/jakl.blog.idnes.cz\/c\/471003\/czechtek-plnou-parou-back.html\" target=\"_blank\">Zdroj<\/a><\/p>\n","protected":false},"excerpt":{"rendered":"<p>Tohle\u00a0pond\u011bl\u00ed jsem se vracel od Norimberka, a kdy\u017e jsem m\u00edjel P\u0159imdu, \u0159ekl jsem si: v\u017edy\u0165 to je vlastn\u011b akor\u00e1t deset let, co jsem tu jel opa\u010dn\u00fdm sm\u011brem a letmo za\u017eil to ml\u00fdneck\u00e9 drama. Deset let od chv\u00edle, kdy si n\u011bkolik politik\u016f a policejn\u00edch velitel\u016f cht\u011blo nahnat body u \u010d\u00e1sti ve\u0159ejnosti a poslalo tis\u00edc obrn\u011bn\u00fdch policist\u016f [&hellip;]<\/p>\n","protected":false},"author":1,"featured_media":0,"comment_status":"open","ping_status":"open","sticky":false,"template":"","format":"standard","meta":{"ngg_post_thumbnail":0,"footnotes":""},"categories":[18],"tags":[],"class_list":["post-5974","post","type-post","status-publish","format-standard","hentry","category-postrehy"],"_links":{"self":[{"href":"https:\/\/www.ladislavjakl.cz\/index.php?rest_route=\/wp\/v2\/posts\/5974","targetHints":{"allow":["GET"]}}],"collection":[{"href":"https:\/\/www.ladislavjakl.cz\/index.php?rest_route=\/wp\/v2\/posts"}],"about":[{"href":"https:\/\/www.ladislavjakl.cz\/index.php?rest_route=\/wp\/v2\/types\/post"}],"author":[{"embeddable":true,"href":"https:\/\/www.ladislavjakl.cz\/index.php?rest_route=\/wp\/v2\/users\/1"}],"replies":[{"embeddable":true,"href":"https:\/\/www.ladislavjakl.cz\/index.php?rest_route=%2Fwp%2Fv2%2Fcomments&post=5974"}],"version-history":[{"count":1,"href":"https:\/\/www.ladislavjakl.cz\/index.php?rest_route=\/wp\/v2\/posts\/5974\/revisions"}],"predecessor-version":[{"id":5975,"href":"https:\/\/www.ladislavjakl.cz\/index.php?rest_route=\/wp\/v2\/posts\/5974\/revisions\/5975"}],"wp:attachment":[{"href":"https:\/\/www.ladislavjakl.cz\/index.php?rest_route=%2Fwp%2Fv2%2Fmedia&parent=5974"}],"wp:term":[{"taxonomy":"category","embeddable":true,"href":"https:\/\/www.ladislavjakl.cz\/index.php?rest_route=%2Fwp%2Fv2%2Fcategories&post=5974"},{"taxonomy":"post_tag","embeddable":true,"href":"https:\/\/www.ladislavjakl.cz\/index.php?rest_route=%2Fwp%2Fv2%2Ftags&post=5974"}],"curies":[{"name":"wp","href":"https:\/\/api.w.org\/{rel}","templated":true}]}}