{"id":598,"date":"2010-10-18T15:58:07","date_gmt":"2010-10-18T14:58:07","guid":{"rendered":"http:\/\/www.ladislavjakl.cz\/?p=598"},"modified":"2010-10-18T15:58:07","modified_gmt":"2010-10-18T14:58:07","slug":"jakl-proc-klaus-vadi-rockerum-poza-vuci-papalasovi","status":"publish","type":"post","link":"https:\/\/www.ladislavjakl.cz\/?p=598","title":{"rendered":"Jakl: Pro\u010d Klaus vad\u00ed rocker\u016fm? P\u00f3za v\u016f\u010di papal\u00e1\u0161ovi"},"content":{"rendered":"<p><strong>Prezident\u016fv tajemn\u00edk  Jakl v rozhovoru pro magaz\u00edn DNES spekuluje, \u017ee Klaus vad\u00ed rocker\u016fm bu\u010f  proto, \u017ee intuitivn\u011b pochopili, \u017ee se na sv\u011bt d\u00edv\u00e1 jinak, nebo proto, \u017ee  je to jen jejich p\u00f3za v\u016f\u010di papal\u00e1\u0161ovi.<\/strong><\/p>\n<p><strong><!--more--><\/strong>Sarajevsk\u00fd atent\u00e1t p\u0159ed t\u0159in\u00e1cti lety byl impulsem pro to, aby se  Ladislav Jakl stal poradcem a pozd\u011bji tajemn\u00edkem V\u00e1clava Klause. \u201eTo  byla zlomov\u00e1 chv\u00edle. Tehdy se od n\u011bj skoro v\u0161ichni odvraceli, ale j\u00e1 mu  zavolal a podpo\u0159il ho,&#8220; \u0159\u00edk\u00e1 v rozhovoru pro magaz\u00edn DNES pades\u00e1tilet\u00fd  rocker. Pr\u00e1v\u011b v jeho bran\u017ei se ale prezident \u017e\u00e1dn\u00e9 oblib\u011b net\u011b\u0161\u00ed, co\u017e se  n\u00e1sledn\u011b prom\u00edt\u00e1 i v reakc\u00edch na n\u011bj samotn\u00e9ho.<\/p>\n<p>\u201eV muzikantsk\u00e9m prost\u0159ed\u00ed jsou lidi v\u011bt\u0161inou n\u00e1zorov\u011b jinak orientovan\u00ed &#8211;  jsou nekonformn\u00ed a maj\u00ed pocit, \u017ee jsem sou\u010d\u00e1st\u00ed establishmentu. Nebo  nesn\u00e1\u0161ej\u00ed Klause. P\u00e1rkr\u00e1t v \u017eivot\u011b u\u017e jsem za\u017eil ty reakce: \u00b4My tady  \u017e\u00e1dnou politickou kapelu nechceme.\u00b4 Pro\u010d rocker\u016fm tolik vad\u00ed Klaus nikdy  nezjist\u00edte. N\u011bkte\u0159\u00ed intuitivn\u011b pochopili, \u017ee se na sv\u011bt d\u00edv\u00e1 jinak, a u  jin\u00fdch je to jen p\u00f3za v\u016f\u010di papal\u00e1\u0161ovi,&#8220; domn\u00edv\u00e1 se Jakl.<\/p>\n<p><strong>Ud\u011blov\u00e1n\u00ed milosti p\u0159ineslo na tajemn\u00edkovu hlavu hromy a blesky<\/strong><\/p>\n<p>K funkci Klausova tajemn\u00edka muzikanta p\u0159edur\u010dilo to, \u017ee m\u00e1 ve spoust\u011b  v\u011bc\u00ed podobn\u00fd pohled na sv\u011bt jako hlava st\u00e1tu. \u201eJsem \u010dlov\u011bk docela chytr\u00fd  a on m\u00e1 r\u00e1d chytr\u00e9 lidi. Nejsem \u00fapln\u011b l\u00edn\u00fd, nerad d\u011bl\u00e1m chyby &#8230; A asi  mi v\u011b\u0159\u00ed &#8211; proto s n\u00edm nikdy nekonzultuju, \u017ee jdu mluvit do televize, on  to ani nem\u00e1 pot\u0159ebuje v\u011bd\u011bt,&#8220; popisuje Jakl, \u010d\u00edm si sv\u016fj post tak\u00e9  vyslou\u017eil.<\/p>\n<p>Po\u0159\u00e1dn\u011b vynad\u00e1no za sv\u016fj medi\u00e1ln\u00ed v\u00fdstup dostal od sv\u00e9ho nad\u0159\u00edzen\u00e9ho jen  jednou, kdy\u017e do novin trochu bl\u00ed\u017e popsal zp\u016fsob, jak se projedn\u00e1vaj\u00ed  milosti. \u201eTenkr\u00e1t zatkli n\u011bkde u Jind\u0159ichova Hradce \u010dlov\u011bka, kter\u00fd se  oh\u00e1n\u011bl t\u00edm, \u017ee m\u011b zn\u00e1 a \u017ee v\u00ed, jak se d\u00e1 za\u0159\u00eddit milost. A tak jsem \u0159ekl  tomu novin\u00e1\u0159i, \u017ee j\u00e1 milost rozhodn\u011b ovlivnit nem\u016f\u017eu, \u017ee to syst\u00e9m  vylu\u010duje, a n\u011bco z toho syst\u00e9mu jsem mu odhalil,&#8220; zpytuje Jakl sv\u011bdom\u00ed i  po \u010dase.<\/p>\n<p><strong>Za Klausov\u00fdm el\u00e1nem a v\u00fddr\u017e\u00ed je celo\u017eivotn\u00ed sportov\u00e1n\u00ed<\/strong><\/p>\n<p>Opa\u010dn\u011b tomu bylo p\u0159esn\u011b p\u0159ed rokem, kdy byl na po\u0159adu dne podpis  Lisabonsk\u00e9 smlouvy, do n\u011bho\u017e se prezidentovi v\u016fbec, ale v\u016fbec necht\u011blo.  \u201eNep\u0159\u00e1l jsem si, aby jakkoli nazna\u010doval, \u017ee nakonec Lisabonskou smlouvu  podep\u00ed\u0161e, byl jsem p\u0159esv\u011bd\u010den\u00fd, \u017ee to je taktick\u00e1 chyba. On sv\u016fj podpis  nazna\u010doval, a to m\u011b na\u0161tvalo hodn\u011b,&#8220; p\u0159izn\u00e1v\u00e1 tajemn\u00edk.<\/p>\n<p>Podle n\u011bj se na vitalit\u011b p\u0159\u00ed\u0161t\u00ed rok sedmdes\u00e1tilet\u00e9ho Klause projevuje  celo\u017eivotn\u00ed sportov\u00e1n\u00ed. \u201eZa\u017eil jsem ho p\u0159i n\u00e1ro\u010dn\u00fdch programech, kdy  jsem se jen motal kolem, a stejn\u011b jsem toho m\u011bl pln\u00e9 brejle. V tomhle  mus\u00edm uznat, \u017ee sport, kter\u00fd jinak neuzn\u00e1v\u00e1m, p\u0159in\u00e1\u0161\u00ed ur\u010dit\u00e9 v\u00fdhody. Je  to b\u00fdval\u00fd premi\u00e9r a ministr, a tak m\u00e1 po\u0159\u00e1d pocit, \u017ee mus\u00ed d\u011blat spoustu  v\u011bc\u00ed. I kdy\u017e jako prezident by jich tolik zdaleka d\u011blat nemusel,&#8220;  podot\u00fdk\u00e1 Jakl.<\/p>\n<p><a href=\"http:\/\/www.parlamentnilisty.cz\/arena\/monitor\/178164.aspx\" target=\"_blank\">ZDROJ<\/a><\/p>\n","protected":false},"excerpt":{"rendered":"<p>Prezident\u016fv tajemn\u00edk Jakl v rozhovoru pro magaz\u00edn DNES spekuluje, \u017ee Klaus vad\u00ed rocker\u016fm bu\u010f proto, \u017ee intuitivn\u011b pochopili, \u017ee se na sv\u011bt d\u00edv\u00e1 jinak, nebo proto, \u017ee je to jen jejich p\u00f3za v\u016f\u010di papal\u00e1\u0161ovi.<\/p>\n","protected":false},"author":1,"featured_media":0,"comment_status":"open","ping_status":"open","sticky":false,"template":"","format":"standard","meta":{"ngg_post_thumbnail":0,"footnotes":""},"categories":[11],"tags":[],"class_list":["post-598","post","type-post","status-publish","format-standard","hentry","category-ozvena"],"_links":{"self":[{"href":"https:\/\/www.ladislavjakl.cz\/index.php?rest_route=\/wp\/v2\/posts\/598","targetHints":{"allow":["GET"]}}],"collection":[{"href":"https:\/\/www.ladislavjakl.cz\/index.php?rest_route=\/wp\/v2\/posts"}],"about":[{"href":"https:\/\/www.ladislavjakl.cz\/index.php?rest_route=\/wp\/v2\/types\/post"}],"author":[{"embeddable":true,"href":"https:\/\/www.ladislavjakl.cz\/index.php?rest_route=\/wp\/v2\/users\/1"}],"replies":[{"embeddable":true,"href":"https:\/\/www.ladislavjakl.cz\/index.php?rest_route=%2Fwp%2Fv2%2Fcomments&post=598"}],"version-history":[{"count":1,"href":"https:\/\/www.ladislavjakl.cz\/index.php?rest_route=\/wp\/v2\/posts\/598\/revisions"}],"predecessor-version":[{"id":599,"href":"https:\/\/www.ladislavjakl.cz\/index.php?rest_route=\/wp\/v2\/posts\/598\/revisions\/599"}],"wp:attachment":[{"href":"https:\/\/www.ladislavjakl.cz\/index.php?rest_route=%2Fwp%2Fv2%2Fmedia&parent=598"}],"wp:term":[{"taxonomy":"category","embeddable":true,"href":"https:\/\/www.ladislavjakl.cz\/index.php?rest_route=%2Fwp%2Fv2%2Fcategories&post=598"},{"taxonomy":"post_tag","embeddable":true,"href":"https:\/\/www.ladislavjakl.cz\/index.php?rest_route=%2Fwp%2Fv2%2Ftags&post=598"}],"curies":[{"name":"wp","href":"https:\/\/api.w.org\/{rel}","templated":true}]}}