{"id":5986,"date":"2015-08-17T10:28:20","date_gmt":"2015-08-17T08:28:20","guid":{"rendered":"http:\/\/www.ladislavjakl.cz\/?p=5986"},"modified":"2015-08-17T10:28:20","modified_gmt":"2015-08-17T08:28:20","slug":"klausuv-jakl-otevrene-aktiviste-proti-zemanovi-jsou-uzitecni-idioti-nejmocnejsich-sil-zeman-kope-za-lidi-ostatni-politici-do-lidi-a-nenavist-proti-klausovi-halik-a-svejnar","status":"publish","type":"post","link":"https:\/\/www.ladislavjakl.cz\/?p=5986","title":{"rendered":"Klaus\u016fv Jakl otev\u0159en\u011b: Aktivist\u00e9 proti Zemanovi jsou u\u017eite\u010dn\u00ed idioti nejmocn\u011bj\u0161\u00edch sil. Zeman kope za lidi, ostatn\u00ed politici do lid\u00ed. A nen\u00e1vist proti Klausovi, Hal\u00edk a \u0160vejnar&#8230;"},"content":{"rendered":"<p>POLO\u010cAS MILO\u0160E ZEMANA Podle b\u00fdval\u00e9ho tajemn\u00edka prezidenta Klause Ladislava Jakla Zemanova \u201ev\u00fdchodn\u00ed\u201c politika je v z\u00e1sad\u011b dobr\u00e1. N\u00e1zor na pot\u0159ebu \u010delit invazi p\u0159ist\u011bhovalc\u016f z chud\u00fdch rozvr\u00e1cen\u00fdch zem\u00ed m\u00e1 Zeman spr\u00e1vn\u00fd. Novin\u00e1\u0159i dle n\u011bho Zemana miluj\u00ed. Je pro n\u011b z\u00e1bavn\u00fd a oni hltaj\u00ed ka\u017edou jeho v\u011btu. Zeman kope za lidi, i kdy\u017e je pon\u011bkud mstiv\u00fd, domn\u00edv\u00e1 se Jakl.<\/p>\n<p><!--more--><\/p>\n<p><strong>Milo\u0161 Zeman je zhruba v polovin\u011b sv\u00e9ho prezidentov\u00e1n\u00ed. Lze si v obecnosti \u0159\u00edci, \u017ee \u0161lo o \u00fasp\u011b\u0161n\u00e9 dva a p\u016fl roky? Je dob\u0159e, \u017ee se prezidentem stal zrovna Zeman, a ne Karel Schwarzenberg? Co by dnes bylo v \u010cesku jinak?<\/strong><\/p>\n<p>\u00dasp\u011b\u0161n\u00e9 pro \u010ceskou republiku ohledn\u011b toho, jakou m\u00e1 hlavu st\u00e1tu? Prezident Zeman je nepolep\u0161iteln\u00fd eurohujer. Rozhodl se pro tuto svou v\u00edru u\u017e d\u00e1vno, a i kdy\u017e u\u017e dnes dob\u0159e zn\u00e1 tragick\u00e9 str\u00e1nky bruselsk\u00e9 eurocentralizace, ze sv\u00e9 v\u00edry navenek neslev\u00ed, p\u0159\u00edli\u0161 do n\u00ed investoval. Ale nen\u00ed podle mne tak hloup\u00fd, aby si na unijn\u00ed tuposti nezanad\u00e1val, kdy\u017e ho nikdo nesly\u0161\u00ed. Je v\u0161ak ur\u010dit\u011b dob\u0159e, \u017ee se prezidentem nestal ten je\u0161t\u011b v\u011bt\u0161\u00ed eurofanatik, kter\u00fd kandidoval proti Zemanovi. Co by bylo jinak? Dnes si na samostatnou zahrani\u010dn\u00ed politiku je\u0161t\u011b aspo\u0148 hrajeme, se Schwarzenbergem bychom ji u\u017e ani nep\u0159edst\u00edrali. Plus miliony lid\u00ed hlavn\u011b na venkov\u011b by m\u011bly pocit, \u017ee jim vl\u00e1dne cizinec, kter\u00fd o nich nic nev\u00ed.<\/p>\n<p><strong>Zeman se vydal pom\u011brn\u011b aktivn\u011b na pole zahrani\u010dn\u00ed politiky. Kritizoval sankce proti Rusku, nav\u0161t\u00edvil Moskvu a metropole dal\u0161\u00edch postsov\u011btsk\u00fdch st\u00e1t\u016f, rovn\u011b\u017e jel do \u010c\u00edny. Co z jeho ,,v\u00fdchodn\u00ed&#8220; politiky lze chv\u00e1lit a co ne? Dle expert\u016f zanedb\u00e1v\u00e1 tradi\u010dn\u00ed pojet\u00ed lidsk\u00fdch pr\u00e1v a preferuje d\u011bl\u00e1n\u00ed byznysu&#8230; Je to dob\u0159e? Je n\u011bco, co se mu v oblasti vztah\u016f s n\u011bkdej\u0161\u00edm SSSR a \u010c\u00ednou nepoda\u0159ilo, by\u0165 o to s\u00e1m st\u00e1l?<\/strong><\/p>\n<p>Zemanova \u201ev\u00fdchodn\u00ed\u201c politika je v\u00a0z\u00e1sad\u011b dobr\u00e1, i kdy\u017e m\u00e1 ob\u010das podobu chytr\u00e9 hor\u00e1kyn\u011b. Nev\u00edm, dle kter\u00fdch \u201eexpert\u016f\u201c zanedb\u00e1v\u00e1 tradi\u010dn\u00ed pojet\u00ed lidsk\u00fdch pr\u00e1v. Up\u00edr\u00e1 snad n\u011bkomu pr\u00e1vo na \u017eivot, na majetek, na osobn\u00ed svobodu? A co \u017ee se mu nepoda\u0159ilo? Asi to trapn\u00e9 kli\u010dkov\u00e1n\u00ed p\u0159ed vojenskou p\u0159ehl\u00eddkou na po\u010dest v\u00fdro\u010d\u00ed osvobozen\u00ed od n\u011bmeck\u00e9ho nacismu.<\/p>\n<p><strong>Isl\u00e1m, imigrace, isl\u00e1msk\u00fd st\u00e1t&#8230; Zde prezident\u016fv hlas zn\u00ed jasn\u011b: Odm\u00edt\u00e1 p\u0159ij\u00edm\u00e1n\u00ed muslimsk\u00fdch uprchl\u00edk\u016f, Isl\u00e1msk\u00fd st\u00e1t srovn\u00e1v\u00e1 s nacismem, vyb\u00edz\u00ed k ostraze hranic p\u0159ed imigranty. Liber\u00e1ln\u00ed koment\u00e1to\u0159i tvrd\u00ed, \u017ee se podb\u00edz\u00ed xenofobn\u00edm pud\u016fm \u010desk\u00e9 ve\u0159ejnosti. Postupuje v tomto t\u00e9matu Zeman spr\u00e1vn\u011b? M\u00e1 \u0161anci zlep\u0161it si u \u010desk\u00e9 ve\u0159ejnosti ratingy popularity skrze hran\u00ed na tuto notu, \u010di dokonce v\u00fdrazn\u011b pos\u00edlit svou pozici? Kter\u00fdmi v\u00fdroky v oblasti imigrace a isl\u00e1mu sp\u00ed\u0161 prosp\u011bl, a kter\u00fdmi sp\u00ed\u0161e u\u0161kodil?<\/strong><\/p>\n<p>N\u00e1zor na pot\u0159ebu \u010delit invazi p\u0159ist\u011bhovalc\u016f z\u00a0chud\u00fdch rozvr\u00e1cen\u00fdch zem\u00ed m\u00e1 Zeman spr\u00e1vn\u00fd. Jeho militantn\u00ed v\u00fdroky proti takzvan\u00e9mu Isl\u00e1msk\u00e9mu st\u00e1tu jsou v\u0161ak nejen v\u00fdrazem nepochopen\u00ed probl\u00e9mu, ale vlastn\u011b i projevem t\u00e9 politiky, kter\u00e1 tu invazi dala do pohybu. T\u00e9 politiky z\u00e1padn\u00edch zem\u00ed, kter\u00e1 m\u00e1 podobu napad\u00e1n\u00ed vybran\u00fdch neobl\u00edben\u00fdch re\u017eim\u016f kdekoli po sv\u011bt\u011b, jejich svrh\u00e1v\u00e1n\u00ed, otev\u00edr\u00e1n\u00ed dve\u0159\u00ed chaosu a vnucov\u00e1n\u00ed lidem ve zcela ciz\u00edch zem\u00edch, jak maj\u00ed \u017e\u00edt. Isl\u00e1msk\u00fd st\u00e1t je um\u011bl\u00fd probl\u00e9m, je to jen vedlej\u0161\u00ed produkt z\u00e1padn\u00ed politiky. Nechme lidi v\u00a0zem\u00edch s\u00a0odli\u0161nou kulturou \u017e\u00edt odli\u0161n\u011b. Ani Zeman nem\u00e1 pr\u00e1vo \u0159\u00edkat, kdo m\u00e1 \u010di nem\u00e1 vl\u00e1dnout v\u00a0on\u011bch kon\u010din\u00e1ch. Snaha za ka\u017edou cenu cp\u00e1t jim na\u0161e dobra p\u0159inesla des\u00edtk\u00e1m milion\u016f tamn\u00edch obyvatel utrpen\u00ed a stoj\u00ed i za sou\u010dasnou vlnou p\u0159ist\u011bhovalc\u016f. Nemontujme se do ciz\u00edho a chra\u0148me si sv\u00e9.<\/p>\n<p><strong>\u201eKunda sem, kunda tam&#8230;\u201c \u201eVl\u00e1da zkurvila slu\u017eebn\u00ed z\u00e1kon\u201c. Jist\u011b si pamatujeme prezidentovo rozhlasov\u00e9 vystoupen\u00ed, po kter\u00e9m pedagogov\u00e9 nam\u00edtali, \u017ee prezident kaz\u00ed d\u011bti. Zeman se h\u00e1jil, \u017ee \u0161lo o citace. S odstupem doby: Pomohlo toto extempore Zemanovi, nebo si j\u00edm u\u0161kodil? Je zde n\u00e1zor, \u017ee podobn\u00fdmi kroky prezident tvrd\u00ed sv\u00e9 pevn\u00e9 j\u00e1dro&#8230;<\/strong><\/p>\n<p>Ohledn\u011b exhibicionistick\u00e9 party Pussy Riot, kter\u00e1 ostatn\u011b nikdy nebyla \u017e\u00e1dnou kapelou, jak se u n\u00e1s dokola tvrd\u00ed, Zeman jen pou\u017eil m\u016fj p\u0159eklad, kter\u00fd jsem zve\u0159ejnil v\u00edc ne\u017e rok p\u0159ed n\u00edm. \u017de m\u011bl ale pot\u0159ebu se v\u00a0t\u011bch sprostot\u00e1ch d\u00e1l vy\u017e\u00edvat, to mu nemohlo poslou\u017eit ani u jeho typick\u00fdch podporovatel\u016f. Instituce prezidenta republiky m\u00e1 m\u00edt i v\u00a0r\u00e1mci lidov\u011bj\u0161\u00edho stylu sv\u016fj majest\u00e1t.<\/p>\n<p><strong>Vr\u00e1vor\u00e1n\u00ed nad korunova\u010dn\u00edmi klenoty, kauza Peroutka, v\u00fdroky o zdravotn\u011b posti\u017een\u00fdch \u010di slova, \u017ee 17. listopadu ne\u0161lo o masakr. Zeman zkr\u00e1tka um\u00ed zaujmout. Jak vid\u00edte tyto jednotliv\u00e9 ,,p\u0159\u00edpady\u201c a doplnili byste n\u011bjak\u00e9?<\/strong><\/p>\n<p>J\u00e1 pozad\u00ed toho vr\u00e1vor\u00e1n\u00ed nezn\u00e1m a k\u00a0lacin\u00fdm kritik\u016fm se nep\u0159id\u00e1m. U\u017e proto, \u017ee ml\u010deli, kdy\u017e vr\u00e1voral pravideln\u011b jin\u00fd n\u00e1\u0161 prezident nebo dal\u0161\u00ed medi\u00e1ln\u00ed mil\u00e1\u010dkov\u00e9. Kauza Peroutka? Zeman\u016fv p\u016fvodn\u00ed v\u00fdrok byl z\u00e1sadn\u00ed a spr\u00e1vn\u00fd. Byl o tom, \u017ee i elita n\u00e1roda \u010dasto podlehne m\u00f3dn\u00edm ideologi\u00edm, kter\u00e9 zpo\u010d\u00e1tku vypadaj\u00ed l\u00edbiv\u011b, ale dovedeny do d\u016fsledku p\u0159inesou stra\u0161n\u00e1 utrpen\u00ed. Peroutka takov\u00fdm p\u0159\u00edkladem selh\u00e1n\u00ed je, ale jeho postava nen\u00ed podstatn\u00e1, je to jen p\u0159\u00edklad.<\/p>\n<p>Havlist\u00e9 zareagovali potrefen\u011b, svedli t\u00e9ma k\u00a0jednomu \u010dl\u00e1nku a Zeman si hloup\u011b nechal vnutit nov\u00e9 t\u00e9ma sporu. Svou p\u016fvodn\u00ed my\u0161lenku t\u00edm zcela zabil. V\u00fdroky o zdravotn\u011b posti\u017een\u00fdch nebyly nijak skand\u00e1ln\u00ed, tomuto probl\u00e9mu naopak \u0161kod\u00ed chozen\u00ed po \u0161pi\u010dk\u00e1ch. To \u0159\u00edk\u00e1m navzdory tomu, \u017ee ve v\u011bci m\u00e1m n\u00e1zor jin\u00fd, ale neberu prezidentovi pr\u00e1vo \u0159\u00edci nahlas odli\u0161n\u00fd. A v\u00fdrok o masakru? Byl naprosto spr\u00e1vn\u00fd, pokud si ho pust\u00edte cel\u00fd. Jednak pro to, \u017ee v\u00a0den v\u00fdro\u010d\u00ed poprav za nacist\u016f si slovo masakr \u0161et\u0159eme na jin\u00e9 kalibry, jednak pro to, \u017ee surov\u00e9 potla\u010den\u00ed on\u00e9 demonstrace, jej\u00edm\u017e jsem byl ostatn\u011b \u00fa\u010dastn\u00edkem, nebylo p\u0159\u00ed\u010dinou p\u00e1du re\u017eimu, proto\u017ee nep\u0159es\u00e1hlo brutalitou jin\u00e9 hnusn\u00e9 z\u00e1sahy z\u00a0p\u0159edchoz\u00edch m\u011bs\u00edc\u016f.<\/p>\n<p><strong>Pokud jde o Zemanovu popularitu, tak ta utrp\u011bla jak po ,,l\u00e1nsk\u00e9m pu\u010di\u201c, tak po zm\u00edn\u011bn\u00e9m vulg\u00e1rn\u00edm vystoupen\u00ed. Ale pozd\u011bji se za\u010dala zvedat, co\u017e je i sou\u010dasn\u00fd trend. Ka\u017edop\u00e1dn\u011b, zakotvuje se n\u011bkde lehce nad pades\u00e1t procent. Je dle V\u00e1s Zeman\u016fv c\u00edl m\u00edt co nejvy\u0161\u0161\u00ed popularitu, nebo mu sta\u010d\u00ed to ,,n\u011bco\u201c nad pades\u00e1t procent? Za Havla i Klause m\u011bl prezident zpravidla vy\u0161\u0161\u00ed podporu.<\/strong><\/p>\n<p>C\u00edlem \u017e\u00e1dn\u00e9ho politika nem\u00e1 b\u00fdt honba za procenty v\u00a0pr\u016fzkumech popularity. M\u00e1 podle sv\u00e9ho nejlep\u0161\u00edho sv\u011bdom\u00ed konat to nejlep\u0161\u00ed pro svou zem. Mysl\u00edm, \u017ee Zeman asi tak stejn\u011b \u010dasto riskuje nep\u0159\u00edze\u0148 ve\u0159ejnosti, kdy\u017e m\u00e1 pocit, \u017ee n\u011bco mus\u00ed \u0159\u00edct, jako d\u011bl\u00e1 jin\u00e9 v\u011bci naopak jen pro efekt.<\/p>\n<p><strong>Milo\u0161 Zeman dlouhodob\u011b nem\u00e1 r\u00e1d novin\u00e1\u0159e, novin\u00e1\u0159i zase nemaj\u00ed r\u00e1di Zemana. Kdo za tento vztah m\u016f\u017ee? Jsou novin\u00e1\u0159i na prezidenta zbyte\u010dn\u011b zl\u00ed, nebo jen chr\u00e1n\u00ed \u010cesko p\u0159ed jeho, jak nazna\u010duj\u00ed, poklonkov\u00e1n\u00edm Rusku, buranstv\u00edm, xenofobi\u00ed a podobn\u011b? A jak reagovat na Zemanovy v\u00fdpady v\u016f\u010di \u010cT a snah\u00e1m ji \u0161kodit?<\/strong><\/p>\n<p>Ale kdepak. Novin\u00e1\u0159i Zemana miluj\u00ed. Je pro n\u011b z\u00e1bavn\u00fd a oni hltaj\u00ed ka\u017edou jeho v\u011btu. Za prezidenta Klause jsme \u017eili t\u00e9m\u011b\u0159 v\u00a0medi\u00e1ln\u00ed blok\u00e1d\u011b. To byla nen\u00e1vist. Uvedu p\u0159\u00edklad. Za\u010dali jsme hned zpo\u010d\u00e1tku po\u0159\u00e1dat t\u0159\u00eddenn\u00ed cesty po kraj\u00edch. Za prvn\u00edch osm let hlavn\u00ed m\u00e9dia nem\u011bla pot\u0159ebu o nich sd\u011blit ve\u0159ejnosti ani v\u011btu, tak\u017ee ani novin\u00e1\u0159i nem\u011bli tu\u0161en\u00ed, \u017ee zrovna n\u011bkde jsme. Zemanovy kroky v\u0161ak vid\u00edme denn\u011b skoro v\u00a0p\u0159\u00edm\u00e9m p\u0159enosu. Vz\u00e1jemn\u00e9 p\u016ftky novin\u00e1\u0159\u016f se Zemanem jsou jen takov\u00fdm milostn\u00fdm la\u0161kov\u00e1n\u00edm. A jeho v\u00fdroky k\u00a0\u010cT? Kdy\u017e je\u0161t\u011b nebyl prezidentem, tak sed\u011bl vedle mne v\u00a0panelu jedn\u00e9 konference v\u00a0Brn\u011b pr\u00e1v\u011b na toto t\u00e9ma. Mo\u017en\u00e1 dob\u0159e poslouchal.<\/p>\n<p><strong>\u00a0\u201eNebudu f\u00edkusem v kout\u011b a \u00fa\u0159edn\u00edkem, co jen podepisuje\u201c, opakuje \u010dasto prezident a jedn\u00e1 podle toho. Nap\u0159\u00edklad odm\u00edt\u00e1 jmenovat n\u011bkter\u00e9 profesory, komentoval slo\u017een\u00ed vznikaj\u00edc\u00ed vl\u00e1dy a hlavn\u011b, bez ohledu na sn\u011bmovn\u00ed v\u011bt\u0161inu jednu vl\u00e1du s\u00e1m stvo\u0159il. Zaslou\u017e\u00ed si jako p\u0159\u00edmo zvolen\u00fd prezident Zeman v\u00edc svobody? Kter\u00e9 kroky, kter\u00fdmi vybo\u010dil nad b\u011b\u017en\u00fd r\u00e1mec, mu lze schvalovat a kter\u00e9 ji\u017e ne? M\u00e1 doj\u00edt k \u00faprav\u011b prezidentsk\u00fdch pravomoc\u00ed?<\/strong><\/p>\n<p>Zaveden\u00ed p\u0159\u00edm\u00e9 volby jsem v\u017edy pova\u017eoval za chybu. Varoval jsem p\u0159edem, \u017ee jak\u00fdkoli p\u0159\u00edmo volen\u00fd prezident nebude m\u00edt pot\u0159ebu kooperace s\u00a0ostatn\u00edmi \u00fastavn\u00edmi institucemi, proto\u017ee bude c\u00edtit siln\u00fd mand\u00e1t p\u0159\u00edmo od ve\u0159ejnosti. P\u0159edchoz\u00ed syst\u00e9m prezidenty ke spolupr\u00e1ci nep\u0159\u00edmo nutil. Prezident Klaus by nejrad\u011bji b\u00fdval vr\u00e1til 95 procent z\u00e1kon\u016f, kter\u00e9 mu p\u0159i\u0161ly na st\u016fl. Ale vr\u00e1til jich jen asi 5 procent, proto\u017ee m\u011bl pocit, \u017ee \u00fastavn\u00ed instituce spolu nemaj\u00ed v\u00e9st trvalou z\u00e1kopovou v\u00e1lku ke \u0161kod\u011b cel\u00e9 republiky. Zeman d\u011bl\u00e1 p\u0159esn\u011b to, co jsem p\u0159edpov\u00eddal a co by d\u011blal jak\u00fdkoli p\u0159\u00edmo volen\u00fd prezident.<\/p>\n<p>Existuj\u00ed jen dv\u011b dobr\u00e1 v\u00fdchodiska: p\u0159\u00edmou volbu zru\u0161it, nebo u\u010dinit kroky bl\u00ed\u017ee k\u00a0prezidentsk\u00e9mu syst\u00e9mu. Bohu\u017eel sly\u0161\u00edme \u00fapln\u011b opa\u010dn\u00e9 n\u00e1vrhy: cht\u011bli jsme p\u0159\u00edmou volbou zvolen\u00e9ho siln\u011bj\u0161\u00edho prezidenta, tak te\u010f ho naopak oslab\u00edme z\u00e1sahy do \u00fastavy.\u00a0 A je\u0161t\u011b n\u011bco: bude h\u016f\u0159. Nyn\u00ed \u017eijeme v\u00a0zemi, kde prezident republiky je socialista, p\u0159edseda vl\u00e1dy socialista, p\u0159edseda doln\u00ed komory parlamentu socialista, p\u0159edseda horn\u00ed komory parlamentu socialista, p\u0159edseda \u00dastavn\u00edho soudu je socialista. Tedy vlastn\u011b selanka. Co bude, a\u017e v\u00a0budoucnu voli\u010d t\u0159eba nam\u00edch\u00e1 tuto reprezentaci pest\u0159eji a barevn\u011bji? To bude teprve festival sv\u00e9vol\u00ed, schv\u00e1lnost\u00ed a vz\u00e1jemn\u00e9ho permanentn\u00edho boje v\u0161emi prost\u0159edky.<\/p>\n<p><strong>A\u0165 u\u017e je to jakkoliv, nezanedbateln\u00e1 \u010d\u00e1st \u010desk\u00e9 ve\u0159ejnosti nem\u016f\u017ee sv\u00e9ho prezidenta ani c\u00edtit, a to u\u017e od voleb. Jde o liber\u00e1ln\u011b zalo\u017een\u00e9 voli\u010de, bohat\u0161\u00ed voli\u010de a o ml\u00e1de\u017e. Co k tomu \u0159\u00edci? Prezident je n\u011bkdy \u010dastov\u00e1n v\u00fdrazy typu ,,prase\u201c, je mu vy\u010d\u00edt\u00e1n jeho vzhled, sklony k alkoholismu a kou\u0159en\u00ed a jin\u00e9 zcela osobn\u00ed v\u011bci, kv\u016fli kter\u00fdm Zeman pr\u00fd ,,neum\u00ed reprezentovat\u201c. Je to zaslou\u017een\u00e9? A je spr\u00e1vn\u00e9 kritizovat politika za takov\u00e9 \u010dist\u011b osobn\u00ed z\u00e1le\u017eitosti? Jak nahl\u00ed\u017e\u00edte na mlad\u00e9 aktivisty, kte\u0159\u00ed proti prezidentovi demonstruj\u00ed?<\/strong><\/p>\n<p>Vznikl u n\u00e1s v\u00a0posledn\u00ed dob\u011b zaj\u00edmav\u00fd \u017e\u00e1nr, zaj\u00edmav\u00fd typ aktivisty: prore\u017eimn\u00ed rebel. Ten nedemonstruje proti panuj\u00edc\u00edm po\u0159\u00e1dk\u016fm, proti vl\u00e1dnouc\u00edm sil\u00e1m, ale naopak proti ka\u017ed\u00e9mu, kdo se jim p\u0159\u00ed\u010d\u00ed. Proto jsou tyhle demonstrace medi\u00e1ln\u00ed a politickou sc\u00e9nou podporov\u00e1ny, proto\u017ee jsou zcela v souladu s\u00a0pl\u00e1ny t\u011bch nejmocn\u011bj\u0161\u00edch a nejvlivn\u011bj\u0161\u00edch sil. Mus\u00ed to b\u00fdt zaj\u00edmav\u00fd pocit: demonstrovat za potlesku mocn\u00fdch. J\u00e1 bych se na m\u00edst\u011b t\u011bch aktivist\u016f c\u00edtil blb\u011b. Jako u\u017eite\u010dn\u00fd idiot.<\/p>\n<p><strong>Co v\u00e1s naopak napad\u00e1, kdy\u017e vid\u00edte j\u00e1saj\u00edc\u00ed davy v\u00edtaj\u00edc\u00ed prezidenta v regionech a kdy\u017e vid\u00edte, \u017ee mimopra\u017esk\u00e9 obyvatelstvo prezidenta pova\u017euje za sv\u00e9ho ,,tribuna\u201c? Je to politicky spr\u00e1vn\u00e9, nebo jsou ti lid\u00e9 pom\u00fdlen\u00ed? Pro\u010d maj\u00ed r\u00e1di zrovna Zemana?<\/strong><\/p>\n<p>Pom\u00fdlen\u00ed? Proto\u017ee nemaj\u00ed stejn\u00e9 z\u00e1jmy jako pra\u017esk\u00fd snob, nebo jak se te\u010f \u0159\u00edk\u00e1 &#8211; hipster? Kdepak, maj\u00ed naopak spr\u00e1vn\u00e9 instinkty a v\u011bd\u00ed, kdo za n\u011b kope. A \u017ee ostatn\u00ed politici sp\u00ed\u0161 kopou do nich.<\/p>\n<p><strong>Komu dle v\u00e1s prezident v \u010desk\u00e9m stranick\u00e9m syst\u00e9mu stran nyn\u00ed fand\u00ed? Je to Babi\u0161? Kter\u00e9 politiky podporuje? Pokus\u00ed se je\u0161t\u011b do konce sv\u00e9ho mand\u00e1tu u\u0161kodit Bohuslavu Sobotkovi, v r\u00e1mci sv\u00fdch pravomoc\u00ed? Maj\u00ed jeho ,,kon\u011b\u201c v \u010cSSD \u0161anci k n\u00e1vratu na v\u00fdslun\u00ed? \u010ci najde jin\u00e9 spojence?<\/strong><\/p>\n<p>To se mi nechce spekulovat. Ale je jasn\u00e9, \u017ee Zeman se spoj\u00ed s\u00a0k\u00fdmkoli, kdo mu umo\u017en\u00ed efektivn\u011bji d\u011blat svou politiku. N\u011bjak\u00e9 z\u00e1sady v\u00a0tomto smyslu u n\u011bj nehledejme.<\/p>\n<p><strong>Vratislav Myn\u00e1\u0159, Ji\u0159\u00ed Ov\u010d\u00e1\u010dek, Hynek Kmon\u00ed\u010dek, Jan Veleba a jin\u00ed. Jak posoudit prosp\u011b\u0161nost jednotliv\u00fdch prezidentov\u00fdch bl\u00edzk\u00fdch pro n\u011bj samotn\u00e9ho? D\u00e1v\u00e1 mu hradn\u00ed apar\u00e1t dobr\u00fd servis? \u010c\u00ed ostuda je, \u017ee prezident republiky a bytostn\u00fd politik Zeman nem\u00e1 vybudovanou svou prezidentskou stranu? Kdo by mu mohl pomoci to napravit, pokud to je je\u0161t\u011b mo\u017en\u00e9?<\/strong><\/p>\n<p>Zven\u010d\u00ed se to t\u011b\u017eko posuzuje. \u00da\u0159edn\u00edk na Hrad\u011b d\u011bl\u00e1 \u00fapln\u011b jin\u00e9 v\u011bci, ne\u017e o kter\u00fdch v\u00ed ve\u0159ejnost. M\u00fdm \u00fakolem tak\u00e9 nebylo chodit do m\u00e9di\u00ed, zvala m\u011b sama a s\u00a0mou prac\u00ed to nijak nesouviselo. Posoudit pr\u00e1ci Zemanov\u00fdch \u00fa\u0159edn\u00edk\u016f lze jen pohledem zevnit\u0159, ale to nebudu d\u011blat, p\u0159esto\u017ee ke mn\u011b ob\u010das n\u011bco do\u0161plouchne. Osobn\u011b bych v\u0161ak uv\u00edtal, kdyby na n\u011bkter\u00fdch m\u00edstech byli lid\u00e9, kte\u0159\u00ed ob\u010das \u0159eknou ve\u0159ejn\u011b i n\u011bjak\u00fd ten sv\u016fj n\u00e1zor nebo poskytnou analytick\u00fd soud a nebudou pro m\u00e9dia zaj\u00edmav\u00ed jen kv\u016fli sv\u00e9mu soukrom\u00ed a osobn\u00edm z\u00e1le\u017eitostem. A prezidentsk\u00e1 strana? To by byla chyba. \u010clov\u011bk, kter\u00fd v\u00a0\u017eivot\u011b byl u\u017e p\u0159edsedou vl\u00e1dn\u00ed strany, premi\u00e9rem, p\u0159edsedou Poslaneck\u00e9 sn\u011bmovny a dot\u00e1hl to a\u017e na prezidenta, nem\u00e1 zapot\u0159eb\u00ed vracet se zp\u011bt, navzdory tomu, \u017ee se ho k\u00a0tomu sna\u017e\u00ed r\u016fzn\u00ed lid\u00e9 dostrkat.<\/p>\n<p><strong>\u010c\u00edm se Milo\u0161 Zeman zm\u011bnil od doby, kdy byl premi\u00e9rem? Odpustil u\u017e ,,zr\u00e1dc\u016fm\u201c, kte\u0159\u00ed ho o prezidentsk\u00fd post p\u0159ipravili v roce 2003? Ve v\u0161\u00ed \u00fact\u011b k prezidentovi&#8230; Jak se na n\u011bm projevuje st\u00e1rnut\u00ed?<\/strong><\/p>\n<p>Mysl\u00edm, \u017ee prezident Zeman je pon\u011bkud mstiv\u00fd a onu k\u0159ivdu nikdy nezapomene. A st\u00e1rnut\u00ed? Rozhodn\u011b mu slu\u0161\u00ed. P\u0159ed 25 lety p\u016fsobil ve feder\u00e1ln\u00edm parlamentu ve sv\u00e9m kostkovan\u00e9m saku jako marniv\u00fd s\u0148atkov\u00fd podvodn\u00edk. Te\u010f p\u016fsob\u00ed jako zral\u00fd chlap.<\/p>\n<p><strong>Jak Milo\u0161 Zeman asi vyu\u017eije druhou polovinu sv\u00e9ho mand\u00e1tu? Pojede na klidn\u011bj\u0161\u00ed vln\u011b, bude pouze vy\u010dk\u00e1vat na p\u0159\u00edle\u017eitost vstoupit do politiky v krizov\u00e9 situaci, nebo je\u0161t\u011b zintenzivn\u00ed sv\u00e9 akce ve v\u011bci migrace, Ruska a Ukrajiny a podobn\u011b? Prost\u011b co provede a jakou radu by od v\u00e1s dostal?<\/strong><\/p>\n<p>J\u00e1 mu radu d\u00e1vat nebudu, tak\u00e9 budu je\u0161t\u011b chv\u00edli zapom\u00ednat na to, jak o mn\u011b mluvil t\u011bsn\u011b p\u0159ed volbou a t\u011bsn\u011b po n\u00ed v\u010detn\u011b toho, \u017ee by m\u011b na Hrad\u011b necht\u011bl, ani\u017e by byl tu\u0161il, co jsem tam v\u016fbec m\u011bl na pr\u00e1ci, ale hlavn\u011b ani\u017e by zaregistroval m\u016fj mnohokr\u00e1t opakovan\u00fd postoj, \u017ee bych pod n\u00edm a ani \u017e\u00e1dn\u00fdm jin\u00fdm prezidentem nikdy na Hrad\u011b z\u016fstat ani necht\u011bl. Proto jsem mu t\u0159eba neporadil, aby m\u00edsto sv\u00fdch nesrozumiteln\u00fdch tanc\u016f kolem v\u00fdro\u010d\u00ed osvobozen\u00ed Osv\u011btimi a konce v\u00e1lky pozval spojence k\u00a0n\u00e1m do Mil\u00edna na pam\u011b\u0165 posledn\u00edm v\u00fdst\u0159el\u016fm Druh\u00e9 sv\u011btov\u00e9 v\u00e1lky v\u00a0Evrop\u011b. A jak vyu\u017eije druhou p\u016flku sv\u00e9ho mand\u00e1tu? P\u0159ece jako p\u0159edvolebn\u00ed kampa\u0148.<\/p>\n<p><strong>Nelze skon\u010dit jinak ne\u017e \u00favahou, zda Milo\u0161 Zeman v roce 2018 znovu bude kandidovat do funkce prezidenta. Bude? A usp\u011bje? Jac\u00ed protikandid\u00e1ti asi typov\u011b budou st\u00e1t proti n\u011bmu? Tom\u00e1\u0161 Hal\u00edk, Jan \u0160vejnar, n\u011bkdo jin\u00fd? Jak\u00fdm zp\u016fsobem, s jak\u00fdmi t\u00e9maty by volby mohl vyhr\u00e1t?<\/strong><\/p>\n<p>No, ty dva str\u00fdce jist\u011b nemysl\u00edte v\u00e1\u017en\u011b. Mimo redakce pra\u017esk\u00fdch m\u00e9di\u00ed je nikdo v\u00e1\u017en\u011b nebere. Havlist\u00e9 si najdou libovolnou figuru, poskytnou j\u00ed p\u00e1r set milion\u016f a ud\u011blaj\u00ed z\u00a0n\u00ed medi\u00e1ln\u00ed superstar za p\u00e1r t\u00fddn\u016f. M\u00e1lokdo si pamatuje, \u017ee je\u0161t\u011b v l\u00e9t\u011b p\u0159ed minulou volbou m\u011bl takov\u00fd Schwarzenberg v\u00a0pr\u016fzkumech ni\u017e\u0161\u00ed preference ne\u017e j\u00e1. A ani \u017e\u00e1dn\u00e9 podpisy sb\u00edrat nemusel. Havlist\u00e9 m\u011bli jako sv\u00e9ho kon\u011b Fischera, ten se ale pak uk\u00e1zal nudn\u00fd, tak ho p\u00e1r t\u00fddn\u016f p\u0159ed volbou p\u0159ep\u0159\u00e1hli a nov\u00fd medi\u00e1ln\u00ed mil\u00e1\u010dek s\u00a0\u010d\u00edrem byl na sv\u011bt\u011b.\u00a0 Bude to op\u011bt boj pen\u011bz a medi\u00e1ln\u00ed kampan\u011b proti \u010desk\u00e9mu voli\u010di. A Zeman p\u016fjde do toho, pokud mu bude slou\u017eit zdrav\u00ed. A vyhr\u00e1t m\u016f\u017ee, pokud jeho t\u00e9matem bude\u2026 \u00a0Zeman.<\/p>\n<p><strong>Nakonec je\u0161t\u011b, zcela na z\u00e1v\u011br, zcela obecn\u011b&#8230; Co prezident Milo\u0161 Zeman dle v\u00e1s zanech\u00e1 \u010desk\u00e9mu n\u00e1rodu, jakou stopu sv\u00fdm prezidentstv\u00edm zanech\u00e1? Co byste napsal do u\u010debnice d\u011bjepisu pod jeho jm\u00e9no?<\/strong><\/p>\n<p>Takov\u00e9 u\u010debnice by m\u011bl ps\u00e1t n\u011bkdo jin\u00fd ne\u017e j\u00e1. N\u011bkdo s\u00a0odstupem, ne tak pono\u0159en\u00fd a\u017e po u\u0161i v\u00a0politick\u00e9 realit\u011b. Ale tipuji, \u017ee o n\u011bm nap\u00ed\u0161\u00ed, \u017ee to byl posledn\u00ed prezident, kter\u00fd je\u0161t\u011b pou\u017e\u00edval \u010deskou vlajku a prezidentskou standartu, ne\u017e jsme i form\u00e1ln\u011b uznali, \u017ee u\u017e jako st\u00e1t neexistujeme a \u017ee jsme jen jednou z\u00a0bruselsk\u00fdch provinci\u00ed.<\/p>\n<p><a href=\"http:\/\/www.parlamentnilisty.cz\/arena\/rozhovory\/Klausuv-Jakl-otevrene-Aktiviste-proti-Zemanovi-jsou-uzitecni-idioti-nejmocnejsich-sil-Zeman-kope-za-lidi-ostatni-politici-do-lidi-A-nenavist-proti-Klausovi-Halik-a-Svejnar-395108\" target=\"_blank\">Zdroj<\/a><\/p>\n","protected":false},"excerpt":{"rendered":"<p>POLO\u010cAS MILO\u0160E ZEMANA Podle b\u00fdval\u00e9ho tajemn\u00edka prezidenta Klause Ladislava Jakla Zemanova \u201ev\u00fdchodn\u00ed\u201c politika je v z\u00e1sad\u011b dobr\u00e1. N\u00e1zor na pot\u0159ebu \u010delit invazi p\u0159ist\u011bhovalc\u016f z chud\u00fdch rozvr\u00e1cen\u00fdch zem\u00ed m\u00e1 Zeman spr\u00e1vn\u00fd. Novin\u00e1\u0159i dle n\u011bho Zemana miluj\u00ed. Je pro n\u011b z\u00e1bavn\u00fd a oni hltaj\u00ed ka\u017edou jeho v\u011btu. Zeman kope za lidi, i kdy\u017e je pon\u011bkud mstiv\u00fd, domn\u00edv\u00e1 [&hellip;]<\/p>\n","protected":false},"author":1,"featured_media":0,"comment_status":"open","ping_status":"open","sticky":false,"template":"","format":"standard","meta":{"ngg_post_thumbnail":0,"footnotes":""},"categories":[13],"tags":[],"class_list":["post-5986","post","type-post","status-publish","format-standard","hentry","category-rozhovory"],"_links":{"self":[{"href":"https:\/\/www.ladislavjakl.cz\/index.php?rest_route=\/wp\/v2\/posts\/5986","targetHints":{"allow":["GET"]}}],"collection":[{"href":"https:\/\/www.ladislavjakl.cz\/index.php?rest_route=\/wp\/v2\/posts"}],"about":[{"href":"https:\/\/www.ladislavjakl.cz\/index.php?rest_route=\/wp\/v2\/types\/post"}],"author":[{"embeddable":true,"href":"https:\/\/www.ladislavjakl.cz\/index.php?rest_route=\/wp\/v2\/users\/1"}],"replies":[{"embeddable":true,"href":"https:\/\/www.ladislavjakl.cz\/index.php?rest_route=%2Fwp%2Fv2%2Fcomments&post=5986"}],"version-history":[{"count":1,"href":"https:\/\/www.ladislavjakl.cz\/index.php?rest_route=\/wp\/v2\/posts\/5986\/revisions"}],"predecessor-version":[{"id":5987,"href":"https:\/\/www.ladislavjakl.cz\/index.php?rest_route=\/wp\/v2\/posts\/5986\/revisions\/5987"}],"wp:attachment":[{"href":"https:\/\/www.ladislavjakl.cz\/index.php?rest_route=%2Fwp%2Fv2%2Fmedia&parent=5986"}],"wp:term":[{"taxonomy":"category","embeddable":true,"href":"https:\/\/www.ladislavjakl.cz\/index.php?rest_route=%2Fwp%2Fv2%2Fcategories&post=5986"},{"taxonomy":"post_tag","embeddable":true,"href":"https:\/\/www.ladislavjakl.cz\/index.php?rest_route=%2Fwp%2Fv2%2Ftags&post=5986"}],"curies":[{"name":"wp","href":"https:\/\/api.w.org\/{rel}","templated":true}]}}