{"id":600,"date":"2010-10-18T15:59:32","date_gmt":"2010-10-18T14:59:32","guid":{"rendered":"http:\/\/www.ladislavjakl.cz\/?p=600"},"modified":"2010-10-18T15:59:32","modified_gmt":"2010-10-18T14:59:32","slug":"jezek-medialni-rady-a-prezident-klause-se-bojim-jakl-se-smeje","status":"publish","type":"post","link":"https:\/\/www.ladislavjakl.cz\/?p=600","title":{"rendered":"Je\u017eek: Medi\u00e1ln\u00ed rady a prezident? Klause se boj\u00edm. Jakl se sm\u011bje"},"content":{"rendered":"<p><strong>B\u00fdval\u00fd \u0159editel  \u010cesk\u00e9ho rozhlasu Vlastimil Je\u017eek poskytl rozhovor serveru  Parlamentn\u00edListy.cz t\u00fdkaj\u00edc\u00ed se krize v \u010cesk\u00e9m rozhlase, kdy ji\u017e t\u00e9m\u011b\u0159  osm m\u011bs\u00edc\u016f instituce nem\u00e1 kompletn\u00ed radu, kter\u00e1 zat\u00edm nezvolila  gener\u00e1ln\u00edho \u0159editele rozhlasu. <\/strong><\/p>\n<p><strong><!--more--><\/strong><\/p>\n<p><strong>Redakce se obr\u00e1tila i na p\u0159edsedu St\u00e1l\u00e9  komise Sen\u00e1tu pro sd\u011blovac\u00ed prost\u0159edky Ji\u0159\u00edho Oberfalzera.<\/strong> Rada \u010cesk\u00e9ho rozhlasu m\u00e1 m\u00edt toti\u017e za norm\u00e1ln\u00edch  podm\u00ednek dev\u011bt \u010dlen\u016f, m\u00e1 jich v\u0161ak pouze p\u011bt. T\u0159em skon\u010dilo funk\u010dn\u00ed  obdob\u00ed na konci \u00fanora.\u00a0Z\u00e1kon rovn\u011b\u017e \u0159\u00edk\u00e1, \u017ee pokud gener\u00e1ln\u00ed \u0159editel  odejde z funkce, je rada povinna zvolit nov\u00e9ho gener\u00e1ln\u00edho \u0159editele do  t\u0159\u00ed m\u011bs\u00edc\u016f. Rada zat\u00edm pouze jmenovala prozat\u00edmn\u00edm \u0159editelem Petera  Duhana. \u0158\u00e1dn\u00e9ho gener\u00e1ln\u00edho \u0159editele toti\u017e mus\u00ed zvolit dv\u011b t\u0159etiny v\u0161ech  radn\u00edch.<\/p>\n<p><strong>Sn\u011bmovna je odpov\u011bdn\u00e1 za poru\u0161ov\u00e1n\u00ed z\u00e1kona<\/p>\n<p><\/strong>Vlastimil Je\u017eek m\u00edn\u00ed, \u017ee z\u00e1kon je poru\u0161ov\u00e1n d\u00edky ne\u010dinnosti  sn\u011bmovny, kter\u00e1 je hlavn\u00edm vin\u00edkem sou\u010dasn\u00e9ho stavu, kdy \u010cesk\u00fd rozhlas  nem\u00e1 gener\u00e1ln\u00edho \u0159editele. \u201eKdyby sn\u011bmovna norm\u00e1ln\u011b fungovala, mohlo b\u00fdt  v\u0161echno v po\u0159\u00e1dku, jenom\u017ee ona m\u011bla jin\u00e9 starosti ne\u017e zab\u00fdvat se  obsazen\u00edm Rady \u010cesk\u00e9ho rozhlasu. A nov\u00e1 sn\u011bmovna se chov\u00e1 stejn\u011b. Po  volb\u00e1ch u\u017e m\u00e1me p\u011bknou \u0159\u00e1dku m\u011bs\u00edc\u016f a rada st\u00e1le kompletn\u00ed nen\u00ed,&#8220; \u0159ekl  Parlamentn\u00edmList\u016fm.cz Je\u017eek.<\/p>\n<p>\u201eNem\u00e1m pocit, \u017ee by to n\u011bkoho ve sn\u011bmovn\u011b n\u011bkoho v\u016fbec vzru\u0161ovalo.  Politick\u00e1 reprezentace m\u00e1 sv\u00e9 priority a Rada \u010cesk\u00e9ho rozhlasu ji  o\u010dividn\u011b netr\u00e1p\u00ed a k jej\u00edm priorit\u00e1m to nepat\u0159\u00ed,&#8220; doplnil Je\u017eek.<\/p>\n<p>\u201eUr\u010dit\u011b by z hlediska ni\u017e\u0161\u00ed kontaminace politick\u00fdmi vlivy pomohlo, kdyby  rada byla jmenov\u00e1na a volena nap\u0159\u00edklad z t\u0159etiny sn\u011bmovnou, z t\u0159etiny  Sen\u00e1tem a z t\u0159etiny n\u011bk\u00fdm jin\u00fdm. Skoro se mi nechce \u0159\u00edct prezidentem,  ale ob\u00e1v\u00e1m se, \u017ee se mi to nechce \u0159\u00edct sp\u00ed\u0161e kv\u016fli tomu, kdo je t\u00edm  prezidentem nyn\u00ed, a ne \u017ee bych to obecn\u011b vylu\u010doval,&#8220; vyj\u00e1d\u0159il se k  p\u0159\u00edpadn\u00e9 zm\u011bn\u011b toho, kdo radu volil, Je\u017eek.<\/p>\n<p><strong>Je\u017eek \u010dek\u00e1, a\u017e budu prezidentem, bav\u00ed se Jakl<\/p>\n<p><\/strong>Tajemn\u00edk prezidenta Ladislav Jakl, kter\u00fd V\u00e1clavu Klausovi\u00a0rad\u00ed v  politick\u00fdch ot\u00e1zk\u00e1ch, \u00favahu Je\u017eka odm\u00edtl. &#8222;Ch\u00e1pu, \u017ee pan Je\u017eek \u010dek\u00e1, a\u017e  budu prezidentem j\u00e1. Ale i za takov\u00fdch okolnost\u00ed bych tento dlouho  diskutovan\u00fd syst\u00e9m &#8222;trojno\u017eky&#8220; nepova\u017eoval za dobr\u00fd n\u00e1pad. Jeho  realizace by je\u0161t\u011b oslabila zodpov\u011bdnost rady a znamenala by jej\u00ed  faktickou neodvolatelnost. Ostatn\u011b soud\u00edm, \u017ee \u010cesk\u00fd rozhlas by m\u011bl b\u00fdt  zru\u0161en,&#8220; uvedl pro Parlamentn\u00edListy.cz Jakl, jen\u017e dlouhodob\u011b kritizuje  ve\u0159ejnopr\u00e1vn\u00ed m\u00e9dia.<\/p>\n<p><strong>Slu\u010dov\u00e1n\u00ed nen\u00ed podle Je\u017eka dobr\u00fd n\u00e1pad<\/p>\n<p><\/strong>Parlamentn\u00edListy.cz se rovn\u011b\u017e zeptaly, zdali by obecn\u011b nebylo  dobr\u00e9 rady slou\u010dit. V sou\u010dasnosti toti\u017e existuje Rada pro rozhlasov\u00e9 a  televizn\u00ed vys\u00edl\u00e1n\u00ed, Rada \u010cesk\u00e9 televize, Rada \u010cesk\u00e9ho rozhlasu a Rada  \u010cTK.<\/p>\n<p>\u201eJ\u00e1 si toto nemysl\u00edm. J\u00e1 v\u00edm, \u017ee je to te\u010f velmi modern\u00ed sna\u017eit se  spojit Radu \u010cesk\u00e9ho rozhlasu a Radu \u010cesk\u00e9 televize do rady jedin\u00e9. Rady  jsou kontroln\u00edm mechanismem a j\u00e1 v jejich slou\u010den\u00ed \u017e\u00e1dnou v\u00fdhodu  nevid\u00edm, pokud existuj\u00ed dv\u011b instituce, kter\u00e9 kontroluj\u00ed. Pokud by byla  instituce jedna, bylo by logick\u00e9, aby i rada byla jedna. Pokud by byly  dv\u011b instituce, rada by byla jedna a volila by ji celou Poslaneck\u00e1  sn\u011bmovna, tak by nastalo parcelov\u00e1n\u00ed rady politick\u00fdmi subjekty  zastoupen\u00fdmi ve sn\u011bmovn\u011b a to je podle m\u011b d\u016fvod, pro\u010d to n\u011bkdo navrhuje.  S efektivitou to nem\u00e1 v\u016fbec nic spole\u010dn\u00e9ho,&#8220; m\u00edn\u00ed Je\u017eek.<\/p>\n<p><strong>Gener\u00e1ln\u00ed \u0159editel m\u016f\u017ee b\u00fdt ide\u00e1ln\u011b do V\u00e1noc<\/p>\n<p><\/strong>Radu pro rozhlasov\u00e9 a televizn\u00ed vys\u00edl\u00e1n\u00ed by Je\u017eek neru\u0161il,  proto\u017ee ta doz\u00edr\u00e1 nejen na ve\u0159ejnopr\u00e1vn\u00ed m\u00e9dia, ale i soukrom\u00e9 televize a  rozhlasov\u00e9 stanice. \u201eMo\u017en\u00e9 je v\u0161echno, ale znovu opakuji, \u017ee se ob\u00e1v\u00e1m,  \u017ee motivy zde nejsou takov\u00e9, kter\u00e9 by m\u011bly zjednodu\u0161it agendu, ale  sp\u00ed\u0161e zjednodu\u0161it politick\u00e9 ovl\u00e1d\u00e1n\u00ed,&#8220; dodal Je\u017eek.<\/p>\n<p>Je\u017eek se domn\u00edv\u00e1, \u017ee sn\u011bmovna je schopn\u00e1\u00a0do poloviny listopadu dovolit  Radu \u010cRo, to je ov\u0161em mo\u017en\u00e9 pouze za dohody sn\u011bmovn\u00edch stran. Pokud by  dob\u011bhlo sou\u010dasn\u00e9 v\u00fdb\u011brov\u00e9 \u0159\u00edzen\u00ed na gener\u00e1ln\u00edho \u0159editele \u010cRo a dovolen\u00e1  rada by nevypsala nov\u00e9, tak by podle n\u011bj mohl b\u00fdt do V\u00e1noc nov\u00fd \u0159editel.  V p\u0159\u00edpad\u011b, \u017ee by bylo \u00fapln\u011b nov\u00e9 v\u00fdb\u011brov\u00e9 \u0159\u00edzen\u00ed, tak by to mohlo b\u00fdt  a\u017e na p\u0159elomu ledna a \u00fanora roku 2011.<\/p>\n<p><strong>Oberfalzer preferuje bavorsk\u00fd model a slou\u010den\u00ed rad mu nevad\u00ed<\/p>\n<p><\/strong>P\u0159edseda St\u00e1l\u00e9 komise Sen\u00e1tu pro sd\u011blovac\u00ed prost\u0159edky Ji\u0159\u00ed  Oberfalzer proti n\u00e1vrhu, \u017ee by rady byly jmenov\u00e1ny voleny z t\u0159etiny  sn\u011bmovnou, z t\u0159etiny Sen\u00e1tem a z t\u0159etiny prezidentem nic nenam\u00edt\u00e1. \u201eMy  jsme n\u011bco podobn\u00e9ho navrhovali, ale je to nepr\u016fchodn\u00e9 sn\u011bmovnou,&#8220; \u0159ekl  Parlamentn\u00edmList\u016fm.cz sen\u00e1tor.<\/p>\n<p>Oberfalzer m\u00edn\u00ed, \u017ee by tak\u00e9 nebyl \u0161patn\u00fd takzvan\u00fd bavorsk\u00fd model, kdy by  \u010dleny rady jmenovaly organizace, kter\u00e9 se zab\u00fdvaj\u00ed podobn\u00fdmi  z\u00e1le\u017eitostmi jako m\u00e9dia ve\u0159ejn\u00e9 slu\u017eby. Jde o organizace z oblasti  vzd\u011bl\u00e1v\u00e1n\u00ed, v\u00fdchovy, n\u00e1rodnostn\u00edch men\u0161in a podobn\u011b. Ka\u017ed\u00e1 by pak  jmenovala do rady sv\u00e9ho \u010dlena. Seznam opr\u00e1vn\u011bn\u00fdch organizac\u00ed by byl d\u00e1n  z\u00e1konem.<\/p>\n<p>Pokud jde o slu\u010dov\u00e1n\u00ed rad, tak to podle sen\u00e1tora Oberfalzera nen\u00ed  nemo\u017en\u00e9. Mohla by podle n\u011bho existovat jedin\u00e1 rada medi\u00e1ln\u00edho  multiplexu.<\/p>\n<p><a href=\"http:\/\/www.parlamentnilisty.cz\/parlament\/178141.aspx\" target=\"_blank\">ZDROJ<\/a><\/p>\n","protected":false},"excerpt":{"rendered":"<p>B\u00fdval\u00fd \u0159editel \u010cesk\u00e9ho rozhlasu Vlastimil Je\u017eek poskytl rozhovor serveru Parlamentn\u00edListy.cz t\u00fdkaj\u00edc\u00ed se krize v \u010cesk\u00e9m rozhlase, kdy ji\u017e t\u00e9m\u011b\u0159 osm m\u011bs\u00edc\u016f instituce nem\u00e1 kompletn\u00ed radu, kter\u00e1 zat\u00edm nezvolila gener\u00e1ln\u00edho \u0159editele rozhlasu.<\/p>\n","protected":false},"author":1,"featured_media":0,"comment_status":"open","ping_status":"open","sticky":false,"template":"","format":"standard","meta":{"ngg_post_thumbnail":0,"footnotes":""},"categories":[11],"tags":[],"class_list":["post-600","post","type-post","status-publish","format-standard","hentry","category-ozvena"],"_links":{"self":[{"href":"https:\/\/www.ladislavjakl.cz\/index.php?rest_route=\/wp\/v2\/posts\/600","targetHints":{"allow":["GET"]}}],"collection":[{"href":"https:\/\/www.ladislavjakl.cz\/index.php?rest_route=\/wp\/v2\/posts"}],"about":[{"href":"https:\/\/www.ladislavjakl.cz\/index.php?rest_route=\/wp\/v2\/types\/post"}],"author":[{"embeddable":true,"href":"https:\/\/www.ladislavjakl.cz\/index.php?rest_route=\/wp\/v2\/users\/1"}],"replies":[{"embeddable":true,"href":"https:\/\/www.ladislavjakl.cz\/index.php?rest_route=%2Fwp%2Fv2%2Fcomments&post=600"}],"version-history":[{"count":2,"href":"https:\/\/www.ladislavjakl.cz\/index.php?rest_route=\/wp\/v2\/posts\/600\/revisions"}],"predecessor-version":[{"id":602,"href":"https:\/\/www.ladislavjakl.cz\/index.php?rest_route=\/wp\/v2\/posts\/600\/revisions\/602"}],"wp:attachment":[{"href":"https:\/\/www.ladislavjakl.cz\/index.php?rest_route=%2Fwp%2Fv2%2Fmedia&parent=600"}],"wp:term":[{"taxonomy":"category","embeddable":true,"href":"https:\/\/www.ladislavjakl.cz\/index.php?rest_route=%2Fwp%2Fv2%2Fcategories&post=600"},{"taxonomy":"post_tag","embeddable":true,"href":"https:\/\/www.ladislavjakl.cz\/index.php?rest_route=%2Fwp%2Fv2%2Ftags&post=600"}],"curies":[{"name":"wp","href":"https:\/\/api.w.org\/{rel}","templated":true}]}}