{"id":6001,"date":"2015-09-09T15:43:09","date_gmt":"2015-09-09T13:43:09","guid":{"rendered":"http:\/\/www.ladislavjakl.cz\/?p=6001"},"modified":"2015-09-09T15:43:09","modified_gmt":"2015-09-09T13:43:09","slug":"dve-vrazdy-staci-temne-stiny-andreje-babise","status":"publish","type":"post","link":"https:\/\/www.ladislavjakl.cz\/?p=6001","title":{"rendered":"Dv\u011b vra\u017edy sta\u010d\u00ed? Temn\u00e9 st\u00edny Andreje Babi\u0161e."},"content":{"rendered":"<p>M\u00e1 Babi\u0161 na krku dvojn\u00e1sobnou vra\u017edu? Nebo jde jen o zcela neobvyklou shodu podivn\u00fdch n\u00e1hod? Listopad roku 2007. Ve sv\u00e9m byt\u011b je nalezen mrtv\u00fd Tom\u00e1\u0161 Kejla.<\/p>\n<p><!--more--><\/p>\n<p>Ten, kter\u00fd i podle m\u00fdch informac\u00ed Andreji Babi\u0161ovi sjedn\u00e1val sch\u016fzky s r\u016fzn\u00fdmi osobami mocensk\u00fdch a obchodn\u00edch struktur. Babi\u0161 se prost\u0159ednictv\u00edm t\u011bchto kontakt\u016f sna\u017eil podle hesla \u201ev\u00edce miliard v\u00edce v\u00ed\u201c vyjednat si zv\u00fdhodn\u011bn\u00e9 podm\u00ednky pro sv\u00e9 podnik\u00e1n\u00ed. Jak to v\u00edm? Dv\u011b takov\u00e9 sch\u016fzky sjednal Tom\u00e1\u0161 Kejla Babi\u0161ovi na jeho pokyn i se mnou.<\/p>\n<p>Tom\u00e1\u0161 Kejla podle n\u011bkter\u00fdch informac\u00ed utrp\u011bl doma t\u011b\u017ekou r\u00e1nu do hlavy, podle jin\u00fdch krvav\u00e9 zran\u011bn\u00ed. Podle ofici\u00e1ln\u00edch informac\u00ed ale um\u0159el ne\u0161\u0165astnou n\u00e1hodou. T\u0159i dny p\u0159ed svou smrt\u00ed byl ov\u0161em zcela zdr\u00e1v a pln\u00fd pl\u00e1n\u016f, co\u017e mohu potvrdit osobn\u011b. Nezem\u0159el t\u0159eba na smrtelnou nemoc, kter\u00e9 se \u0159\u00edk\u00e1 \u201emoc toho v\u011bd\u011bl\u201c?<\/p>\n<p>B\u0159ezen 2015. Ve sv\u00e9m byt\u011b byl nalezen mrtv\u00fd podnikatel Peter Kovar\u010d\u00edk. Podle n\u011bkter\u00fdch informac\u00ed utrp\u011bl doma t\u011b\u017ekou r\u00e1nu do hlavy, podle jin\u00fdch krvav\u00e9 zran\u011bn\u00ed. Podle ofici\u00e1ln\u00edch informac\u00ed ale um\u0159el ne\u0161\u0165astnou n\u00e1hodou. To je n\u00e1m kolem pana Babi\u0161e smrt\u00edc\u00edch n\u00e1hod, \u017ee?<\/p>\n<p>Kovar\u010d\u00edk byl po dlouh\u00e1 l\u00e9ta s Babi\u0161em jedna ruka. Byli to oba sloven\u0161t\u00ed spolu\u017e\u00e1ci na Vysok\u00e9 \u0161kole ekonomick\u00e9 v oboru zahrani\u010dn\u00edho obchodu. Oba je pak komunistick\u00e9 st\u00e1tn\u00ed slu\u017eby vyslaly na misi do Maroka, kde byl Kovar\u010d\u00edk Babi\u0161ov\u00fdm p\u0159\u00edm\u00fdm pod\u0159\u00edzen\u00fdm. \u00dazk\u00e9 osobn\u00ed i obchodn\u00ed vazby je spojovaly podle kulo\u00e1rn\u00edch informac\u00ed i po listopadu 1989, ostatn\u011b oba se velmi rychle stali milion\u00e1\u0159i ve stejnou dobu. Kontakty z p\u00e9zetky um\u011bli vyu\u017e\u00edt \u0161ikovn\u011b.<\/p>\n<p>Z otev\u0159en\u00fdch zdroj\u016f lze zjistit, \u017ee v posledn\u00edch letech ale jejich vztahy zna\u010dn\u011b ochladly, t\u0159eba podle investigativn\u00ed novin\u00e1\u0159ky Slonkov\u00e9 d\u00e1val Kovar\u010d\u00edk najevo, \u017ee po\u010d\u00e1tky Babi\u0161ova z\u00e1zra\u010dn\u00e9ho zbohatnut\u00ed byly prov\u00e1zeny velmi podez\u0159el\u00fdmi okolnostmi, o kter\u00fdch Kovar\u010d\u00edk asi v\u011bd\u011bl sv\u00e9. Nezem\u0159el tak\u00e9 na smrtelnou nemoc, kter\u00e9 se \u0159\u00edk\u00e1 \u201emoc toho v\u011bd\u011bl\u201c?<\/p>\n<p>\u017de jsou to v\u0161echno jen m\u00e9 domn\u011bnky? Jist\u011b. J\u00e1 si to tak ale opravdu mysl\u00edm. A domn\u011bnky se p\u0159ece zve\u0159ej\u0148ovat maj\u00ed, jak n\u00e1s u\u010d\u00ed dne\u0161n\u00ed medi\u00e1ln\u00ed praxe. Nav\u00edc tyto m\u00e9 domn\u011bnky se na rozd\u00edl od jin\u00fdch b\u011b\u017en\u011b publikovan\u00fdch o n\u011bco op\u00edraj\u00ed. J\u00e1 na ty ot\u00e1zky odpov\u011bd\u011bt neum\u00edm. Jen se mohu na z\u00e1klad\u011b ve\u0159ejn\u011b zn\u00e1m\u00fdch informac\u00ed domn\u00edvat sv\u00e9.<\/p>\n<p>Jin\u00ed by ale mohli konat a na ty ot\u00e1zky hledat odpov\u011bdi, t\u0159eba hl\u00eddac\u00ed psi na\u0161\u00ed demokracie. Sv\u00e9 agenty maj\u00ed nap\u0159\u00edklad ty r\u016fzn\u00e9 takzvan\u00e9 protikorup\u010dn\u00ed fondy. Jen\u017ee ty jsou s Babi\u0161em spjaty a zab\u00fdvaj\u00ed se jen prefabrikac\u00ed fantasmagorick\u00fdch nesmysl\u016f, kter\u00e9 maj\u00ed odv\u00e9st pozornost jinam. A Babi\u0161em placen\u00ed novin\u00e1\u0159i z jeho m\u00e9di\u00ed? Ale kdepak, ti za jeho pen\u00edze rad\u011bji \u0161pin\u00ed a pomlouvaj\u00ed jin\u00e9, za rozpl\u00e9t\u00e1n\u00ed podivn\u00fdch \u00famrt\u00ed by je Babi\u0161 asi nepochv\u00e1lil. To, co v\u00edm j\u00e1, v\u011bd\u00ed toti\u017e zcela jist\u011b tak\u00e9, a ur\u010dit\u011b i v\u00edc. Ale nikdy o tom nenap\u00ed\u0161\u00ed.<\/p>\n<p>Ani j\u00e1 bych o tom pr\u00fd nem\u011bl mluvit nahlas, jak mi radili n\u011bkte\u0159\u00ed m\u00ed p\u0159\u00e1tel\u00e9. Nebo \u017ee bych si m\u011bl za\u010d\u00edt platit ochranku. Jinak pr\u00fd budu dal\u0161\u00ed na \u0159ad\u011b. Jen\u017ee j\u00e1 mysl\u00edm, \u017ee od t\u00e9to chv\u00edle mi profesion\u00e1ln\u00ed a diskr\u00e9tn\u00ed ochranku poskytne s\u00e1m Babi\u0161. Pokud by mi toti\u017e te\u010f n\u011bkdo zk\u0159ivil n\u011bkter\u00fd z m\u00fdch posledn\u00edch t\u0159\u00ed vlas\u016f, mnoh\u00fdm by asi hned do\u0161lo, jak to v\u0161echno bylo.<\/p>\n<p><a href=\"http:\/\/jakl.blog.idnes.cz\/c\/474846\/dve-vrazdy-staci-temne-stiny-andreje-babise.html\" target=\"_blank\">Zdroj<\/a><\/p>\n","protected":false},"excerpt":{"rendered":"<p>M\u00e1 Babi\u0161 na krku dvojn\u00e1sobnou vra\u017edu? Nebo jde jen o zcela neobvyklou shodu podivn\u00fdch n\u00e1hod? Listopad roku 2007. Ve sv\u00e9m byt\u011b je nalezen mrtv\u00fd Tom\u00e1\u0161 Kejla.<\/p>\n","protected":false},"author":1,"featured_media":0,"comment_status":"open","ping_status":"open","sticky":false,"template":"","format":"standard","meta":{"ngg_post_thumbnail":0,"footnotes":""},"categories":[18],"tags":[],"class_list":["post-6001","post","type-post","status-publish","format-standard","hentry","category-postrehy"],"_links":{"self":[{"href":"https:\/\/www.ladislavjakl.cz\/index.php?rest_route=\/wp\/v2\/posts\/6001","targetHints":{"allow":["GET"]}}],"collection":[{"href":"https:\/\/www.ladislavjakl.cz\/index.php?rest_route=\/wp\/v2\/posts"}],"about":[{"href":"https:\/\/www.ladislavjakl.cz\/index.php?rest_route=\/wp\/v2\/types\/post"}],"author":[{"embeddable":true,"href":"https:\/\/www.ladislavjakl.cz\/index.php?rest_route=\/wp\/v2\/users\/1"}],"replies":[{"embeddable":true,"href":"https:\/\/www.ladislavjakl.cz\/index.php?rest_route=%2Fwp%2Fv2%2Fcomments&post=6001"}],"version-history":[{"count":1,"href":"https:\/\/www.ladislavjakl.cz\/index.php?rest_route=\/wp\/v2\/posts\/6001\/revisions"}],"predecessor-version":[{"id":6002,"href":"https:\/\/www.ladislavjakl.cz\/index.php?rest_route=\/wp\/v2\/posts\/6001\/revisions\/6002"}],"wp:attachment":[{"href":"https:\/\/www.ladislavjakl.cz\/index.php?rest_route=%2Fwp%2Fv2%2Fmedia&parent=6001"}],"wp:term":[{"taxonomy":"category","embeddable":true,"href":"https:\/\/www.ladislavjakl.cz\/index.php?rest_route=%2Fwp%2Fv2%2Fcategories&post=6001"},{"taxonomy":"post_tag","embeddable":true,"href":"https:\/\/www.ladislavjakl.cz\/index.php?rest_route=%2Fwp%2Fv2%2Ftags&post=6001"}],"curies":[{"name":"wp","href":"https:\/\/api.w.org\/{rel}","templated":true}]}}