{"id":6018,"date":"2015-09-16T11:02:02","date_gmt":"2015-09-16T09:02:02","guid":{"rendered":"http:\/\/www.ladislavjakl.cz\/?p=6018"},"modified":"2015-09-16T11:02:02","modified_gmt":"2015-09-16T09:02:02","slug":"mrtvi-gratuluji-andrejovi-z-capiho-hnizda-primo-v-mf-dnes","status":"publish","type":"post","link":"https:\/\/www.ladislavjakl.cz\/?p=6018","title":{"rendered":"Mrtv\u00ed gratuluj\u00ed Andrejovi z \u010cap\u00edho hn\u00edzda. P\u0159\u00edmo v MF DNES"},"content":{"rendered":"<div class=\"photo-thumbnail\">\n<div class=\"post-meta\">\n<div class=\"sharebuttons\">\n<div class=\"fb-like fb_iframe_widget\" data-href=\"\" data-width=\"100\" data-layout=\"button\" data-show-faces=\"false\" data-send=\"true\" data-share=\"false\">Ji\u017e n\u011bkolik t\u00fddn\u016f \u010di m\u011bs\u00edc\u016f se Prahou \u0161\u00ed\u0159\u00ed pov\u011bsti o podez\u0159el\u00e9m mno\u017estv\u00ed mrtv\u00fdch lid\u00ed, kter\u00e9 v\u0161echny spojuje, \u017ee p\u0159i\u0161li do styku s\u00a0Andrejem Babi\u0161em. Nyn\u00ed tento zvl\u00e1\u0161tn\u00ed jev, kter\u00fd by s\u00e1m o sob\u011b nesta\u010dil na to, aby ho mohly v\u00e1\u017en\u011b rozeb\u00edrat seri\u00f3zn\u00ed m\u00e9dia, pon\u011bkud houstne.<\/div>\n<\/div>\n<\/div>\n<\/div>\n<div class=\"photo-thumbnail\"><\/div>\n<p><!--more--><\/p>\n<div class=\"photo-thumbnail\"><img loading=\"lazy\" decoding=\"async\" class=\"attachment-article-single wp-post-image\" src=\"http:\/\/svobodneforum.cz\/wp-content\/uploads\/2015\/09\/aaa7.jpg\" alt=\"Inzer\u00e1t z MF DNES\" width=\"450\" height=\"300\" \/><\/div>\n<div class=\"post-meta\">\n<div class=\"photo-caption\">Inzer\u00e1t z MF DNES<\/div>\n<div class=\"photo-copyright\">Foto: Archiv SF<\/div>\n<div class=\"photo-copyright\"><\/div>\n<div class=\"sharebuttons\">\n<div class=\"fb-like fb_iframe_widget\" data-href=\"\" data-width=\"100\" data-layout=\"button\" data-show-faces=\"false\" data-send=\"true\" data-share=\"false\">Minul\u00fd t\u00fdden zve\u0159ejnil tajemn\u00edk b\u00fdval\u00e9ho prezidenta V\u00e1clava Klause Ladislav Jakl na Europort\u00e1lu \u010dl\u00e1nek \u201eTemn\u00e9 st\u00edny Andreje Babi\u0161e\u201c. Jakl p\u00ed\u0161e o dvou p\u0159\u00edpadech podivn\u00fdch \u00famrt\u00ed Babi\u0161ov\u00fdch zn\u00e1m\u00fdch. Jedn\u00e1 se o lobbistu Tom\u00e1\u0161e Kejlu, kter\u00fd sjedn\u00e1val kdysi Babi\u0161ovi sch\u016fzky s\u00a0mocn\u00fdmi lidmi, mnoho toho v\u011bd\u011bl, dokonce m\u011bl Babi\u0161e vyd\u00edrat a jednou utrp\u011bl doma \u201ene\u0161\u0165astnou n\u00e1hodou\u201c t\u011b\u017ekou r\u00e1nu do hlavy. Pak Jakl p\u0159ipom\u00edn\u00e1, \u017ee ned\u00e1vno zesnul\u00fd podnikatel Peter Kovar\u010d\u00edk, Babi\u0161\u016fv zn\u00e1m\u00fd z\u00a0komunistick\u00e9 p\u00e9zetky a pozd\u011bji bl\u00edzk\u00fd p\u0159\u00edtel V\u00e1clava Klause, v\u00a0posledn\u00ed dob\u011b p\u0159ed smrt\u00ed \u0161\u00ed\u0159il informace o Babi\u0161ov\u011b ne\u010dist\u00e9m zbohatnut\u00ed. Kovar\u010d\u00edk rovn\u011b\u017e zem\u0159el doma a rovn\u011b\u017e po t\u011b\u017ek\u00e9 r\u00e1n\u011b do hlavy.<\/div>\n<\/div>\n<\/div>\n<p>Nyn\u00ed se stavidla s hororov\u00fdmi pov\u011bstmi o Babi\u0161ov\u011b h\u0159bitov\u011b otev\u0159ela naplno. P\u0159\u00edmo v Babi\u0161ov\u011b\u00a0den\u00edku MF DNES vy\u0161el inzer\u00e1t, v\u00a0n\u011bm\u017e n\u011bkolik mrtv\u00fdch lid\u00ed gratuluje k\u00a0narozenin\u00e1m \u201eAndymu ze Storchnestu\u201c neboli z\u00a0\u010cap\u00edho hn\u00edzda\u201c. Jako prvn\u00ed na to upozornilo Echo24 v\u00a0\u010dl\u00e1nku Tom\u00e1\u0161e Perglera.<\/p>\n<p>V\u00a0inzer\u00e1tu se doslova p\u00ed\u0161e: \u201eZa jeho pr\u00e1ci, kterou vykon\u00e1val a vykon\u00e1v\u00e1, mu d\u011bkuj\u00ed a do dal\u0161\u00edch let mnoho zdrav\u00ed a pracovn\u00edch \u00fasp\u011bch\u016f p\u0159ej\u00ed J. Duck\u00fd, A. Veverkov\u00e1, E. Tren\u010diansk\u00e1, Tom. Kejla, St. B\u00e1\u010dek a jeho spolupracovn\u00edci.\u201c V\u0161ichni jsou mrtv\u00ed \u010di nezv\u011bstn\u00ed.<\/p>\n<p>J\u00e1n Duck\u00fd byl v\u00a0dob\u00e1ch Vladim\u00edra Me\u010diara slovensk\u00fdm ministrem hospod\u00e1\u0159stv\u00ed. M\u011bl se kdysi vyj\u00e1d\u0159it, \u017ee za ukraden\u00ed Agrofertu z\u00a0rukou slovensk\u00e9ho st\u00e1tu dostane Andreje Babi\u0161e do tepl\u00e1k\u016f. Jinak se ale Duck\u00fd nechvaln\u011b proslavit t\u00edm, \u017ee jako \u0161\u00e9f Slovensk\u00e9ho plyn\u00e1rensk\u00e9ho priemyslu (SPP) podepsal nekryt\u00e9 sm\u011bnky ve stamilionov\u00fdch hodnot\u00e1ch, z\u00a0nich\u017e se \u00fadajn\u011b n\u011bkter\u00e9 dostaly i k\u00a0Babi\u0161ovi. D\u00e1le m\u011bl m\u00edt z\u00e1jem o p\u0159evzet\u00ed \u010d\u00e1sti \u010desk\u00e9ho Chemapolu, kter\u00fd ov\u0161em nakonec z\u00edskal Babi\u0161. J\u00e1n Duck\u00fd byl zast\u0159elen v\u00a0lednu 1999 na chodb\u011b domu, kde bydlel. Vra\u017eda nebyla nikdy objasn\u011bna.<\/p>\n<p>B\u00fdval\u00e1 novin\u00e1\u0159ka Anna Veverkov\u00e1 pracovala jako mluv\u010d\u00ed premi\u00e9ra Vladim\u00edra \u0160pidly. S\u00a0Babi\u0161em se znala dlouh\u00e1 l\u00e9ta a pr\u00fd se p\u0159\u00e1telili. St\u00e1la u vzniku hnut\u00ed ANO 2011. V\u00a0roce 2012 v\u0161ak hnut\u00ed opustila a za\u010dala Babi\u0161e kritizovat. V\u00a0\u010dervnu 2013 ji srazilo auto a zran\u011bn\u00edm podlehla. Babi\u0161 pak na n\u00ed n\u011bkolikr\u00e1t vzpom\u00ednal jako na vynikaj\u00edc\u00ed novin\u00e1\u0159ku.<\/p>\n<p>O Elen\u011b Tren\u010diansk\u00e9 se nev\u00ed, kam zmizela.\u00a0Ale se v\u00ed, \u017ee pom\u00e1hala Andreji Babi\u0161ovi s\u00a0p\u0159eveden\u00edm Agrofertu z\u00a0rukou st\u00e1tu do jeho vlastnictv\u00ed a pak l\u00e9ta pracovala v\u00a0archivu Petrimexu, kter\u00fd d\u0159\u00edve Agrofert vlastnil.<\/p>\n<p>Inzer\u00e1t m\u00e1 povahu nejen \u010dern\u00e9ho humoru, ale p\u0159edev\u0161\u00edm vzty\u010den\u00e9ho prstu. Mrtv\u00ed ze h\u0159bitova Andyho z\u00a0Storchnestu mu blahop\u0159ej\u00ed k 61. narozenin\u00e1m. Ten, kdo inzer\u00e1t propa\u0161oval na str\u00e1nky Babi\u0161ova den\u00edku, vzkazuje ministru financ\u00ed a mocensk\u00e9mu hegemonovi \u010desk\u00e9 politick\u00e9 sc\u00e9ny, \u017ee bo\u017e\u00ed ml\u00fdny melou.<\/p>\n<p>My nem\u016f\u017eeme v\u011bd\u011bt, zda Andrej Babi\u0161 skute\u010dn\u011b vra\u017edil lidi, a proto to nelze v\u00e1\u017en\u011b tvrdit. Ale t\u011bch p\u0159\u00edpad\u016f nep\u011bkn\u00fdch \u00famrt\u00ed v prost\u0159ed\u00ed vysok\u00e9ho byznysu a zvl\u00e1\u0161t\u011b slovensk\u00e9 provenience je p\u0159\u00edli\u0161 mnoho. Tato hororov\u00e1 str\u00e1nka podnik\u00e1n\u00ed na Divok\u00e9m v\u00fdchod\u011b a v\u00a0prost\u0159ed\u00ed, kde se rozkr\u00e1dal b\u00fdval\u00fd st\u00e1tn\u00ed majetek, nevrh\u00e1 dobr\u00e9 sv\u011btlo na nikoho, kdo t\u00edmto procesem p\u0159erozd\u011blov\u00e1n\u00ed majetku pro\u0161el tak dokonale v\u00edt\u011bzn\u011b, jako pr\u00e1v\u011b Andrej Babi\u0161. To by m\u011blo bohat\u011b sta\u010dit k tomu, aby jej norm\u00e1ln\u00ed spole\u010dnost nemohla akceptovat jako politika.<\/p>\n<p>Kdy\u017e si uv\u011bdom\u00edme rozsah jeho moci, to, co ud\u011blal s \u010desk\u00fdmi novinami, jak\u00fdm zp\u016fsobem potla\u010duje sv\u00e9 kritiky a jak agresivn\u00edm zp\u016fsobem drt\u00ed sv\u00e9 konkurenty v podnik\u00e1n\u00ed, tak se nelze divit, kdy\u017e mu k narozenin\u00e1m gratuluj\u00ed mrtv\u00ed lid\u00e9.<\/p>\n<p><a href=\"http:\/\/svobodneforum.cz\/mrtvi-gratuluji-andrejovi-z-capiho-hnizda-primo-v-mf-dnes\/\" target=\"_blank\">Zdroj<\/a><\/p>\n","protected":false},"excerpt":{"rendered":"<p>Ji\u017e n\u011bkolik t\u00fddn\u016f \u010di m\u011bs\u00edc\u016f se Prahou \u0161\u00ed\u0159\u00ed pov\u011bsti o podez\u0159el\u00e9m mno\u017estv\u00ed mrtv\u00fdch lid\u00ed, kter\u00e9 v\u0161echny spojuje, \u017ee p\u0159i\u0161li do styku s\u00a0Andrejem Babi\u0161em. Nyn\u00ed tento zvl\u00e1\u0161tn\u00ed jev, kter\u00fd by s\u00e1m o sob\u011b nesta\u010dil na to, aby ho mohly v\u00e1\u017en\u011b rozeb\u00edrat seri\u00f3zn\u00ed m\u00e9dia, pon\u011bkud houstne.<\/p>\n","protected":false},"author":1,"featured_media":0,"comment_status":"open","ping_status":"open","sticky":false,"template":"","format":"standard","meta":{"ngg_post_thumbnail":0,"footnotes":""},"categories":[11],"tags":[],"class_list":["post-6018","post","type-post","status-publish","format-standard","hentry","category-ozvena"],"_links":{"self":[{"href":"https:\/\/www.ladislavjakl.cz\/index.php?rest_route=\/wp\/v2\/posts\/6018","targetHints":{"allow":["GET"]}}],"collection":[{"href":"https:\/\/www.ladislavjakl.cz\/index.php?rest_route=\/wp\/v2\/posts"}],"about":[{"href":"https:\/\/www.ladislavjakl.cz\/index.php?rest_route=\/wp\/v2\/types\/post"}],"author":[{"embeddable":true,"href":"https:\/\/www.ladislavjakl.cz\/index.php?rest_route=\/wp\/v2\/users\/1"}],"replies":[{"embeddable":true,"href":"https:\/\/www.ladislavjakl.cz\/index.php?rest_route=%2Fwp%2Fv2%2Fcomments&post=6018"}],"version-history":[{"count":1,"href":"https:\/\/www.ladislavjakl.cz\/index.php?rest_route=\/wp\/v2\/posts\/6018\/revisions"}],"predecessor-version":[{"id":6019,"href":"https:\/\/www.ladislavjakl.cz\/index.php?rest_route=\/wp\/v2\/posts\/6018\/revisions\/6019"}],"wp:attachment":[{"href":"https:\/\/www.ladislavjakl.cz\/index.php?rest_route=%2Fwp%2Fv2%2Fmedia&parent=6018"}],"wp:term":[{"taxonomy":"category","embeddable":true,"href":"https:\/\/www.ladislavjakl.cz\/index.php?rest_route=%2Fwp%2Fv2%2Fcategories&post=6018"},{"taxonomy":"post_tag","embeddable":true,"href":"https:\/\/www.ladislavjakl.cz\/index.php?rest_route=%2Fwp%2Fv2%2Ftags&post=6018"}],"curies":[{"name":"wp","href":"https:\/\/api.w.org\/{rel}","templated":true}]}}