{"id":6025,"date":"2015-09-22T08:52:58","date_gmt":"2015-09-22T06:52:58","guid":{"rendered":"http:\/\/www.ladislavjakl.cz\/?p=6025"},"modified":"2015-09-22T08:52:58","modified_gmt":"2015-09-22T06:52:58","slug":"kdo-nam-chtel-zabit-protikorupcniho-mesiase","status":"publish","type":"post","link":"https:\/\/www.ladislavjakl.cz\/?p=6025","title":{"rendered":"Kdo n\u00e1m cht\u011bl zab\u00edt protikorup\u010dn\u00edho mesi\u00e1\u0161e?"},"content":{"rendered":"<p>\u0158editel Nada\u010dn\u00edho protikorup\u010dn\u00edho fondu a miliard\u00e1\u0159 v\u00a0jedn\u00e9 osob\u011b Karel Jane\u010dek n\u00e1m sd\u011blil, \u017ee se za deset milion\u016f \u00fadajn\u011b p\u0159ipravovala jeho vra\u017eda. A promptn\u011b hned dodal jm\u00e9no objednavatele. M\u011bl j\u00edm b\u00fdt ned\u00e1vno zesnul\u00fd podnikatel Peter Kovar\u010d\u00edk. Obvi\u0148ovat \u010dlov\u011bka, kter\u00fd se nem\u00e1 jak br\u00e1nit a o jeho\u017e vin\u011b neexistuje \u017e\u00e1dn\u00fd d\u016fkaz, je oby\u010dejn\u00e1 lidsk\u00e1 podlost. Podlost je to ale i od t\u011bch novin\u00e1\u0159\u016f, kte\u0159\u00ed takovou \u201einformaci\u201c nev\u00e1haj\u00ed zve\u0159ejnit.<\/p>\n<p><!--more--><\/p>\n<p>Oblig\u00e1tn\u00ed v\u00fdmluva, \u017ee ve\u0159ejnost m\u00e1 p\u0159ece pr\u00e1vo b\u00fdt informov\u00e1na, zde neobstoj\u00ed. Podobn\u00fdch nechutnost\u00ed se ka\u017ed\u00fd den dozv\u00ed kter\u00fdkoli novin\u00e1\u0159 mraky. M\u011bl by v\u017edy ale pe\u010div\u011b v\u00e1\u017eit, jakou vypov\u00eddac\u00ed hodnotu ta kter\u00e1 informace m\u00e1, jak je v\u011brohodn\u00e1,\u00a0zda v\u016fbec spl\u0148uje alespo\u0148 minim\u00e1ln\u00ed n\u00e1roky na to, aby zaplnila ve\u0159ejn\u00fd prostor. Jane\u010dk\u016fv plivanec na mrtvolu takovou informac\u00ed rozhodn\u011b nen\u00ed. Na d\u016fv\u011bryhodnosti nep\u0159id\u00e1 ani dopln\u011bn\u00ed, \u017ee p\u0159\u00edpad vy\u0161et\u0159uje policie. Nev\u00edme toti\u017e, do jak\u00e9 m\u00edr je toto \u0161et\u0159en\u00ed nez\u00e1visl\u00e9, tedy, zda se dozv\u011bd\u011bla tuto informaci z\u00a0jin\u00e9ho zdroje ne\u017e Jane\u010dek, \u010di zda to nebyl pr\u00e1v\u011b on, kdo ji policii sd\u011blil. Co ov\u0161em z\u016fstalo u\u0161et\u0159eno novin\u00e1\u0159sk\u00e9 pozornosti, je Jane\u010dkova zm\u00ednka, \u017ee si ov\u011b\u0159oval, kolik takov\u00e1 n\u00e1jemn\u00e1 vra\u017eda stoj\u00ed. Protikorup\u010dn\u00ed mesi\u00e1\u0161 Jane\u010dek mus\u00ed m\u00edt zaj\u00edmav\u00e9 zn\u00e1mosti, kdy\u017e v\u00ed, kam se s\u00a0takov\u00fdm dotazem obr\u00e1tit.<\/p>\n<p>Jak lze s\u00a0tak nanicovatou informac\u00ed d\u00e1le \u201einvestigativn\u011b\u201c pracovat, uk\u00e1zaly Lidov\u00e9 noviny. Ty u\u017e n\u011bjakou dobu fedruj\u00ed, \u017ee b\u00fdval\u00fd prezident V\u00e1clav Klaus, p\u0159\u00edpadn\u011b jeho okol\u00ed maj\u00ed ve \u0160v\u00fdcarsku zaparkovan\u00e9 n\u011bjak\u00e9 pen\u00edze za aboli\u010dn\u00ed paragraf p\u0159edlo\u0148sk\u00e9 amnestie. Tuto slabomyslnou konstrukci pak nev\u00e1haly propojit s\u00a0ud\u00e1n\u00edm Jane\u010dkova nada\u010dn\u00edho fondu, \u017ee m\u00e1 Kovar\u010d\u00edk ve \u0160v\u00fdcarsku n\u011bjak\u00e9 konto. Od toho pak vede podprahov\u00e1 linka ke spojen\u00ed Kovar\u010d\u00edkova konta, kam si Klaus ulil prachy za aminu,\u00a0s Kovar\u010d\u00edkovou \u201ez\u00e1hadnou\u201c smrt\u00ed. Laskav\u00fd \u010dten\u00e1\u0159 nech\u0165 si domysl\u00ed, \u017ee sv\u00e9ho f\u00e1mula nechala b\u00fdval\u00e1 hlava st\u00e1tu odstranit pot\u00e9, co se Jane\u010dek v\u0161eho dom\u00e1knul. Jak prost\u00e9, mil\u00fd Watsone.<\/p>\n<p>Jin\u00fd pohled nab\u00edz\u00ed b\u00fdval\u00fd prezident\u016fv tajemn\u00edk Ladislav Jakl. \u201eKovar\u010d\u00edk byl po dlouh\u00e1 l\u00e9ta\u00a0s Babi\u0161em jedna ruka. Byli to oba sloven\u0161t\u00ed spolu\u017e\u00e1ci na Vysok\u00e9 \u0161kole ekonomick\u00e9\u00a0v oboru zahrani\u010dn\u00edho obchodu. Oba je pak komunistick\u00e9 st\u00e1tn\u00ed slu\u017eby vyslaly na misi do Maroka, kde byl Kovar\u010d\u00edk Babi\u0161ov\u00fdm p\u0159\u00edm\u00fdm pod\u0159\u00edzen\u00fdm. Z otev\u0159en\u00fdch zdroj\u016f lze zjistit, \u017ee v posledn\u00edch letech ale jejich vztahy zna\u010dn\u011b ochladly, t\u0159eba podle investigativn\u00ed novin\u00e1\u0159ky Slonkov\u00e9 d\u00e1val Kovar\u010d\u00edk najevo, \u017ee po\u010d\u00e1tky Babi\u0161ova z\u00e1zra\u010dn\u00e9ho zbohatnut\u00ed byly prov\u00e1zeny velmi podez\u0159el\u00fdmi okolnostmi, o kter\u00fdch Kovar\u010d\u00edk asi v\u011bd\u011bl sv\u00e9. Nezem\u0159el tak\u00e9 na smrtelnou nemoc, kter\u00e9 se \u0159\u00edk\u00e1 \u201emoc toho v\u011bd\u011bl?\u201c<\/p>\n<p>Ve stejn\u00fdch intenc\u00edch jako Lidov\u00e9 noviny by se dalo mezi \u0159\u00e1dky spekulovat, \u017ee za Kovar\u010d\u00edkov\u00fdm \u201en\u00e1hl\u00fdm \u00famrt\u00edm\u201c mohl b\u00fdt i Babi\u0161. Bylo by to stejn\u011b v\u011brohodn\u00e9, jako otazn\u00edky jeho z\u00e1vodn\u00edho \u010dasopisu.<\/p>\n<p>Mimochodem, do \u0160v\u00fdcarska vedou stopy Babi\u0161ov\u00fdch financ\u00ed na rozjezd podnik\u00e1n\u00ed. Indicie, \u017ee to nebyly holky z\u00a0tamn\u00edho gymlu, kdo mu p\u016fj\u010dil na rozjezd podnik\u00e1n\u00ed, ale \u017ee se zde praly pen\u00edze KGB investovan\u00e9 do ekonomik postkomunistick\u00fdch zem\u00ed, jsou daleko siln\u011bj\u0161\u00ed b\u00e1jn\u00e9 ne\u017e Klaus-Kovar\u010d\u00edkovo konto. Kv\u016fli tomu ale Jane\u010dek do \u0160v\u00fdcarska ud\u00e1n\u00ed nep\u00ed\u0161e. Nep\u00ed\u0161\u00ed o tom ani \u201einvestigativn\u00ed\u201c sb\u011bratel\u00e9 novin\u00e1\u0159sk\u00fdch ocen\u011bn\u00ed v\u00a0Lidov\u00fdch novin\u00e1ch.<\/p>\n<p><em>Du\u0161an \u0160r\u00e1mek je spolupracovn\u00edkem \u010cesk\u00e9 justice<\/em><\/p>\n<p><a href=\"http:\/\/svobodneforum.cz\/kdo-nam-chtel-zabit-protikorupcniho-mesiase\/\" target=\"_blank\">Zdroj<\/a><\/p>\n","protected":false},"excerpt":{"rendered":"<p>\u0158editel Nada\u010dn\u00edho protikorup\u010dn\u00edho fondu a miliard\u00e1\u0159 v\u00a0jedn\u00e9 osob\u011b Karel Jane\u010dek n\u00e1m sd\u011blil, \u017ee se za deset milion\u016f \u00fadajn\u011b p\u0159ipravovala jeho vra\u017eda. A promptn\u011b hned dodal jm\u00e9no objednavatele. M\u011bl j\u00edm b\u00fdt ned\u00e1vno zesnul\u00fd podnikatel Peter Kovar\u010d\u00edk. Obvi\u0148ovat \u010dlov\u011bka, kter\u00fd se nem\u00e1 jak br\u00e1nit a o jeho\u017e vin\u011b neexistuje \u017e\u00e1dn\u00fd d\u016fkaz, je oby\u010dejn\u00e1 lidsk\u00e1 podlost. Podlost je [&hellip;]<\/p>\n","protected":false},"author":1,"featured_media":0,"comment_status":"open","ping_status":"open","sticky":false,"template":"","format":"standard","meta":{"ngg_post_thumbnail":0,"footnotes":""},"categories":[11],"tags":[],"class_list":["post-6025","post","type-post","status-publish","format-standard","hentry","category-ozvena"],"_links":{"self":[{"href":"https:\/\/www.ladislavjakl.cz\/index.php?rest_route=\/wp\/v2\/posts\/6025","targetHints":{"allow":["GET"]}}],"collection":[{"href":"https:\/\/www.ladislavjakl.cz\/index.php?rest_route=\/wp\/v2\/posts"}],"about":[{"href":"https:\/\/www.ladislavjakl.cz\/index.php?rest_route=\/wp\/v2\/types\/post"}],"author":[{"embeddable":true,"href":"https:\/\/www.ladislavjakl.cz\/index.php?rest_route=\/wp\/v2\/users\/1"}],"replies":[{"embeddable":true,"href":"https:\/\/www.ladislavjakl.cz\/index.php?rest_route=%2Fwp%2Fv2%2Fcomments&post=6025"}],"version-history":[{"count":1,"href":"https:\/\/www.ladislavjakl.cz\/index.php?rest_route=\/wp\/v2\/posts\/6025\/revisions"}],"predecessor-version":[{"id":6026,"href":"https:\/\/www.ladislavjakl.cz\/index.php?rest_route=\/wp\/v2\/posts\/6025\/revisions\/6026"}],"wp:attachment":[{"href":"https:\/\/www.ladislavjakl.cz\/index.php?rest_route=%2Fwp%2Fv2%2Fmedia&parent=6025"}],"wp:term":[{"taxonomy":"category","embeddable":true,"href":"https:\/\/www.ladislavjakl.cz\/index.php?rest_route=%2Fwp%2Fv2%2Fcategories&post=6025"},{"taxonomy":"post_tag","embeddable":true,"href":"https:\/\/www.ladislavjakl.cz\/index.php?rest_route=%2Fwp%2Fv2%2Ftags&post=6025"}],"curies":[{"name":"wp","href":"https:\/\/api.w.org\/{rel}","templated":true}]}}