{"id":6051,"date":"2015-10-09T11:01:30","date_gmt":"2015-10-09T09:01:30","guid":{"rendered":"http:\/\/www.ladislavjakl.cz\/?p=6051"},"modified":"2015-10-09T11:01:30","modified_gmt":"2015-10-09T09:01:30","slug":"lada-jakl-o-pivu-a-muzice","status":"publish","type":"post","link":"https:\/\/www.ladislavjakl.cz\/?p=6051","title":{"rendered":"L\u00e1\u010fa Jakl o pivu a muzice"},"content":{"rendered":"<p>Na internetov\u00e9m r\u00e1diu <a href=\"http:\/\/www.radiopatriot.cz\">www.radiopatriot.cz<\/a> odvys\u00edlali v\u00a0pond\u011bl\u00ed 5. \u0159\u00edjna od 20 hodin rozhovor Vl\u00e1di \u0160t\u00e1stky (mj. bas\u00e1k Visac\u00edho z\u00e1mku) s\u00a0L. J. hlavn\u011b o pivu a o bigb\u00edtu. Repr\u00edza bude v\u00a0ned\u011bli a ve \u010dtvrtek od 22 hodin. Druh\u00fd d\u00edl p\u016fjde v\u00a0pond\u011bl\u00ed 12. 10. od 20 hodin, repr\u00edzy op\u011bt v\u00a0ned\u011bli a ve \u010dtvrtek od 22. Pozn\u00e1 n\u011bkdo, ve kter\u00e9m pivovaru rozhovor prob\u011bhl?<\/p>\n","protected":false},"excerpt":{"rendered":"<p>Na internetov\u00e9m r\u00e1diu www.radiopatriot.cz odvys\u00edlali v\u00a0pond\u011bl\u00ed 5. \u0159\u00edjna od 20 hodin rozhovor Vl\u00e1di \u0160t\u00e1stky (mj. bas\u00e1k Visac\u00edho z\u00e1mku) s\u00a0L. J. hlavn\u011b o pivu a o bigb\u00edtu. Repr\u00edza bude v\u00a0ned\u011bli a ve \u010dtvrtek od 22 hodin. Druh\u00fd d\u00edl p\u016fjde v\u00a0pond\u011bl\u00ed 12. 10. od 20 hodin, repr\u00edzy op\u011bt v\u00a0ned\u011bli a ve \u010dtvrtek od 22. Pozn\u00e1 n\u011bkdo, ve [&hellip;]<\/p>\n","protected":false},"author":1,"featured_media":0,"comment_status":"open","ping_status":"open","sticky":false,"template":"","format":"standard","meta":{"ngg_post_thumbnail":0,"footnotes":""},"categories":[4,13],"tags":[],"class_list":["post-6051","post","type-post","status-publish","format-standard","hentry","category-hudba","category-rozhovory"],"_links":{"self":[{"href":"https:\/\/www.ladislavjakl.cz\/index.php?rest_route=\/wp\/v2\/posts\/6051","targetHints":{"allow":["GET"]}}],"collection":[{"href":"https:\/\/www.ladislavjakl.cz\/index.php?rest_route=\/wp\/v2\/posts"}],"about":[{"href":"https:\/\/www.ladislavjakl.cz\/index.php?rest_route=\/wp\/v2\/types\/post"}],"author":[{"embeddable":true,"href":"https:\/\/www.ladislavjakl.cz\/index.php?rest_route=\/wp\/v2\/users\/1"}],"replies":[{"embeddable":true,"href":"https:\/\/www.ladislavjakl.cz\/index.php?rest_route=%2Fwp%2Fv2%2Fcomments&post=6051"}],"version-history":[{"count":1,"href":"https:\/\/www.ladislavjakl.cz\/index.php?rest_route=\/wp\/v2\/posts\/6051\/revisions"}],"predecessor-version":[{"id":6052,"href":"https:\/\/www.ladislavjakl.cz\/index.php?rest_route=\/wp\/v2\/posts\/6051\/revisions\/6052"}],"wp:attachment":[{"href":"https:\/\/www.ladislavjakl.cz\/index.php?rest_route=%2Fwp%2Fv2%2Fmedia&parent=6051"}],"wp:term":[{"taxonomy":"category","embeddable":true,"href":"https:\/\/www.ladislavjakl.cz\/index.php?rest_route=%2Fwp%2Fv2%2Fcategories&post=6051"},{"taxonomy":"post_tag","embeddable":true,"href":"https:\/\/www.ladislavjakl.cz\/index.php?rest_route=%2Fwp%2Fv2%2Ftags&post=6051"}],"curies":[{"name":"wp","href":"https:\/\/api.w.org\/{rel}","templated":true}]}}