{"id":6055,"date":"2015-10-12T09:32:29","date_gmt":"2015-10-12T07:32:29","guid":{"rendered":"http:\/\/www.ladislavjakl.cz\/?p=6055"},"modified":"2015-10-12T09:32:29","modified_gmt":"2015-10-12T07:32:29","slug":"jakl-vice-evropy-to-je-jako-lecit-prujem-projimadlem","status":"publish","type":"post","link":"https:\/\/www.ladislavjakl.cz\/?p=6055","title":{"rendered":"Jakl: V\u00edce Evropy? To je jako l\u00e9\u010dit pr\u016fjem proj\u00edmadlem."},"content":{"rendered":"<p>Nesm\u00edme se zastavit, zn\u00ed z Evropsk\u00e9 unie. Mus\u00edme b\u00fdt jako jeden mu\u017e, shodli se Merkelov\u00e1 a Hollande. K dal\u0161\u00ed evropsk\u00e9 integraci vyzvali p\u0159ed Evropsk\u00fdm parlamentem n\u011bmeck\u00e1 kancl\u00e9\u0159ka Angela Merkelov\u00e1 a francouzsk\u00fd prezident Francois Hollande. Europoslanec Mach po jejich projevech \u0159ekl, \u017ee to nejhor\u0161\u00ed teprve p\u0159ijde.<\/p>\n<p><!--more--><\/p>\n<p>Pot\u0159ebu spole\u010dn\u00e9ho evropsk\u00e9ho postupu a\u00a0dal\u0161\u00ed integrace a\u00a0prohlouben\u00ed EU\u00a0p\u0159i vystoupen\u00edch p\u0159ed europarlamentem zd\u016fraz\u0148ovali ve\u00a0st\u0159edu francouzsk\u00fd prezident Francois Hollande i\u00a0n\u011bmeck\u00e1 kancl\u00e9\u0159ka Angela Merkelov\u00e1.<\/p>\n<p>Shodli se na\u00a0pot\u0159eb\u011b vy\u0161\u0161\u00ed koordinace hospod\u00e1\u0159sk\u00e9 politiky zem\u00ed\u00a0euroz\u00f3ny.<\/p>\n<p>\u201eNepot\u0159ebujeme m\u00e9n\u011b Evropy, ale v\u00edce Evropy. Evropa mus\u00ed pos\u00edlit, jinak budeme sledovat jej\u00ed konec,\u201c\u00a0\u0159ekl\u00a0Hollande. Merkelov\u00e1 doplnila, \u017ee\u00a0v\u00a0tuto chv\u00edli je hospod\u00e1\u0159sky jednotn\u00e1 Evropa pot\u0159eba v\u00edc ne\u017e kdy d\u0159\u00edve.<\/p>\n<p>Oba projevy jakoby psala jedna ruka, zhodnotila jejich obsah britsk\u00e1 stanice BBC. Merkelov\u00e1 i\u00a0Hollande se v\u00a0projevech zam\u011b\u0159ili p\u0159edev\u0161\u00edm na\u00a0krizi, vedouc\u00ed k\u00a0probl\u00e9m\u016fm uvnit\u0159 EU. Oba st\u00e1tn\u00edci tak\u00e9 vyzvali k\u00a0jednot\u011b, solidarit\u011b a\u00a0spravedlnosti v\u00a0reakc\u00edch Evropy na\u00a0d\u011bn\u00ed a\u00a0probl\u00e9my ve\u00a0sv\u011bt\u011b.<\/p>\n<p>Kancl\u00e9\u0159ka p\u0159ipomn\u011bla paralelu mezi dne\u0161n\u00ed EU a\u00a0ud\u00e1lostmi z\u00a0roku 1989. Tehdy se schylovalo tak\u00e9 ke\u00a0konci Evropy v\u00a0jej\u00ed dosavadn\u00ed podob\u011b, o\u00a0jej\u00ed budoucnosti jednali tehdy Helmut Kohl a\u00a0Francois Mitterand. V\u00a0ohnisku jejich z\u00e1jmu bylo tenkr\u00e1t \u0159e\u0161en\u00ed masov\u00e9ho exodu z\u00a0v\u00fdchodn\u00edho N\u011bmecka sm\u011brem na\u00a0z\u00e1pad.<\/p>\n<p>Podle n\u011bkter\u00fdch anal\u00fdz se dne\u0161n\u00ed sjednocen\u00e9 N\u011bmecko s\u00a0tehdej\u0161\u00ed situac\u00ed dodnes vyrovn\u00e1v\u00e1 a\u00a0\u0159e\u0161\u00ed jej\u00ed n\u00e1sledky. Merkelov\u00e1 v\u00a0t\u00e9to souvislosti po\u00a0projevu dodate\u010dn\u011b zkritizovala podle serveru Politico vl\u00e1dy v\u00fdchodn\u00ed Evropy za to, \u017ee\u00a0se podle n\u00ed nepou\u010dily z\u00a0chyb v\u00a0historii.\u201cV\u00fdchodn\u00ed Evropa, a\u00a0j\u00e1 do\u00a0n\u00ed pat\u0159\u00edm tak\u00e9, ji\u017e za\u017eila podobnou situaci a\u00a0m\u011bla by v\u011bd\u011bt, \u017ee\u00a0izolace k\u00a0ni\u010demu nevede,\u201c \u0159ekla \u00fadajn\u011b na\u00a0setk\u00e1n\u00ed za zav\u0159en\u00fdmi dve\u0159mi.<\/p>\n<p><strong>Vylezte ze sv\u00fdch nacionalistick\u00fdch sko\u0159\u00e1pek!<\/strong><\/p>\n<p>Nicm\u00e9n\u011b v\u00a0Evropsk\u00e9m parlamentu se ve\u00a0\u010dtvrtek v\u0161e to\u010dilo op\u011bt kolem \u0158ecka, Ukrajiny, S\u00fdrie. Zazn\u011bla \u017e\u00e1dost o\u00a0p\u0159ezkoum\u00e1n\u00ed d\u016fsledk\u016f \u0159eck\u00e9 krize na\u00a0euro, mluvilo se o\u00a0s\u00edl\u00edc\u00ed hrozb\u011b terorismu, dominuj\u00edc\u00edm a\u00a0spojuj\u00edc\u00edm t\u00e9matem z\u016fstal voln\u00fd pohyb osob po\u00a0\u00fazem\u00ed EU.<\/p>\n<p>Hollande zkonstatoval, \u017ee\u00a0je t\u0159eba rychle rozpoznat a\u00a0vy\u0159e\u0161it p\u0159\u00edpadn\u00e9 d\u016fsledky uprchlick\u00e9 krize. Varoval, \u017ee\u00a0pokud se v\u00a0dohledn\u00e9 dob\u011b nepoda\u0159\u00ed zajistit politick\u00e9 \u0159e\u0161en\u00ed, probl\u00e9my s\u00a0p\u0159ij\u00edm\u00e1n\u00edm uprchl\u00edk\u016f se budou zhor\u0161ovat.<\/p>\n<p>\u201eNesm\u00edme nechat naplno\u00a0propuknout n\u00e1bo\u017eensk\u00fd konflikt mezi \u0161\u00edity a\u00a0sunnity. Pokud tomu nebudeme um\u011bt zabr\u00e1nit, mysl\u00edm, \u017ee\u00a0pak nebude existovat \u017e\u00e1dn\u00e1 z\u00e1chrana. Dojde k\u00a0tot\u00e1ln\u00ed v\u00e1lce, kter\u00e1 by se pak mohla roz\u0161\u00ed\u0159it na\u00a0na\u0161e vlastn\u00ed \u00fazem\u00ed. Mus\u00edme okam\u017eit\u011b jednat,\u201c dodal francouzsk\u00fd prezident.<\/p>\n<p>Za v\u00fdzvu, \u017ee\u00a0\u010dlensk\u00e9 st\u00e1ty EU mus\u00ed v\u00a0dob\u011b krize\u00a0\u201evyl\u00e9zt ze sv\u00fdch\u00a0nacionalistick\u00fdch sko\u0159\u00e1pek\u201c sklidil potlesk. Merkelov\u00e1 vyzvala k\u00a0soudr\u017enosti a\u00a0odvaze s\u00a0t\u00edm, \u017ee\u00a0N\u011bmecko a\u00a0Francie jsou p\u0159ipraven\u00e9 postavit se do\u00a0prvn\u00ed \u0159ady.<\/p>\n<p>Opozi\u010dn\u00edch hlas\u016f v\u00a0europarlamentu tak\u00e9 p\u00e1r zazn\u011blo, a\u00a0to od\u00a0n\u011bkter\u00fdch\u00a0nacionalistick\u00fdch poslanc\u016f. Protestovali t\u0159eba p\u0159ed tot\u00e1ln\u00ed nadvl\u00e1dou N\u011bmecka nad Evropou, Marine Le Penov\u00e1 obvinila hlavy st\u00e1t\u016f z\u00a0nesmysln\u00e9 snahy ovl\u00e1dnout situaci.<\/p>\n<p>\u201eNeuzn\u00e1v\u00e1m v\u00e1s, madam,\u201c \u0159ekla pak na\u00a0rovinu Merkelov\u00e9, kter\u00e1 na\u00a0\u00fato\u010dn\u00e1 obvin\u011bn\u00ed opozice nijak nereagovala.<\/p>\n<p>Na sv\u00e9 dosavadn\u00ed politice si trv\u00e1. Podle Merkelov\u00e9 nap\u0159\u00edklad ned\u00e1vn\u00e1 dluhov\u00e1 krize a\u00a0unijn\u00ed reakce na\u00a0ni uk\u00e1zala, \u017ee\u00a0zem\u011b unie jsou siln\u011bj\u0161\u00ed spole\u010dn\u011b. Dok\u00e1zaly tak, p\u0159es slo\u017eit\u00e1 jedn\u00e1n\u00ed s\u00a0\u0158eckem, garantovat trvaj\u00edc\u00ed jednotu euroz\u00f3ny.<\/p>\n<p>Francouzsk\u00fd prezident v\u00a0podobn\u00e9 souvislosti zm\u00ednil pot\u0159ebu dal\u0161\u00edho upev\u0148ov\u00e1n\u00ed hospod\u00e1\u0159sk\u00e9 a\u00a0m\u011bnov\u00e9 unie a\u00a0dal\u0161\u00edho posilov\u00e1n\u00ed euroz\u00f3ny. Pr\u00e1v\u011b tak je podle n\u011bj mo\u017en\u00e9 \u00fasp\u011b\u0161n\u011b podpo\u0159it sbli\u017eov\u00e1n\u00ed evropsk\u00fdch ekonomik.<\/p>\n<p><strong>Europoslanec Mach: Kv\u00f3ty jsou nic, to nejhor\u0161\u00ed teprve p\u0159ijde<\/strong><\/p>\n<p>\u201eMerkelov\u00e1 nic nov\u00e9ho ne\u0159ekla. Chce v\u00edce Evropy, raduje se nad f\u00e9rov\u00fdm rozd\u011blen\u00edm migrant\u016f a\u00a0Dublinsk\u00e1 \u00famluva, podle n\u00ed\u017e m\u00e1 azyl vy\u0159izovat prvn\u00ed evropsk\u00e1 zem\u011b, do\u00a0kter\u00e9 uprchl\u00edk vstoup\u00ed, u\u017e neplat\u00ed. Titanik EU se pot\u00e1p\u00ed, a\u00a0ona jen st\u00e1le hraje starou p\u00edsni\u010dku,\u201c uvedl pro Svobodn\u00fd monitor europoslanec a\u00a0p\u0159edseda Svobodn\u00fdch Petr Mach.<\/p>\n<p>Svobodn\u00ed jsou podle Macha pro dobrovolnou spolupr\u00e1ci jednotliv\u00fdch st\u00e1t\u016f, pro obchod i\u00a0pro svobodn\u00e9 cestov\u00e1n\u00ed bez v\u00edz. \u201eJe n\u011bkolik vzor\u016f takov\u00e9 spolupr\u00e1ce \u2013 nap\u0159.\u00a0Evropsk\u00e9 sdru\u017een\u00ed voln\u00e9ho obchodu, kde nejsou \u017e\u00e1dn\u00e9 kv\u00f3ty na\u00a0rozd\u011blov\u00e1n\u00ed lid\u00ed, \u017e\u00e1dn\u00e9 dotace, st\u00e1ty si\u00a0 tam nediktuj\u00ed navz\u00e1jem dan\u011b a\u00a0ani nepot\u0159ebuj\u00ed spole\u010dnou m\u011bnu,\u201c nazna\u010dil Mach, co mu na\u00a0sou\u010dasn\u00e9 EU vad\u00ed.<\/p>\n<p>Jeho strana se tak\u00e9 neob\u00e1v\u00e1 uprchlick\u00fdch kv\u00f3t, kter\u00e9 byly schv\u00e1leny v\u00a0z\u00e1\u0159\u00ed na\u00a0Rad\u011b ministr\u016f EU, by\u0165 uprchlickou politiku EU pova\u017euje za ne\u00fa\u010dinnou.<\/p>\n<p>\u201eKv\u00f3ty se t\u00fdkaj\u00ed jen ur\u010dit\u00e9ho po\u010dtu migrant\u016f. My se ob\u00e1v\u00e1me toho, co p\u0159ijde v\u00a0nejbli\u017e\u0161\u00ed dob\u011b, a\u00a0to m\u00e1 b\u00fdt \u201astabiln\u00ed mechanismus p\u0159erozd\u011blov\u00e1n\u00ed imigrant\u016f\u2018, kter\u00fd maj\u00ed org\u00e1ny EU p\u0159ijmout na\u00a0ja\u0159e (jak u\u017e v\u00a0z\u00e1\u0159\u00ed avizovala nap\u0159.\u00a0pr\u00e1v\u011b A. Merkelov\u00e1). To bude teprve obrovsk\u00fd pr\u016f\u0161vih,\u201c dodal Mach s\u00a0t\u00edm, \u017ee\u00a0to bude znamenat jen dal\u0161\u00ed p\u0159esun pravomoc\u00ed na\u00a0EU.<\/p>\n<p>\u010cesk\u00e1 vl\u00e1da by m\u011bla proto podle n\u011bho co nejd\u0159\u00edve podat \u017ealobu na\u00a0usnesen\u00ed Rady EU a\u00a0pokud by \u010cR byla znovu p\u0159ehlasov\u00e1na, m\u011bla by d\u00e1t jasnou zpr\u00e1vu, \u017ee\u00a0\u010cR vystupuje z\u00a0EU.<\/p>\n<p><strong>Jakl si vzpomn\u011bl na\u00a0Gorba\u010dova a\u00a0jeho milovan\u00fd syst\u00e9m<\/strong><\/p>\n<p>\u201eKdy\u017e jsme protestovali proti tomu, aby se zmen\u0161ila v\u00e1ha hlasu \u010cR, zat\u00edmco se zdvojn\u00e1sob\u00ed v\u00e1ha hlasu N\u011bmecka nebo It\u00e1lie p\u0159i\u00a0hlasov\u00e1n\u00ed v\u00a0Rad\u011b ministr\u016f, posm\u00edvali se n\u00e1m. \u017de pr\u00fd se v\u00a0EU skoro nikdy nehlasuje a\u00a0v\u0161e se pr\u00fd \u0159e\u0161\u00ed dohodou. A\u00a0te\u010f se to p\u0159esn\u011b stalo \u2013 to, p\u0159ed \u010d\u00edm jsme u\u017e tehdy varovali,\u201c upozornil Mach.<\/p>\n<p>Paralelu s\u00a0Gorba\u010dovem pou\u017eil p\u0159i\u00a0hodnocen\u00ed projev\u016f Ladislav Jakl z\u00a0Institutu V\u00e1clava Klause. \u201eP\u0159ipom\u00edn\u00e1 mi to Gorba\u010dova z\u00a0dob t\u011bsn\u011b p\u0159ed p\u00e1dem komunismu. V\u016fbec nebral na\u00a0v\u011bdom\u00ed, \u017ee\u00a0se jeho milovan\u00fd syst\u00e9m hrout\u00ed, a\u00a0po\u0159\u00e1d mlel dokola, \u017ee\u00a0l\u00e9kem na\u00a0nedostatky socialismu je v\u00edce socialismu,\u201c uvedl Jakl pro Svobodn\u00fd monitor.<\/p>\n<p>Migra\u010dn\u00ed probl\u00e9m je podle Jakla zp\u016fsoben\u00fd absolutn\u00edm selh\u00e1n\u00edm evropsk\u00fdch elit. Zvl\u00e1dnuteln\u00fd je pak logicky pouze bez nich, proto\u017ee \u201ep\u0159ece se nenech\u00e1te l\u00e9\u010dit n\u011bk\u00fdm, kdo v\u00e1s nakazil.\u201c<\/p>\n<p>\u201eJe to jako l\u00e9\u010dit pr\u016fjem proj\u00edmadlem. S\u00e1m nev\u00edm, jestli jsou jejich v\u00fdroky plodem absolutn\u00edho fanatismu a\u00a0zatemn\u011bl\u00e9 euromysli, nebo plodem rafinovan\u00e9ho pl\u00e1nu, podle kter\u00e9ho je t\u0159eba nejd\u0159\u00edve um\u011ble zp\u016fsobit n\u011bjakou novou krizi (\u0159eckou nebo s\u00a0neleg\u00e1ln\u00edmi p\u0159ist\u011bhovalci) a\u00a0pod\u00a0jej\u00ed z\u00e1minkou pak prosadit dal\u0161\u00ed krok sm\u011brem k\u00a0eurodiktatu\u0159e,\u201c zamyslel se.<\/p>\n<p>C\u00edlem p\u0159edstavitel\u016f unie je podle n\u011bho p\u0159edev\u0161\u00edm pos\u00edlen\u00ed EU, proto pr\u00fd vyvolaly vlnu masov\u00e9ho neleg\u00e1ln\u00edho p\u0159ist\u011bhovalectv\u00ed.\u00a0\u201eChci v\u011b\u0159it, \u017ee\u00a0ve\u0159ejnost \u010dlensk\u00fdch zem\u00ed EU na\u00a0sob\u011b nenech\u00e1 \u0161t\u00edpat d\u0159\u00edv\u00ed donekone\u010dna,\u201c dodal Jakl.<\/p>\n<p>Nicne\u0159\u00edkaj\u00edc\u00ed je heslo \u201ev\u00edce Evropy\u201c i\u00a0podle\u00a0m\u00edstop\u0159edsedy TOP 09 a\u00a0experta na\u00a0zahrani\u010dn\u00ed politiku a\u00a0\u010dlen v\u00fdboru pro evropsk\u00e9 z\u00e1le\u017eitosti Marka \u017den\u00ed\u0161ka. Sjednocen\u00ed Evropy ale ji\u017e tak striktn\u011b neodm\u00edt\u00e1.<\/p>\n<p>&#8222;Pokud t\u00edm je my\u0161lena spole\u010dn\u00e1 ochrana vn\u011bj\u0161\u00edch hranic, z\u0159\u00edzen\u00ed spole\u010dn\u00fdch jednotek pro ochranu hranic \u010di\u00a0dal\u0161\u00ed spole\u010dn\u00e9 n\u00e1stroje, kter\u00e9 pomohou m\u00edt migraci v\u00a0Evrop\u011b pod\u00a0kontrolou, pak \u0159\u00edk\u00e1m ano,\u201c uvedl \u017den\u00ed\u0161ek pro Svobodn\u00fd monitor s\u00a0t\u00edm, \u017ee\u00a0\u0159e\u0161en\u00edm ale rozhodn\u011b nen\u00ed ani \u201em\u00e9n\u011b Evropy\u201c.<\/p>\n<p>\u201eP\u0159edstava, \u017ee\u00a0se ka\u017ed\u00fd st\u00e1t uzav\u0159e na\u00a0sv\u00e9m p\u00edse\u010dku a\u00a0t\u00edm vy\u0159e\u0161\u00ed nejv\u011bt\u0161\u00ed migra\u010dn\u00ed krizi v\u00a0Evrop\u011b ve\u00a021.\u00a0stolet\u00ed, je iluzorn\u00ed. Selh\u00e1n\u00ed jednotliv\u00fdch st\u00e1t\u016f v\u00a0ochran\u011b vn\u011bj\u0161\u00ed hranice EU, jako jsou \u0158ecko \u010di\u00a0It\u00e1lie ukazuje, \u017ee\u00a0nen\u00ed v\u00a0sil\u00e1ch jednotliv\u00fdch st\u00e1t\u016f samostatn\u011b situaci zvl\u00e1dnout,\u201c nast\u00ednil sv\u016fj n\u00e1zor.<\/p>\n<p>Evropsk\u00e1 komise sama nic podle n\u011bho nevy\u0159e\u0161\u00ed, proto\u017ee m\u016f\u017ee konat jen to, co j\u00ed 28 st\u00e1t\u016f EU dovol\u00ed. \u017den\u00ed\u0161ek p\u0159esto pevn\u011b v\u011b\u0159\u00ed, \u017ee\u00a0cel\u00e1 EU situaci zvl\u00e1dne.<\/p>\n<p><iframe loading=\"lazy\" src=\"https:\/\/www.youtube.com\/embed\/OaAmf7Qlijg\" width=\"560\" height=\"315\" frameborder=\"0\" allowfullscreen=\"allowfullscreen\"><\/iframe><\/p>\n<p><a href=\"http:\/\/www.svobodnymonitor.cz\/politika\/evropa-musi-posilit-jinak-skonci-vzkazal-hollande-clenskym-statum-eu\/\" target=\"_blank\">Zdroj<\/a><\/p>\n","protected":false},"excerpt":{"rendered":"<p>Nesm\u00edme se zastavit, zn\u00ed z Evropsk\u00e9 unie. Mus\u00edme b\u00fdt jako jeden mu\u017e, shodli se Merkelov\u00e1 a Hollande. K dal\u0161\u00ed evropsk\u00e9 integraci vyzvali p\u0159ed Evropsk\u00fdm parlamentem n\u011bmeck\u00e1 kancl\u00e9\u0159ka Angela Merkelov\u00e1 a francouzsk\u00fd prezident Francois Hollande. Europoslanec Mach po jejich projevech \u0159ekl, \u017ee to nejhor\u0161\u00ed teprve p\u0159ijde.<\/p>\n","protected":false},"author":1,"featured_media":0,"comment_status":"open","ping_status":"open","sticky":false,"template":"","format":"standard","meta":{"ngg_post_thumbnail":0,"footnotes":""},"categories":[11,13],"tags":[],"class_list":["post-6055","post","type-post","status-publish","format-standard","hentry","category-ozvena","category-rozhovory"],"_links":{"self":[{"href":"https:\/\/www.ladislavjakl.cz\/index.php?rest_route=\/wp\/v2\/posts\/6055","targetHints":{"allow":["GET"]}}],"collection":[{"href":"https:\/\/www.ladislavjakl.cz\/index.php?rest_route=\/wp\/v2\/posts"}],"about":[{"href":"https:\/\/www.ladislavjakl.cz\/index.php?rest_route=\/wp\/v2\/types\/post"}],"author":[{"embeddable":true,"href":"https:\/\/www.ladislavjakl.cz\/index.php?rest_route=\/wp\/v2\/users\/1"}],"replies":[{"embeddable":true,"href":"https:\/\/www.ladislavjakl.cz\/index.php?rest_route=%2Fwp%2Fv2%2Fcomments&post=6055"}],"version-history":[{"count":1,"href":"https:\/\/www.ladislavjakl.cz\/index.php?rest_route=\/wp\/v2\/posts\/6055\/revisions"}],"predecessor-version":[{"id":6056,"href":"https:\/\/www.ladislavjakl.cz\/index.php?rest_route=\/wp\/v2\/posts\/6055\/revisions\/6056"}],"wp:attachment":[{"href":"https:\/\/www.ladislavjakl.cz\/index.php?rest_route=%2Fwp%2Fv2%2Fmedia&parent=6055"}],"wp:term":[{"taxonomy":"category","embeddable":true,"href":"https:\/\/www.ladislavjakl.cz\/index.php?rest_route=%2Fwp%2Fv2%2Fcategories&post=6055"},{"taxonomy":"post_tag","embeddable":true,"href":"https:\/\/www.ladislavjakl.cz\/index.php?rest_route=%2Fwp%2Fv2%2Ftags&post=6055"}],"curies":[{"name":"wp","href":"https:\/\/api.w.org\/{rel}","templated":true}]}}