{"id":6117,"date":"2015-10-16T16:43:58","date_gmt":"2015-10-16T14:43:58","guid":{"rendered":"http:\/\/www.ladislavjakl.cz\/?p=6117"},"modified":"2015-10-16T16:43:58","modified_gmt":"2015-10-16T14:43:58","slug":"prezident-kennedy-ich-bin-ein-berliner-ladislav-jakl-jsem-kurak","status":"publish","type":"post","link":"https:\/\/www.ladislavjakl.cz\/?p=6117","title":{"rendered":"Prezident Kennedy: Ich bin ein Berliner. Ladislav Jakl: Jsem ku\u0159\u00e1k."},"content":{"rendered":"<p>Jsem ku\u0159\u00e1k. I kdy\u017e jsem nikdy v \u017eivot\u011b nekou\u0159il. John Kennedy tak\u00e9 nikdy nebydlel v Berl\u00edn\u011b, a p\u0159esto zvolal sv\u00e9 \u201eIch bin ein Berliner\u201c, aby vyj\u00e1d\u0159il svou podporu lidem, \u017eij\u00edc\u00edm ve m\u011bst\u011b v tot\u00e1ln\u00ed blok\u00e1d\u011b.<\/p>\n<p><!--more--><\/p>\n<p>Ti lid\u00e9, kte\u0159\u00ed chodili s\u00a0transparenty Je suis Charlie, se tak\u00e9 v\u0161ichni nejmenovali Karlov\u00e9 a ani nekreslili ur\u00e1\u017eliv\u00e9 karikatury, p\u0159esto cht\u011bli pr\u00e1v\u011b takto vyj\u00e1d\u0159it svou \u00fa\u010dast se zavra\u017ed\u011bn\u00fdmi redaktory t\u00fdden\u00edku Charlie Hebdo.<\/p>\n<p><img loading=\"lazy\" decoding=\"async\" class=\"\" src=\"http:\/\/www.svobodnymonitor.cz\/wp-content\/uploads\/2015\/10\/Ku%C5%99%C3%A1k-2-mal%C3%BD.png\" alt=\"Ku\u0159\u00e1k 2 mal\u00fd\" width=\"439\" height=\"292\" \/><\/p>\n<p>Dnes si v\u00fdraz \u00fa\u010dasti, podpory a solidarity zaslou\u017e\u00ed ku\u0159\u00e1ci.<\/p>\n<p>Nemus\u00edme s\u00a0nimi sd\u00edlet jejich z\u00e1libu, ba dokonce n\u00e1m m\u016f\u017ee p\u0159ij\u00edt i nemil\u00e1, jako se n\u011bkomu mohou p\u0159\u00ed\u010dit hanliv\u00e9 kresby. Ale jsou to na\u0161i spoluob\u010dan\u00e9, kte\u0159\u00ed se souhlasem majitel\u016f podnik\u016f konzumuj\u00ed leg\u00e1ln\u00ed zbo\u017e\u00ed.<\/p>\n<p>P\u0159esto maj\u00ed b\u00fdt \u0161ikanov\u00e1ni, proto\u017ee te\u010f jsou v\u00a0budov\u00e1n\u00ed dokonal\u00e9ho sv\u011bta zrovna na \u0159ad\u011b. Zakazova\u010di v\u011bd\u00ed nejl\u00e9pe, jak m\u00e1me \u017e\u00edt. A vyb\u00edraj\u00ed si jednu skupinu po druh\u00e9.<\/p>\n<p>Kdo p\u0159ijde na \u0159adu p\u0159\u00ed\u0161t\u011b? T\u0159eba zrovna ten, kdo tvrd\u00ed, \u017ee se ho z\u00e1kaz kou\u0159en\u00ed v\u00a0restaurac\u00edch net\u00fdk\u00e1.<\/p>\n<p>I ten by ale dnes m\u011bl zvolat sv\u00e9 Jsem ku\u0159\u00e1k. Proto\u017ee jde o v\u00edc ne\u017e o kou\u0159en\u00ed. Jde o v\u00edc ne\u017e o svobodu podnik\u00e1n\u00ed, o svobodu poskytovat slu\u017eby t\u011bm, kte\u0159\u00ed je dobrovoln\u011b p\u0159ij\u00edmaj\u00ed.<\/p>\n<p>Jde o to, \u017ee nech\u00e1me-li na sob\u011b \u0161t\u00edpat d\u0159\u00edv\u00ed dnes, z\u00edtra budeme na t\u0159\u00edsky my sami, ne to d\u0159\u00edv\u00ed.<\/p>\n<p>Nikdy jsem nekou\u0159il. Ale dnes mus\u00edm zvolat nahlas: JSEM KU\u0158\u00c1K. Kdo se p\u0159id\u00e1?<\/p>\n<p><a href=\"http:\/\/www.svobodnymonitor.cz\/komentare\/prezident-kennedy-ich-bin-ein-berliner-ladislav-jakl-jsem-kurak\/\" target=\"_blank\">Zdroj<\/a><\/p>\n","protected":false},"excerpt":{"rendered":"<p>Jsem ku\u0159\u00e1k. I kdy\u017e jsem nikdy v \u017eivot\u011b nekou\u0159il. John Kennedy tak\u00e9 nikdy nebydlel v Berl\u00edn\u011b, a p\u0159esto zvolal sv\u00e9 \u201eIch bin ein Berliner\u201c, aby vyj\u00e1d\u0159il svou podporu lidem, \u017eij\u00edc\u00edm ve m\u011bst\u011b v tot\u00e1ln\u00ed blok\u00e1d\u011b.<\/p>\n","protected":false},"author":1,"featured_media":0,"comment_status":"open","ping_status":"open","sticky":false,"template":"","format":"standard","meta":{"ngg_post_thumbnail":0,"footnotes":""},"categories":[1],"tags":[],"class_list":["post-6117","post","type-post","status-publish","format-standard","hentry","category-publikovane-clanky"],"_links":{"self":[{"href":"https:\/\/www.ladislavjakl.cz\/index.php?rest_route=\/wp\/v2\/posts\/6117","targetHints":{"allow":["GET"]}}],"collection":[{"href":"https:\/\/www.ladislavjakl.cz\/index.php?rest_route=\/wp\/v2\/posts"}],"about":[{"href":"https:\/\/www.ladislavjakl.cz\/index.php?rest_route=\/wp\/v2\/types\/post"}],"author":[{"embeddable":true,"href":"https:\/\/www.ladislavjakl.cz\/index.php?rest_route=\/wp\/v2\/users\/1"}],"replies":[{"embeddable":true,"href":"https:\/\/www.ladislavjakl.cz\/index.php?rest_route=%2Fwp%2Fv2%2Fcomments&post=6117"}],"version-history":[{"count":1,"href":"https:\/\/www.ladislavjakl.cz\/index.php?rest_route=\/wp\/v2\/posts\/6117\/revisions"}],"predecessor-version":[{"id":6118,"href":"https:\/\/www.ladislavjakl.cz\/index.php?rest_route=\/wp\/v2\/posts\/6117\/revisions\/6118"}],"wp:attachment":[{"href":"https:\/\/www.ladislavjakl.cz\/index.php?rest_route=%2Fwp%2Fv2%2Fmedia&parent=6117"}],"wp:term":[{"taxonomy":"category","embeddable":true,"href":"https:\/\/www.ladislavjakl.cz\/index.php?rest_route=%2Fwp%2Fv2%2Fcategories&post=6117"},{"taxonomy":"post_tag","embeddable":true,"href":"https:\/\/www.ladislavjakl.cz\/index.php?rest_route=%2Fwp%2Fv2%2Ftags&post=6117"}],"curies":[{"name":"wp","href":"https:\/\/api.w.org\/{rel}","templated":true}]}}