{"id":614,"date":"2010-10-25T15:37:37","date_gmt":"2010-10-25T14:37:37","guid":{"rendered":"http:\/\/www.ladislavjakl.cz\/?p=614"},"modified":"2010-10-25T15:37:37","modified_gmt":"2010-10-25T14:37:37","slug":"senatni-volby-cisla-a-interpretace","status":"publish","type":"post","link":"https:\/\/www.ladislavjakl.cz\/?p=614","title":{"rendered":"Sen\u00e1tn\u00ed volby: \u010c\u00edsla a interpretace"},"content":{"rendered":"<p><strong><strong>U\u017e od prvn\u00edch minut po zve\u0159ejn\u011bn\u00ed v\u00fdsledk\u016f leto\u0161n\u00edch sen\u00e1tn\u00edch  voleb se mezi novin\u00e1\u0159i za\u010dali rojit p\u0159ekladatel\u00e9 z \u010de\u0161tiny do \u010de\u0161tiny,  aby p\u0159isp\u011bchali n\u00e1rodu vysv\u011btlit, jak vlastn\u011b hlasoval.<\/strong><\/strong><\/p>\n<p><strong><strong><!--more--><\/strong><\/strong><\/p>\n<div>Sv\u00e1 hodnocen\u00ed m\u011bli naps\u00e1na u\u017e p\u0159ed volbami a a\u0165 by  voli\u010di hlasovali jakkoli, v\u017edy by si tito p\u0159ekladatel\u00e9 na\u0161li zp\u016fsob, jak  ve v\u00fdsledc\u00edch odhalit oporu pro sv\u00e9 p\u0159edem u\u010din\u011bn\u00e9 z\u00e1v\u011bry.<\/p>\n<p>A co  takhle re\u00e1ln\u00e1 \u010d\u00edsla a skute\u010dn\u00e1 srovn\u00e1n\u00ed? Ta jsou p\u0159i p\u0159ekladu z \u010de\u0161tiny  do \u010de\u0161tiny vedlej\u0161\u00ed. Proto v\u00e1m nikdo z p\u0159ekladatel\u016f ne\u0159ekl, \u017ee sen\u00e1tn\u00ed  volby p\u0159inesly:<\/p><\/div>\n<p><strong>1.<\/strong> Jednozna\u010dn\u00fd n\u00e1vrat dvou  tradi\u010dn\u00edch stran (\u010cSSD a ODS) na sv\u00e9 dlouhodob\u00e9 pozice a naprost\u00e9  vyho\u0159en\u00ed jarn\u00edch prskavek VV a TOP 09.<br \/>\n<strong>2. <\/strong> Zastaven\u00ed strm\u00e9ho r\u016fstu \u010cSSD a obnoven\u00ed pozic ODS.<br \/>\n<strong>3. <\/strong> Por\u00e1\u017eku probruselsk\u00fdch hujer\u016f a pos\u00edlen\u00ed protilisabonsk\u00fdch postoj\u016f.<\/p>\n<div>Jde toti\u017e o to, co s \u010d\u00edm srovn\u00e1v\u00e1te. A zd\u00e1 se, \u017ee  nejlogi\u010dt\u011bj\u0161\u00ed by bylo a) srovnat prob\u011bhl\u00e9 sen\u00e1tn\u00ed volby s posledn\u00edmi  volbami do Poslaneck\u00e9 sn\u011bmovny,\u00a0 b) srovnat je s p\u0159edch\u00e1zej\u00edc\u00edmi volbami  do Sen\u00e1tu. Pak zjist\u00edme, \u017ee:<\/div>\n<p><strong>1.<\/strong> Srovn\u00e1n\u00ed s  jarn\u00edmi volbami do Poslaneck\u00e9 sn\u011bmovny dopad\u00e1 takto: V jarn\u00edch volb\u00e1ch  z\u00edskaly dv\u011b tradi\u010dn\u00ed strany dohromady m\u00e1lo p\u0159es polovinu mand\u00e1t\u016f (54.5  %) a nov\u00e9 projekty (VV a TOP 09) dohromady t\u0159etinu mand\u00e1t\u016f (32.5 %). V  podzimn\u00edch volb\u00e1ch dv\u011b tradi\u010dn\u00ed strany vybojovaly skoro t\u0159i \u010dtvrtiny  mand\u00e1t\u016f (74 %), zat\u00edmco tyto nov\u00e9 projekty \u2013 a to je\u0161t\u011b jen tehdy,  po\u010d\u00edt\u00e1me-li za \u201ejejich\u201c sen\u00e1tora Horn\u00edka kandiduj\u00edc\u00edho za Starosty a  zelen\u00e9ho sen\u00e1tora \u0160t\u011btinu \u2013 spadly na pouh\u00fdch 7.4 %.<br \/>\n<strong>2.<\/strong> Srovn\u00e1n\u00ed s minul\u00fdmi sen\u00e1tn\u00edmi volbami je je\u0161t\u011b zaj\u00edmav\u011bj\u0161\u00ed. P\u0159ed dv\u011bma  lety porazili soci\u00e1ln\u00ed demokrat\u00e9 ob\u010dansk\u00e9 demokraty drtiv\u011b 23:3. Nyn\u00ed se  ODS vrac\u00ed na sv\u016fj pr\u016fm\u011br 8 sen\u00e1tor\u016f, \u010cSSD spadla na 12. S\u00edly se tedy  podstatn\u011b vyrovnaly. Jestli\u017ee nyn\u00ed \u010cSSD dos\u00e1hla v\u011bt\u0161iny v Sen\u00e1tu, pak  ten rozhoduj\u00edc\u00ed krok k tomu ud\u011blala ne nyn\u00ed, ale pr\u00e1v\u011b p\u0159ed dv\u011bma lety,  proto\u017ee nyn\u00ed vyhr\u00e1la v men\u0161\u00edm ne\u017e polovi\u010dn\u00edm po\u010dtu obvod\u016f.<br \/>\n<strong>3.<\/strong> Sv\u00e9 sen\u00e1torsk\u00e9 k\u0159eslo obh\u00e1jili dva nejv\u011bt\u0161\u00ed kritici bruselsk\u00e9ho  centralismu: Oberfalzer a Jirsa. Jirsa dokonce v p\u0159\u00edm\u00e9m st\u0159etu se  samotn\u00fdm symbolem probruselsk\u00e9 poslu\u0161nosti, s exeurokomisa\u0159em \u0160pidlou.  Voli\u010di \u0159ekli jasn\u00e9 ne dal\u0161\u00edmu utahov\u00e1n\u00ed bruselsk\u00fdch \u0161roub\u016f.<\/p>\n<p>Tak to bychom, m\u011bli, mil\u00ed \u010dten\u00e1\u0159i. A te\u010f se zas  m\u016f\u017eete vr\u00e1tit a t\u011bm spr\u00e1vn\u00fdm v\u00fdklad\u016fm volebn\u00edch v\u00fdsledk\u016f. Kapou ze v\u0161ech  novin a televiz\u00ed, budete to m\u00edt lehk\u00e9.<\/p>\n<p><a href=\"http:\/\/www.prvnizpravy.cz\/sloupky\/senatni-volby-cisla-a-interpretace\/\" target=\"_blank\">ZDROJ<\/a><\/p>\n","protected":false},"excerpt":{"rendered":"<p>U\u017e od prvn\u00edch minut po zve\u0159ejn\u011bn\u00ed v\u00fdsledk\u016f leto\u0161n\u00edch sen\u00e1tn\u00edch voleb se mezi novin\u00e1\u0159i za\u010dali rojit p\u0159ekladatel\u00e9 z \u010de\u0161tiny do \u010de\u0161tiny, aby p\u0159isp\u011bchali n\u00e1rodu vysv\u011btlit, jak vlastn\u011b hlasoval.<\/p>\n","protected":false},"author":1,"featured_media":0,"comment_status":"open","ping_status":"open","sticky":false,"template":"","format":"standard","meta":{"ngg_post_thumbnail":0,"footnotes":""},"categories":[1],"tags":[],"class_list":["post-614","post","type-post","status-publish","format-standard","hentry","category-publikovane-clanky"],"_links":{"self":[{"href":"https:\/\/www.ladislavjakl.cz\/index.php?rest_route=\/wp\/v2\/posts\/614","targetHints":{"allow":["GET"]}}],"collection":[{"href":"https:\/\/www.ladislavjakl.cz\/index.php?rest_route=\/wp\/v2\/posts"}],"about":[{"href":"https:\/\/www.ladislavjakl.cz\/index.php?rest_route=\/wp\/v2\/types\/post"}],"author":[{"embeddable":true,"href":"https:\/\/www.ladislavjakl.cz\/index.php?rest_route=\/wp\/v2\/users\/1"}],"replies":[{"embeddable":true,"href":"https:\/\/www.ladislavjakl.cz\/index.php?rest_route=%2Fwp%2Fv2%2Fcomments&post=614"}],"version-history":[{"count":2,"href":"https:\/\/www.ladislavjakl.cz\/index.php?rest_route=\/wp\/v2\/posts\/614\/revisions"}],"predecessor-version":[{"id":616,"href":"https:\/\/www.ladislavjakl.cz\/index.php?rest_route=\/wp\/v2\/posts\/614\/revisions\/616"}],"wp:attachment":[{"href":"https:\/\/www.ladislavjakl.cz\/index.php?rest_route=%2Fwp%2Fv2%2Fmedia&parent=614"}],"wp:term":[{"taxonomy":"category","embeddable":true,"href":"https:\/\/www.ladislavjakl.cz\/index.php?rest_route=%2Fwp%2Fv2%2Fcategories&post=614"},{"taxonomy":"post_tag","embeddable":true,"href":"https:\/\/www.ladislavjakl.cz\/index.php?rest_route=%2Fwp%2Fv2%2Ftags&post=614"}],"curies":[{"name":"wp","href":"https:\/\/api.w.org\/{rel}","templated":true}]}}