{"id":6155,"date":"2015-10-27T11:52:15","date_gmt":"2015-10-27T10:52:15","guid":{"rendered":"http:\/\/www.ladislavjakl.cz\/?p=6155"},"modified":"2015-10-27T11:52:15","modified_gmt":"2015-10-27T10:52:15","slug":"jakl-pro-prvni-zpravy-republika-to-jsme-my","status":"publish","type":"post","link":"https:\/\/www.ladislavjakl.cz\/?p=6155","title":{"rendered":"Jakl pro Prvn\u00ed zpr\u00e1vy: republika, to jsme my"},"content":{"rendered":"<p><strong>Co se v\u00e1m vybav\u00ed, kdy\u017e se \u0159ekne 28. \u0159\u00edjen 1918?<\/strong><\/p>\n<p>Mnoho osobn\u00edch z\u00e1\u017eitk\u016f. T\u0159eba ten z\u00a0roku 1988, jak n\u00e1s honili po Praze p\u0159i nepovolen\u00e9 demonstraci, proto\u017ee ta povolen\u00e1 byla a\u017e druh\u00fd den. Nebo t\u011bch deset let na Pra\u017esk\u00e9m hrad\u011b, kdy \u0161lo v\u017edy snad o nejpracovn\u011bj\u0161\u00ed den v\u00a0roce. To b\u00fdval je\u0161t\u011b hlavn\u00edm bodem oslav st\u00e1tn\u00edho sv\u00e1tku ka\u017edoro\u010dn\u00ed st\u00e1totvorn\u00fd projev, zat\u00edmco vyznamen\u00e1n\u00ed sp\u00ed\u0161e ceremoni\u00e1ln\u00ed d\u016fstojnou par\u00e1dou. Dnes zbyla u\u017e jen ta par\u00e1da a \u201eprojev&#8220; se smrskl na koment\u00e1\u0159 rozhodnut\u00ed o vyznamen\u00e1n\u00edch. K\u00a0leto\u0161ku se mi vybav\u00ed demonstrace, chystan\u00e1 na 14 hodinu na V\u00e1clavsk\u00e9 n\u00e1m\u011bst\u00ed proti \u0161ikan\u011b \u017eivnostn\u00edk\u016f.<\/p>\n<p><!--more--><\/p>\n<p><strong>Mysl\u00edte si, \u017ee jsme dostate\u010dn\u011b hrd\u00ed na sv\u016fj st\u00e1t nebo\u00a0 &#8211; na rozd\u00edl od &#8222;hrd\u00fdch&#8220; obyvatel jin\u00fdch st\u00e1t\u016f &#8211; my na\u0161e d\u011bjiny zleh\u010dujeme?<\/strong><\/p>\n<p>\u010ce\u0161i nejsou patetick\u00fd n\u00e1rod a zleh\u010dovali v\u017edy v\u0161echno. V\u00a0mnoh\u00e9m je to v\u00fdhoda, \u010dasto ale tak\u00e9 \u0161koda. A to je tento p\u0159\u00edpad. Kdy\u017e si tam m\u00e1lo cen\u00edme sv\u00e9 suverenity, nedivme se, \u017ee ji n\u00e1m Brusel tak snadno bere.<\/p>\n<p><strong>Jak te\u010f \u0159\u00edkaj\u00ed mnoz\u00ed politici, m\u00e1me se hl\u00e1sit k odkazu 28. \u0159\u00edjna a T. G. Masaryka?<\/strong><\/p>\n<p>Jist\u011b m\u00e1me, jde ale o to, co si kdo pod t\u00edm odkazem p\u0159edstavuje. Podle mne je on\u00edm odkazem republikanismus, rozchod s\u00a0ciz\u00ed feud\u00e1ln\u00ed tradic\u00ed. Ale tak\u00e9 ne\u0161\u0165astn\u00fd \u00fat\u011bk od k\u0159\u00ed\u017ee, za kter\u00fd v\u0161ak do zna\u010dn\u00e9 m\u00edry m\u016f\u017ee tehdej\u0161\u00ed hloup\u00fd postoj dom\u00e1c\u00edho kl\u00e9ru ke vznikaj\u00edc\u00edmu st\u00e1tu. Odkazem je i nov\u00e9 sebev\u011bdom\u00ed a zodpov\u011bdnost za sv\u00e9 osudy. Masaryk\u016fv odkaz osobn\u011b vn\u00edm\u00e1m jako velmi sporn\u00fd. Jeho postoj\u016f v\u00a0hilsneri\u00e1d\u011b i v\u00a0boji o rukopisy si velmi cen\u00edm. I jeho trpn\u00e9 role coby symbolu nov\u00e9 st\u00e1tnosti. Jako praktick\u00e9ho politika Prvn\u00ed republiky ale u\u017e m\u00e9n\u011b. Nikdy nebyl demokratem, neuzn\u00e1val parlamentn\u00ed demokratick\u00e9 mechanismy a svobodu jednotlivce ch\u00e1pal jako p\u0159ek\u00e1\u017eku na cest\u011b ke sv\u00fdm viz\u00edm. Den 28. \u0159\u00edjna ale nen\u00ed dnem, kdy m\u00e1me analyticky pitvat tehdej\u0161\u00ed d\u011bje a z\u00fa\u010dastn\u011bn\u00e9 postavy. Je dnem, kdy si m\u00e1me \u0159\u00edci: Republika: to jsme my.<\/p>\n<p><em>ptal se R. Pek\u00e1rek<\/em><\/p>\n<p>&nbsp;<\/p>\n","protected":false},"excerpt":{"rendered":"<p>Co se v\u00e1m vybav\u00ed, kdy\u017e se \u0159ekne 28. \u0159\u00edjen 1918? Mnoho osobn\u00edch z\u00e1\u017eitk\u016f. T\u0159eba ten z\u00a0roku 1988, jak n\u00e1s honili po Praze p\u0159i nepovolen\u00e9 demonstraci, proto\u017ee ta povolen\u00e1 byla a\u017e druh\u00fd den. Nebo t\u011bch deset let na Pra\u017esk\u00e9m hrad\u011b, kdy \u0161lo v\u017edy snad o nejpracovn\u011bj\u0161\u00ed den v\u00a0roce. To b\u00fdval je\u0161t\u011b hlavn\u00edm bodem oslav st\u00e1tn\u00edho sv\u00e1tku [&hellip;]<\/p>\n","protected":false},"author":1,"featured_media":0,"comment_status":"open","ping_status":"open","sticky":false,"template":"","format":"standard","meta":{"ngg_post_thumbnail":0,"footnotes":""},"categories":[13],"tags":[],"class_list":["post-6155","post","type-post","status-publish","format-standard","hentry","category-rozhovory"],"_links":{"self":[{"href":"https:\/\/www.ladislavjakl.cz\/index.php?rest_route=\/wp\/v2\/posts\/6155","targetHints":{"allow":["GET"]}}],"collection":[{"href":"https:\/\/www.ladislavjakl.cz\/index.php?rest_route=\/wp\/v2\/posts"}],"about":[{"href":"https:\/\/www.ladislavjakl.cz\/index.php?rest_route=\/wp\/v2\/types\/post"}],"author":[{"embeddable":true,"href":"https:\/\/www.ladislavjakl.cz\/index.php?rest_route=\/wp\/v2\/users\/1"}],"replies":[{"embeddable":true,"href":"https:\/\/www.ladislavjakl.cz\/index.php?rest_route=%2Fwp%2Fv2%2Fcomments&post=6155"}],"version-history":[{"count":1,"href":"https:\/\/www.ladislavjakl.cz\/index.php?rest_route=\/wp\/v2\/posts\/6155\/revisions"}],"predecessor-version":[{"id":6156,"href":"https:\/\/www.ladislavjakl.cz\/index.php?rest_route=\/wp\/v2\/posts\/6155\/revisions\/6156"}],"wp:attachment":[{"href":"https:\/\/www.ladislavjakl.cz\/index.php?rest_route=%2Fwp%2Fv2%2Fmedia&parent=6155"}],"wp:term":[{"taxonomy":"category","embeddable":true,"href":"https:\/\/www.ladislavjakl.cz\/index.php?rest_route=%2Fwp%2Fv2%2Fcategories&post=6155"},{"taxonomy":"post_tag","embeddable":true,"href":"https:\/\/www.ladislavjakl.cz\/index.php?rest_route=%2Fwp%2Fv2%2Ftags&post=6155"}],"curies":[{"name":"wp","href":"https:\/\/api.w.org\/{rel}","templated":true}]}}