{"id":6161,"date":"2015-10-30T08:44:05","date_gmt":"2015-10-30T07:44:05","guid":{"rendered":"http:\/\/www.ladislavjakl.cz\/?p=6161"},"modified":"2015-10-30T08:44:05","modified_gmt":"2015-10-30T07:44:05","slug":"jakl-milosrdnost-je-nad-spravedlnosti","status":"publish","type":"post","link":"https:\/\/www.ladislavjakl.cz\/?p=6161","title":{"rendered":"Jakl: milosrdnost je nad spravedlnost\u00ed"},"content":{"rendered":"<p>Z\u00e1znam besedy v po\u0159adu Pro a proti na stanici \u010cesk\u00fd rozhlas Plus.<\/p>\n<p><!--more--><\/p>\n<p>Z\u00e1znam je <a href=\"http:\/\/www.rozhlas.cz\/plus\/proaproti\/_zprava\/pravnik-klausova-amnestie-byla-nevyuzitou-sanci--1547598\" target=\"_blank\">ZDE<\/a><\/p>\n","protected":false},"excerpt":{"rendered":"<p>Z\u00e1znam besedy v po\u0159adu Pro a proti na stanici \u010cesk\u00fd rozhlas Plus.<\/p>\n","protected":false},"author":1,"featured_media":0,"comment_status":"open","ping_status":"open","sticky":false,"template":"","format":"standard","meta":{"ngg_post_thumbnail":0,"footnotes":""},"categories":[13],"tags":[],"class_list":["post-6161","post","type-post","status-publish","format-standard","hentry","category-rozhovory"],"_links":{"self":[{"href":"https:\/\/www.ladislavjakl.cz\/index.php?rest_route=\/wp\/v2\/posts\/6161","targetHints":{"allow":["GET"]}}],"collection":[{"href":"https:\/\/www.ladislavjakl.cz\/index.php?rest_route=\/wp\/v2\/posts"}],"about":[{"href":"https:\/\/www.ladislavjakl.cz\/index.php?rest_route=\/wp\/v2\/types\/post"}],"author":[{"embeddable":true,"href":"https:\/\/www.ladislavjakl.cz\/index.php?rest_route=\/wp\/v2\/users\/1"}],"replies":[{"embeddable":true,"href":"https:\/\/www.ladislavjakl.cz\/index.php?rest_route=%2Fwp%2Fv2%2Fcomments&post=6161"}],"version-history":[{"count":1,"href":"https:\/\/www.ladislavjakl.cz\/index.php?rest_route=\/wp\/v2\/posts\/6161\/revisions"}],"predecessor-version":[{"id":6162,"href":"https:\/\/www.ladislavjakl.cz\/index.php?rest_route=\/wp\/v2\/posts\/6161\/revisions\/6162"}],"wp:attachment":[{"href":"https:\/\/www.ladislavjakl.cz\/index.php?rest_route=%2Fwp%2Fv2%2Fmedia&parent=6161"}],"wp:term":[{"taxonomy":"category","embeddable":true,"href":"https:\/\/www.ladislavjakl.cz\/index.php?rest_route=%2Fwp%2Fv2%2Fcategories&post=6161"},{"taxonomy":"post_tag","embeddable":true,"href":"https:\/\/www.ladislavjakl.cz\/index.php?rest_route=%2Fwp%2Fv2%2Ftags&post=6161"}],"curies":[{"name":"wp","href":"https:\/\/api.w.org\/{rel}","templated":true}]}}