{"id":6165,"date":"2015-10-30T08:52:14","date_gmt":"2015-10-30T07:52:14","guid":{"rendered":"http:\/\/www.ladislavjakl.cz\/?p=6165"},"modified":"2015-10-30T08:52:14","modified_gmt":"2015-10-30T07:52:14","slug":"zadny-zimni-cas-neexistuje","status":"publish","type":"post","link":"https:\/\/www.ladislavjakl.cz\/?p=6165","title":{"rendered":"\u017d\u00e1dn\u00fd zimn\u00ed \u010das neexistuje!"},"content":{"rendered":"<p class=\"perex\">Dva na\u0161e nej\u010dten\u011bj\u0161\u00ed zpravodajsk\u00e9 servery vydaly minul\u00fd t\u00fdden zpr\u00e1vu s titulkem, \u017ee pr\u00e1v\u011b p\u0159ech\u00e1z\u00edme na zimn\u00ed \u010das. Dnes \u010cTK vydala zpr\u00e1vu o debat\u011b v\u00a0Eurolamentu na t\u00e9ma \u201est\u0159\u00edd\u00e1n\u00ed letn\u00edho a zimn\u00edho \u010dasu.\u201c Jak u blbejch.<\/p>\n<p class=\"perex\"><!--more--><\/p>\n<p>\u017d\u00e1dn\u00fd zimn\u00ed \u010das neexistuje! V\u00a0d\u00e1vn\u00fdch historick\u00fdch dob\u00e1ch se v\u00a0n\u011bkter\u00fdch zem\u00edch kr\u00e1tkodob\u011b se zimn\u00edm \u010dasem experimentovalo, to p\u00ed\u0161i jen pro rejpaly. Ale jinak je obrat \u201ezimn\u00ed \u010das\u201c hol\u00fdm nesmyslem. M\u00e1me zde u n\u00e1s n\u00e1\u0161 vlastn\u00ed, st\u0159edoevropsk\u00fd \u010das. Ten je d\u00e1n na\u0161\u00ed polohou v\u00a0bl\u00edzkosti 15. poledn\u00edku v\u00fdchodn\u00ed d\u00e9lky (proch\u00e1z\u00ed p\u0159\u00edmo na\u0161\u00ed zem\u00ed, nap\u0159\u00edklad Jind\u0159ichov\u00fdm Hradcem).<\/p>\n<p>Z\u00a0rozhodnut\u00ed vl\u00e1dy ka\u017edoro\u010dn\u011b p\u0159ech\u00e1z\u00edme po 7 m\u011bs\u00edc\u016f na \u010das kyjevsk\u00fd. Po tuto dobu nem\u011b\u0159\u00edme \u010das podle skute\u010dn\u00e9 polohy slunce u n\u00e1s, ale podle jeho polohy na Ukrajin\u011b, v\u00a0Turecku \u010di v\u00a0Egypt\u011b. Eufemisticky mu \u0159\u00edk\u00e1me \u201eletn\u00ed\u201c, ale ve skute\u010dnosti je to ciz\u00ed \u010das, \u010das jin\u00e9ho zem\u011bpisn\u00e9ho p\u00e1sma.<\/p>\n<p>Nicm\u00e9n\u011b jsme si na term\u00edn \u201eletn\u00ed\u201c u\u017e zvykli, \u0159\u00edk\u00e1me tak onomu byrokratick\u00e9mu opat\u0159en\u00ed, podle kter\u00e9ho je n\u00e1m v\u0161em pravideln\u011b vnucov\u00e1n \u010das platn\u00fd o jedno p\u00e1smo v\u00fdchodn\u011bji. Budi\u017e. Ale pro\u010d m\u00e1me \u0159\u00edkat na\u0161emu vlastn\u00edmu \u010dasu \u201ezimn\u00ed\u201c? Proto\u017ee plat\u00ed v\u00a0zim\u011b? Nikoli, to nen\u00ed \u017e\u00e1dn\u00fd zimn\u00ed \u010das. Je to n\u00e1\u0161 dom\u00e1c\u00ed, \u010desk\u00fd poctiv\u00fd opravdick\u00fd \u010das.<\/p>\n<p>Obrat \u201ezimn\u00ed \u010das\u201c nen\u00ed jenom terminologick\u00fdm nesmyslem. Je z\u00e1rove\u0148 ukrytou l\u017e\u00ed, kter\u00e1 m\u00e1 zamaskovat, \u017ee jeden \u010das (platn\u00fd od \u0159\u00edjna do b\u0159ezna) je ten n\u00e1\u0161 prav\u00fd, zat\u00edmco ten druh\u00fd je k\u00a0n\u00e1m um\u011ble vnucen odjinud. \u017donglov\u00e1n\u00edm s\u00a0obraty \u201ezimn\u00ed\u201c a \u201eletn\u00ed\u201c se m\u00e1 vytvo\u0159it dojem, \u017ee oba \u010dasy jsou rovnocenn\u00e9 a jejich platnost je v\u011bc\u00ed volby nebo rozhodnut\u00ed.<\/p>\n<p>Nikoli. Nejsou rovnocenn\u00e9. Jeden je domorodec, druh\u00fd nezvan\u00fd imigrant. Nep\u0159e\u0161li jsme minul\u00fd v\u00edkend na jak\u00fdsi \u201ezimn\u00ed \u010das\u201c. Jen n\u00e1m milostiv\u011b vr\u00e1tili ten n\u00e1\u0161. Nechme si ho nast\u00e1lo!<\/p>\n<div class=\"gallery-single\"><img loading=\"lazy\" decoding=\"async\" src=\"http:\/\/u.smedata.sk\/blogidnes\/article\/7\/48\/482047\/482047_article_photo_muMBbad0_600x.jpeg?r=05e\" alt=\"article_photo\" width=\"200\" height=\"333\" \/><\/div>\n<div class=\"gallery-single\"><a href=\"http:\/\/jakl.blog.idnes.cz\/c\/482047\/zadny-zimni-cas-neexistuje.html\" target=\"_blank\">Zdroj<\/a><\/div>\n","protected":false},"excerpt":{"rendered":"<p>Dva na\u0161e nej\u010dten\u011bj\u0161\u00ed zpravodajsk\u00e9 servery vydaly minul\u00fd t\u00fdden zpr\u00e1vu s titulkem, \u017ee pr\u00e1v\u011b p\u0159ech\u00e1z\u00edme na zimn\u00ed \u010das. Dnes \u010cTK vydala zpr\u00e1vu o debat\u011b v\u00a0Eurolamentu na t\u00e9ma \u201est\u0159\u00edd\u00e1n\u00ed letn\u00edho a zimn\u00edho \u010dasu.\u201c Jak u blbejch.<\/p>\n","protected":false},"author":1,"featured_media":0,"comment_status":"open","ping_status":"open","sticky":false,"template":"","format":"standard","meta":{"ngg_post_thumbnail":0,"footnotes":""},"categories":[18,10],"tags":[],"class_list":["post-6165","post","type-post","status-publish","format-standard","hentry","category-postrehy","category-zlehka"],"_links":{"self":[{"href":"https:\/\/www.ladislavjakl.cz\/index.php?rest_route=\/wp\/v2\/posts\/6165","targetHints":{"allow":["GET"]}}],"collection":[{"href":"https:\/\/www.ladislavjakl.cz\/index.php?rest_route=\/wp\/v2\/posts"}],"about":[{"href":"https:\/\/www.ladislavjakl.cz\/index.php?rest_route=\/wp\/v2\/types\/post"}],"author":[{"embeddable":true,"href":"https:\/\/www.ladislavjakl.cz\/index.php?rest_route=\/wp\/v2\/users\/1"}],"replies":[{"embeddable":true,"href":"https:\/\/www.ladislavjakl.cz\/index.php?rest_route=%2Fwp%2Fv2%2Fcomments&post=6165"}],"version-history":[{"count":1,"href":"https:\/\/www.ladislavjakl.cz\/index.php?rest_route=\/wp\/v2\/posts\/6165\/revisions"}],"predecessor-version":[{"id":6166,"href":"https:\/\/www.ladislavjakl.cz\/index.php?rest_route=\/wp\/v2\/posts\/6165\/revisions\/6166"}],"wp:attachment":[{"href":"https:\/\/www.ladislavjakl.cz\/index.php?rest_route=%2Fwp%2Fv2%2Fmedia&parent=6165"}],"wp:term":[{"taxonomy":"category","embeddable":true,"href":"https:\/\/www.ladislavjakl.cz\/index.php?rest_route=%2Fwp%2Fv2%2Fcategories&post=6165"},{"taxonomy":"post_tag","embeddable":true,"href":"https:\/\/www.ladislavjakl.cz\/index.php?rest_route=%2Fwp%2Fv2%2Ftags&post=6165"}],"curies":[{"name":"wp","href":"https:\/\/api.w.org\/{rel}","templated":true}]}}