{"id":617,"date":"2010-10-26T15:30:32","date_gmt":"2010-10-26T14:30:32","guid":{"rendered":"http:\/\/www.ladislavjakl.cz\/?p=617"},"modified":"2010-10-26T15:30:54","modified_gmt":"2010-10-26T14:30:54","slug":"jakl-jarni-prskavky-top-09-a-vv-dohorely","status":"publish","type":"post","link":"https:\/\/www.ladislavjakl.cz\/?p=617","title":{"rendered":"Jakl: Jarn\u00ed prskavky TOP 09 a VV doho\u0159ely"},"content":{"rendered":"<p>Zapome\u0148te na to, jak v\u00e1m v\u00fdsledky voleb interpretuj\u00ed m\u00e9dia, rad\u00ed tajemn\u00edk prezidenta Ladislav Jakl. V\u0161e je toti\u017e jinak.<\/p>\n<p><!--more-->&#8222;U\u017e od prvn\u00edch minut po zve\u0159ejn\u011bn\u00ed v\u00fdsledk\u016f leto\u0161n\u00edch sen\u00e1tn\u00edch voleb se  mezi novin\u00e1\u0159i za\u010dali rojit p\u0159ekladatel\u00e9 z \u010de\u0161tiny do \u010de\u0161tiny, aby  p\u0159isp\u011bchali n\u00e1rodu vysv\u011btlit, jak vlastn\u011b hlasoval,&#8220; napsal \u0159editel  politick\u00e9ho odboru Kancel\u00e1\u0159e prezidenta republiky Ladislav Jakl.<\/p>\n<p>Podle n\u011bj jde o p\u0159edem p\u0159ipraven\u00e9 z\u00e1v\u011bry maj\u00edc\u00ed zaml\u010det to podstatn\u00e9 sd\u011blen\u00ed, co sen\u00e1tn\u00ed volby p\u0159inesly.<\/p>\n<p>P\u0159i re\u00e1ln\u00e9m srovn\u00e1n\u00ed re\u00e1ln\u00fdch \u010d\u00edsel toti\u017e dojdeme k p\u0159ekvapiv\u00fdm zji\u0161t\u011bn\u00edm.<\/p>\n<p><strong>\u010dt\u011bte cel\u00fd koment\u00e1\u0159 Ladislava Jakla:<\/strong><br \/>\n<strong><a href=\"http:\/\/www.prvnizpravy.cz\/sloupky\/senatni-volby-cisla-a-interpretace\/\" target=\"_blank\">SEN\u00c1TN\u00cd VOLBY: \u010c\u00cdSLA A INTERPRETACE <\/a><\/strong><\/p>\n<p><strong><a href=\"http:\/\/www.prvnizpravy.cz\/language=cs\/zpravy\/zpravy\/z-domova\/jakl-jarni-prskavky-top-09-a-vv-dohorely\/\" target=\"_blank\"><strong>ZDROJ<\/strong><\/a><br \/>\n<\/strong><\/p>\n","protected":false},"excerpt":{"rendered":"<p>Zapome\u0148te na to, jak v\u00e1m v\u00fdsledky voleb interpretuj\u00ed m\u00e9dia, rad\u00ed tajemn\u00edk prezidenta Ladislav Jakl. V\u0161e je toti\u017e jinak.<\/p>\n","protected":false},"author":1,"featured_media":0,"comment_status":"open","ping_status":"open","sticky":false,"template":"","format":"standard","meta":{"ngg_post_thumbnail":0,"footnotes":""},"categories":[11],"tags":[],"class_list":["post-617","post","type-post","status-publish","format-standard","hentry","category-ozvena"],"_links":{"self":[{"href":"https:\/\/www.ladislavjakl.cz\/index.php?rest_route=\/wp\/v2\/posts\/617","targetHints":{"allow":["GET"]}}],"collection":[{"href":"https:\/\/www.ladislavjakl.cz\/index.php?rest_route=\/wp\/v2\/posts"}],"about":[{"href":"https:\/\/www.ladislavjakl.cz\/index.php?rest_route=\/wp\/v2\/types\/post"}],"author":[{"embeddable":true,"href":"https:\/\/www.ladislavjakl.cz\/index.php?rest_route=\/wp\/v2\/users\/1"}],"replies":[{"embeddable":true,"href":"https:\/\/www.ladislavjakl.cz\/index.php?rest_route=%2Fwp%2Fv2%2Fcomments&post=617"}],"version-history":[{"count":2,"href":"https:\/\/www.ladislavjakl.cz\/index.php?rest_route=\/wp\/v2\/posts\/617\/revisions"}],"predecessor-version":[{"id":619,"href":"https:\/\/www.ladislavjakl.cz\/index.php?rest_route=\/wp\/v2\/posts\/617\/revisions\/619"}],"wp:attachment":[{"href":"https:\/\/www.ladislavjakl.cz\/index.php?rest_route=%2Fwp%2Fv2%2Fmedia&parent=617"}],"wp:term":[{"taxonomy":"category","embeddable":true,"href":"https:\/\/www.ladislavjakl.cz\/index.php?rest_route=%2Fwp%2Fv2%2Fcategories&post=617"},{"taxonomy":"post_tag","embeddable":true,"href":"https:\/\/www.ladislavjakl.cz\/index.php?rest_route=%2Fwp%2Fv2%2Ftags&post=617"}],"curies":[{"name":"wp","href":"https:\/\/api.w.org\/{rel}","templated":true}]}}