{"id":620,"date":"2010-10-26T15:39:38","date_gmt":"2010-10-26T14:39:38","guid":{"rendered":"http:\/\/www.ladislavjakl.cz\/?p=620"},"modified":"2010-10-26T15:39:38","modified_gmt":"2010-10-26T14:39:38","slug":"novinari-ohybaji-vysledky-voleb-zlobi-se-jakl","status":"publish","type":"post","link":"https:\/\/www.ladislavjakl.cz\/?p=620","title":{"rendered":"Novin\u00e1\u0159i oh\u00fdbaj\u00ed v\u00fdsledky voleb, zlob\u00ed se Jakl"},"content":{"rendered":"<p><strong>Sv\u00e9 hodnocen\u00ed m\u011bli novin\u00e1\u0159i naps\u00e1no u\u017e p\u0159ed volbami, tvrd\u00ed  prezident\u016fv tajemn\u00edk ve sv\u00e9m koment\u00e1\u0159i a dod\u00e1v\u00e1 vlastn\u00ed verzi pohledu na  volebn\u00ed v\u00fdsledky.<\/strong><\/p>\n<p><strong><!--more--><\/strong><\/p>\n<p>\u201eU\u017e od prvn\u00edch minut po zve\u0159ejn\u011bn\u00ed v\u00fdsledk\u016f leto\u0161n\u00edch sen\u00e1tn\u00edch voleb se  mezi novin\u00e1\u0159i za\u010dali rojit p\u0159ekladatel\u00e9 z \u010de\u0161tiny do \u010de\u0161tiny, aby  p\u0159isp\u011bchali n\u00e1rodu vysv\u011btlit, jak vlastn\u011b hlasoval,&#8220; obul se do m\u00e9di\u00ed  hned v\u00a0\u00favodu sv\u00e9ho textu pro port\u00e1l Prvnizpravy.cz Ladislav Jakl.<\/p>\n<p>Vz\u00e1p\u011bt\u00ed s\u00e1m shrnul, jak povolebn\u00ed situaci vid\u00ed on.<\/p>\n<p><strong>TOP 09 a VV propadly, stejn\u011b jako unie<\/strong><\/p>\n<p>V\u00a0prvn\u00ed \u0159ad\u011b je podle Jakla zjevn\u00e9, \u017ee ODS a \u010cSSD pos\u00edlily svou pozici  nejsiln\u011bj\u0161\u00edch partaj\u00ed, naopak V\u011bci ve\u0159ejn\u00e9 a TOP 09 \u201evyho\u0159ely jako  prskavky&#8220;. Podle prezidentova tajemn\u00edka taky ODS upevnila sv\u00e9 pozice a  \u010cSSD naopak p\u0159i\u0161la o dosavadn\u00ed raketov\u00fd r\u016fst.<\/p>\n<p>Nav\u00edc lid\u00e9 sv\u00fdmi hlasy \u00fadajn\u011b deklarovali pos\u00edlen\u00ed protilisabonsk\u00fdch postoj\u016f a odpor k \u201eprobruselsk\u00fdm hujer\u016fm&#8220;.<\/p>\n<p><strong>S\u00e1ly se vyrovn\u00e1vaj\u00ed<\/strong><\/p>\n<p>Prezidentsk\u00fd poradce sv\u00e9 z\u00e1v\u011bry podkl\u00e1d\u00e1 srovn\u00e1n\u00edm s\u00a0posledn\u00edmi  sn\u011bmovn\u00edmi a sen\u00e1tn\u00edmi volbami. Zde argumentuje t\u00edm, \u017ee dv\u011b nejsiln\u011bj\u0161\u00ed  partaje v\u00a0jarn\u00edch volb\u00e1ch z\u00edskaly p\u0159es polovinu mand\u00e1t\u016f, zat\u00edm co TOP 09  a VV t\u0159etinu. A p\u0159i hlasov\u00e1n\u00ed o horn\u00ed komo\u0159e Parlamentu pak ODS a \u010cSSD  dohromady ovl\u00e1dly bezm\u00e1la t\u0159i \u010dtvrtiny k\u0159esel, nov\u00e9 partaje \u201espadly na  pouh\u00fdch 7,4 procenta&#8220;.<\/p>\n<p>Nicm\u00e9n\u011b zaj\u00edmav\u011bj\u0161\u00ed jsou v\u00fdsledky posledn\u00edch sen\u00e1tn\u00edch voleb, tehdy  socialist\u00e9 u\u0161t\u011bd\u0159ili ODS drtivou por\u00e1\u017eku v\u00a0podob\u011b 23 ku t\u0159em k\u0159esl\u016fm.  Tento v\u00edkend se ob\u010dan\u0161t\u00ed demokrat\u00e9 \u201evrac\u00ed na sv\u016fj pr\u016fm\u011br 8 sen\u00e1tor\u016f&#8220;,  zato \u010cSSD spadla na 12. To je podle Jakla jasn\u00fdm znakem vyrovn\u00e1n\u00ed sil,  nav\u00edc v\u011bt\u0161ina, kterou soci\u00e1ln\u00ed demokrat\u00e9 z\u00edskali v\u00a0t\u011bchto volb\u00e1ch, podle  hradn\u00edho tajemn\u00edka nevznikla nyn\u00ed, ale u\u017e p\u0159ed dv\u011bma lety, kdy \u010cSSD tak  drtiv\u011b zv\u00edt\u011bzila.<\/p>\n<p><strong>\u010ce\u0161i nesn\u00e1\u0161\u00ed unii, d\u016fkazem jsou dva sen\u00e1to\u0159i<\/strong><\/p>\n<p>A odpor \u010cech\u016f k\u00a0Bruselu? Ten je podle Ladislava Jakla evidentn\u00ed z\u00a0faktu,  \u017ee \u201esen\u00e1torsk\u00e9 k\u0159eslo obh\u00e1jili dva nejv\u011bt\u0161\u00ed kritici bruselsk\u00e9ho  centralismu: Oberfalzer a Jirsa. Jirsa dokonce v p\u0159\u00edm\u00e9m st\u0159etu se  samotn\u00fdm symbolem probruselsk\u00e9 poslu\u0161nosti, s exeurokomisa\u0159em \u0160pidlou,&#8220;  vysv\u011btlil tajemn\u00edk a sv\u016fj koment\u00e1\u0159 uzav\u0159el slovy \u201etak to bychom m\u011bli,  mil\u00ed \u010dten\u00e1\u0159i.&#8220;<\/p>\n<p><a href=\"http:\/\/www.parlamentnilisty.cz\/zpravy\/179236.aspx\" target=\"_blank\">ZDROJ<\/a><\/p>\n","protected":false},"excerpt":{"rendered":"<p>Sv\u00e9 hodnocen\u00ed m\u011bli novin\u00e1\u0159i naps\u00e1no u\u017e p\u0159ed volbami, tvrd\u00ed prezident\u016fv tajemn\u00edk ve sv\u00e9m koment\u00e1\u0159i a dod\u00e1v\u00e1 vlastn\u00ed verzi pohledu na volebn\u00ed v\u00fdsledky.<\/p>\n","protected":false},"author":1,"featured_media":0,"comment_status":"open","ping_status":"open","sticky":false,"template":"","format":"standard","meta":{"ngg_post_thumbnail":0,"footnotes":""},"categories":[11],"tags":[],"class_list":["post-620","post","type-post","status-publish","format-standard","hentry","category-ozvena"],"_links":{"self":[{"href":"https:\/\/www.ladislavjakl.cz\/index.php?rest_route=\/wp\/v2\/posts\/620","targetHints":{"allow":["GET"]}}],"collection":[{"href":"https:\/\/www.ladislavjakl.cz\/index.php?rest_route=\/wp\/v2\/posts"}],"about":[{"href":"https:\/\/www.ladislavjakl.cz\/index.php?rest_route=\/wp\/v2\/types\/post"}],"author":[{"embeddable":true,"href":"https:\/\/www.ladislavjakl.cz\/index.php?rest_route=\/wp\/v2\/users\/1"}],"replies":[{"embeddable":true,"href":"https:\/\/www.ladislavjakl.cz\/index.php?rest_route=%2Fwp%2Fv2%2Fcomments&post=620"}],"version-history":[{"count":2,"href":"https:\/\/www.ladislavjakl.cz\/index.php?rest_route=\/wp\/v2\/posts\/620\/revisions"}],"predecessor-version":[{"id":622,"href":"https:\/\/www.ladislavjakl.cz\/index.php?rest_route=\/wp\/v2\/posts\/620\/revisions\/622"}],"wp:attachment":[{"href":"https:\/\/www.ladislavjakl.cz\/index.php?rest_route=%2Fwp%2Fv2%2Fmedia&parent=620"}],"wp:term":[{"taxonomy":"category","embeddable":true,"href":"https:\/\/www.ladislavjakl.cz\/index.php?rest_route=%2Fwp%2Fv2%2Fcategories&post=620"},{"taxonomy":"post_tag","embeddable":true,"href":"https:\/\/www.ladislavjakl.cz\/index.php?rest_route=%2Fwp%2Fv2%2Ftags&post=620"}],"curies":[{"name":"wp","href":"https:\/\/api.w.org\/{rel}","templated":true}]}}