{"id":6212,"date":"2015-11-20T09:52:11","date_gmt":"2015-11-20T08:52:11","guid":{"rendered":"http:\/\/www.ladislavjakl.cz\/?p=6212"},"modified":"2015-11-20T09:52:11","modified_gmt":"2015-11-20T08:52:11","slug":"minuta-ticha-a-neni-to-malo","status":"publish","type":"post","link":"https:\/\/www.ladislavjakl.cz\/?p=6212","title":{"rendered":"Minuta ticha. A nen\u00ed to m\u00e1lo?"},"content":{"rendered":"<p class=\"perex\">V\u00a0pond\u011bl\u00ed v\u00a0poledne dr\u017eela Evropa minutu ticha. Alespo\u0148 tak to psaly v\u0161echny agentury. Myslely t\u00edm, \u017ee minutu ticha dr\u017eeli p\u0159edev\u0161\u00edm vrcholn\u00ed p\u0159edstavitel\u00e9 Evropsk\u00e9 unie. A j\u00e1 se pt\u00e1m: jen minutu?<\/p>\n<p class=\"perex\"><!--more--><\/p>\n<p>Minuta ticha se dnes dr\u017e\u00ed za kdeco a kdekoho. Stra\u0161liv\u00fd akt surov\u00e9ho n\u00e1sil\u00ed na nevinn\u00fdch lidech v\u00a0Pa\u0159\u00ed\u017ei by si podle mne zaslou\u017eil daleko v\u00edce, ne\u017e jen pouhou minutu ticha.<\/p>\n<p>V\u00e1\u017een\u00ed p\u0159edstavitel\u00e9 EU, kormideln\u00edci evropsk\u00e9 integrace, architekti spole\u010dn\u00e9 unifikovan\u00e9 a centralizovan\u00e9 vz\u00e1jemnosti, m\u00e1te pocit, \u017ee minuta va\u0161eho ticha je dostate\u010dn\u00e1? Jsem p\u0159esv\u011bd\u010den, \u017ee nikoli. Minuta je m\u00e1lo. I deset minut je m\u00e1lo. I p\u016fl dne je m\u00e1lo. Bu\u010fte zticha u\u017e nav\u017edy. Sklapn\u011bte.<\/p>\n<p>Pod\u00edvejte se na sv\u00e9 d\u00edlo. Pod\u00edvejte, kam jste dostali sv\u016fj evropsk\u00fd integra\u010dn\u00ed bruselsk\u00fd sen, k\u00a0jak\u00fdm konc\u016fm jste dovedli sv\u00e9 d\u00edlo. Vy, eurocentraliz\u00e1to\u0159i z\u00a0Berl\u00edna, Pa\u0159\u00ed\u017ee, Bruselu a odjinud (a ano, i od n\u00e1s, i od n\u00e1s), vy, hur\u00e1evropan\u00e9, vy, eurohuje\u0159i, vy, ni\u010ditel\u00e9 parlamentn\u00edch demokraci\u00ed \u010dlensk\u00fdch zem\u00ed, vy bo\u0159itel\u00e9 suverenit demokratick\u00fdch st\u00e1t\u016f, vy, likvid\u00e1to\u0159i z\u00e1klad\u016f na\u0161\u00ed spole\u010dnosti, civilizace a kultury, dob\u0159e se pod\u00edvejte na sv\u00e9 d\u00edlo.<\/p>\n<p>Pokud chcete pro ob\u010dany \u010dlensk\u00fdch zem\u00ed EU ud\u011blat alespo\u0148 jednou n\u011bco dobr\u00e9ho, odejd\u011bte. A dr\u017ete u\u017e hubu. Ne na minutu. Nav\u017edy.<\/p>\n<p><a href=\"http:\/\/jakl.blog.idnes.cz\/c\/484557\/minuta-ticha-a-neni-to-malo.html\" target=\"_blank\">Zdroj<\/a><\/p>\n","protected":false},"excerpt":{"rendered":"<p>V\u00a0pond\u011bl\u00ed v\u00a0poledne dr\u017eela Evropa minutu ticha. Alespo\u0148 tak to psaly v\u0161echny agentury. Myslely t\u00edm, \u017ee minutu ticha dr\u017eeli p\u0159edev\u0161\u00edm vrcholn\u00ed p\u0159edstavitel\u00e9 Evropsk\u00e9 unie. A j\u00e1 se pt\u00e1m: jen minutu?<\/p>\n","protected":false},"author":1,"featured_media":0,"comment_status":"open","ping_status":"open","sticky":false,"template":"","format":"standard","meta":{"ngg_post_thumbnail":0,"footnotes":""},"categories":[18,1],"tags":[],"class_list":["post-6212","post","type-post","status-publish","format-standard","hentry","category-postrehy","category-publikovane-clanky"],"_links":{"self":[{"href":"https:\/\/www.ladislavjakl.cz\/index.php?rest_route=\/wp\/v2\/posts\/6212","targetHints":{"allow":["GET"]}}],"collection":[{"href":"https:\/\/www.ladislavjakl.cz\/index.php?rest_route=\/wp\/v2\/posts"}],"about":[{"href":"https:\/\/www.ladislavjakl.cz\/index.php?rest_route=\/wp\/v2\/types\/post"}],"author":[{"embeddable":true,"href":"https:\/\/www.ladislavjakl.cz\/index.php?rest_route=\/wp\/v2\/users\/1"}],"replies":[{"embeddable":true,"href":"https:\/\/www.ladislavjakl.cz\/index.php?rest_route=%2Fwp%2Fv2%2Fcomments&post=6212"}],"version-history":[{"count":1,"href":"https:\/\/www.ladislavjakl.cz\/index.php?rest_route=\/wp\/v2\/posts\/6212\/revisions"}],"predecessor-version":[{"id":6213,"href":"https:\/\/www.ladislavjakl.cz\/index.php?rest_route=\/wp\/v2\/posts\/6212\/revisions\/6213"}],"wp:attachment":[{"href":"https:\/\/www.ladislavjakl.cz\/index.php?rest_route=%2Fwp%2Fv2%2Fmedia&parent=6212"}],"wp:term":[{"taxonomy":"category","embeddable":true,"href":"https:\/\/www.ladislavjakl.cz\/index.php?rest_route=%2Fwp%2Fv2%2Fcategories&post=6212"},{"taxonomy":"post_tag","embeddable":true,"href":"https:\/\/www.ladislavjakl.cz\/index.php?rest_route=%2Fwp%2Fv2%2Ftags&post=6212"}],"curies":[{"name":"wp","href":"https:\/\/api.w.org\/{rel}","templated":true}]}}