{"id":6218,"date":"2015-11-24T15:16:50","date_gmt":"2015-11-24T14:16:50","guid":{"rendered":"http:\/\/www.ladislavjakl.cz\/?p=6218"},"modified":"2015-11-24T15:16:50","modified_gmt":"2015-11-24T14:16:50","slug":"dekuji-za-tu-explozi-zajmu-o-pietu-na-albertove","status":"publish","type":"post","link":"https:\/\/www.ladislavjakl.cz\/?p=6218","title":{"rendered":"D\u011bkuji za tu explozi z\u00e1jmu o pietu na Albertov\u011b"},"content":{"rendered":"<p>V ned\u011bli 22. listopadu se na pra\u017esk\u00e9m Albertov\u011b se\u0161li ti, kdo cht\u011bli uct\u00edt pam\u00e1tku 17. listopadu. Museli pou\u017e\u00edt n\u00e1hradn\u00ed term\u00edn, proto\u017ee v\u00a0den v\u00fdro\u010d\u00ed byl Albertov obsazen jen p\u0159\u00edznivci prezidenta Zemana a ti, kdo se k\u00a0nim nepo\u010d\u00edtaj\u00ed, tak nem\u011bli \u0161anci. Tolik ofici\u00e1ln\u00ed medi\u00e1ln\u00ed verze.<\/p>\n<p><!--more--><\/p>\n<p>V\u00fdro\u010dn\u00ed den 17. listopadu vn\u00edm\u00e1m velmi osobn\u011b. Ka\u017ed\u00fd rok (\u00fapln\u011b ka\u017ed\u00fd, bez jedin\u00e9 v\u00fdjimky) se tak zastav\u00edm nejen u pam\u011btn\u00ed desky na N\u00e1rodn\u00ed t\u0159\u00edd\u011b, ale v\u017edy i na Albertov\u011b, tedy tam, kde to tehdy v\u00a0roce 1989 v\u0161echno za\u010dalo. Nepot\u0159ebuji k\u00a0tomu \u017e\u00e1dnou v\u00fdzvu, \u017e\u00e1dnou akci. Chod\u00edm tam rok co rok s\u00e1m nebo jen se sv\u00fdmi bl\u00edzk\u00fdmi. Post\u00e1t, zap\u00e1lit sv\u00ed\u010dku, zavzpom\u00ednat. B\u00fdv\u00e1m tam v\u00a0r\u016fznou dobu, ale nej\u010dast\u011bji kolem 16. hodiny, tedy pr\u00e1v\u011b v\u00a0dobu, kdy jsme se tu p\u0159ed t\u011bmi 26 lety se\u0161li. Zde jsou m\u00e9 zku\u0161enosti z\u00a0jednotliv\u00fdch let:<\/p>\n<p>1990 \u2013 na m\u00edst\u011b bylo n\u011bkolik des\u00edtek lid\u00ed. V\u00a0tichosti jednotliv\u011b postupn\u011b post\u00e1li a po p\u00e1r minut\u00e1ch \u0161li d\u00e1l.<\/p>\n<p>1991 \u2013 na m\u00edst\u011b nebyl v\u016fbec nikdo. Ho\u0159ely tam dv\u011b sv\u00ed\u010dky.<\/p>\n<p>1992 \u2013 na m\u00edst\u011b bylo asi \u0161est sedm lid\u00ed, \u010d\u00edm\u017e mysl\u00edm cel\u00fd Albertov.<\/p>\n<p>1993 \u2013 na m\u00edst\u011b byl zamilovan\u00fd p\u00e1r a dva pejska\u0159i.<\/p>\n<p>1994 \u2013 na m\u00edst\u011b byla skupina turist\u016f a asi pades\u00e1t lid\u00ed v\u00a0mal\u00fdch skupink\u00e1ch.<\/p>\n<p>1995 \u2013 na m\u00edst\u011b bylo p\u00e1r jednotlivc\u016f.<\/p>\n<p>1996 \u2013 na m\u00edst\u011b n\u011bkolik lid\u00ed, na n\u00e1ro\u017e\u00ed kv\u011btiny.<\/p>\n<p>1997 \u2013 na m\u00edst\u011b samotn\u00e9m nikdo, po Albertov\u011b bloudilo p\u00e1r dvojic a trojic.<\/p>\n<p>1998 \u2013 na m\u00edst\u011b skupinka n\u011bjak\u00fdch rozhorlen\u00fdch odbor\u00e1\u0159\u016f na\u0159\u00edk\u00e1 na drahotu.<\/p>\n<p>1999 \u2013 p\u0159i\u0161el jsem asi po n\u011bjak\u00e9 akci, rozch\u00e1zely se des\u00edtky lid\u00ed.<\/p>\n<p>2000 \u2013 na m\u00edst\u011b nikdo, zd\u00e1lky se kdosi trousil.<\/p>\n<p>2001 \u2013 po Albertov\u011b se proh\u00e1n\u011blo such\u00e9 list\u00ed.<\/p>\n<p>2002 \u2013 na m\u00edst\u011b zas nikdo nebyl.<\/p>\n<p>2003 \u2013 na m\u00edst\u011b jsem potkal d\u00e1vn\u00e9 p\u0159\u00e1tele a \u0161el pak s\u00a0nimi na pivo, nikdo jin\u00fd tam nebyl a n\u00e1m z\u00a0toho bylo teskno.<\/p>\n<p>2004 \u2013 na m\u00edst\u011b rekordn\u011b sv\u00ed\u010dek, asi dvacet, t\u0159icet. Na n\u00e1ro\u017e\u00ed tak osm lid\u00ed.<\/p>\n<p>2005 \u2013 na m\u00edst\u011b nikdo, po Albertov\u011b p\u00e1r osam\u011blc\u016f.<\/p>\n<p>2006 \u2013 cel\u00fd Albertov jsem pro\u0161el tam a zp\u011bt t\u0159ikr\u00e1t. Nikde nikdo, jen na schodech nad n\u00edm si pov\u00eddalo p\u00e1r lid\u00ed.<\/p>\n<p>2007 \u2013 m\u011bl by p\u0159ij\u00edt ras. Chc\u00edp tu pes.<\/p>\n<p>2008 \u2013 na m\u00edst\u011b m\u011b oslovili dva ob\u010dan\u00e9, pro\u010d se se tehdy nezak\u00e1zal komunismus.<\/p>\n<p>2009 \u2013 na m\u00edst\u011b mal\u00e9 hlou\u010dky post\u00e1vaj\u00edc\u00edch nebo debatuj\u00edc\u00edch.<\/p>\n<p>2010 \u2013 na m\u00edst\u011b zase jen meluz\u00edna a p\u00e1r osam\u011bl\u00fdch srdc\u00ed. Bylo mi z\u00a0toho smutno a \u0159ekl jsem si, \u017ee na p\u0159\u00ed\u0161t\u00ed rok sem pozvu lidi blogem. Co\u017e jsem provedl: <a href=\"http:\/\/jakl.blog.idnes.cz\/c\/231073\/Chodte-take-na-Albertov.html\">http:\/\/jakl.blog.idnes.cz\/c\/231073\/Chodte-take-na-Albertov.html<\/a><\/p>\n<p>2011 \u2013 na m\u00edst\u011b asi t\u0159i skute\u010dn\u00ed sou\u010dasn\u00ed studenti. Blog nezabral.<\/p>\n<p>2012 \u2013 na m\u00edst\u011b ani d\u0159ev\u011bn\u00e1 noha.<\/p>\n<p>2013 \u2013 na m\u00edst\u011b p\u00e1r lid\u00ed na proch\u00e1zce.<\/p>\n<p>2014 \u2013 na m\u00edst\u011b p\u00e1r p\u00e1r\u016f a t\u0159i meta\u0159i. Pod novou pam\u011btn\u00ed deskou jsem na\u0161el vaje\u010dn\u00e9 sko\u0159\u00e1pky, kter\u00e9 m\u00e1m dodnes. Napsal jsem o nich tenhle blog: <a href=\"http:\/\/jakl.blog.idnes.cz\/c\/435896\/Z-lasky-k-pravde.html\">http:\/\/jakl.blog.idnes.cz\/c\/435896\/Z-lasky-k-pravde.html<\/a><\/p>\n<p>2015 \u2013 p\u0159esn\u011b v\u00a0tu spr\u00e1vnou hodinu (16.10) na m\u00edst\u011b asi t\u0159i \u010dty\u0159i dvojice post\u00e1vaj\u00edc\u00edch, na n\u00e1kla\u010f\u00e1k mont\u00e9\u0159i nakl\u00e1dali trubky od rozebran\u00e9ho p\u00f3dia. Na n\u00e1ro\u017e\u00ed v\u011b\u010dn\u011b \u017eiv\u00fd Havel. Na plak\u00e1t\u011b. Kdokoli v\u00a0jak\u00e9mkoli po\u010dtu tu mohl b\u00fdt. Nebyl. Z televize ale v\u00edm, \u017ee tak o dv\u011b hodiny d\u0159\u00edv tu cht\u011bli b\u00fdt v\u0161ichni.<\/p>\n<p><em>(N\u011bkter\u00e9 ro\u010dn\u00edky m\u00e1m zapsan\u00e9, jin\u00e9 si pamatuju, dal\u0161\u00ed st\u0159\u00edl\u00edm trochu od boku, ale ten obr\u00e1zek je fakt v\u011brn\u00fd.)<\/em><\/p>\n<p>Jsem moc r\u00e1d, \u017ee to letos bylo \u00fapln\u011b jinak, ne\u017e po cel\u00e9 ty roky. \u017de bylo vysly\u0161eno m\u00e9 tich\u00e9 a jednou i hlasit\u00e9 blogov\u00e9 vol\u00e1n\u00ed, aby v\u00a0tento sv\u00e1te\u010dn\u00ed den lid\u00e9 uctili i m\u00edsto, kter\u00e9 st\u00e1lo na po\u010d\u00e1tku na\u0161\u00ed pam\u00e1tn\u00e9 demonstrace \u00a0roku 1989. Vysly\u0161elo to letos tolik lid\u00ed, \u017ee se v\u00a0jednu chv\u00edli na Albertov neve\u0161li a nem\u00e1lo z\u00a0nich si jen proto dokonce zvolilo term\u00edn n\u00e1hradn\u00ed. Jist\u011b to tak bylo.<\/p>\n<p>Lid\u00e9, kte\u0159\u00ed cel\u00e9 roky o pietu na Albertov\u011b ani my\u0161lenkou nezavadili, byli asi najednou siln\u011b puzeni zde vykonat d\u0159\u00edve zanedb\u00e1van\u00fd pietn\u00ed akt, a to p\u016fvodn\u011b v\u0161ichni ve stejnou chv\u00edli. Nev\u00edm, pro\u010d n\u011bkte\u0159\u00ed nep\u0159i\u0161li t\u0159eba o p\u00e1r des\u00edtek minut pozd\u011bji (jako j\u00e1), pokud cht\u011bli opravdu jen uct\u00edt pam\u00e1tku. Na\u0161li by Albertov u\u017e \u00fapln\u011b pust\u00fd a k\u00a0dispozici. A v\u00a0historicky spr\u00e1vnou hodinu. Prost\u011b asi ono puzen\u00ed vedlo jejich kroky na Albertov pr\u00e1v\u011b v moment\u011b, kdy tam u\u017e prob\u00edhala n\u011bjak\u00e1 akce, mimochodem p\u0159\u00edstupn\u00e1 v\u0161em, jak v\u00edm i od sv\u00fdch nezemanovsk\u00fdch bl\u00edzk\u00fdch.<\/p>\n<p>Nechce se mi toti\u017e v\u011b\u0159it, \u017ee lid\u00e9, kter\u00e9 jsem za ta l\u00e9ta na Albertov\u011b nikdy nevid\u011bl a kte\u0159\u00ed m\u011bli proto jist\u011b pocit dluhu, by mohli c\u00edtit jin\u00fd motiv j\u00edt ten den na Albertov, ne\u017e deklarovanou pietu. \u017de by tam schv\u00e1ln\u011b \u0161li zrovna v minutu jin\u00e9 akce, aby vyprovokovali n\u011bjakou odezvu a na z\u00e1klad\u011b t\u00e9 odezvy aby pak svolali svou akci s\u00a0vyhran\u011bn\u00fdm politick\u00fdm obsahem, tomu nev\u011b\u0159\u00edm.<\/p>\n<p>To by p\u0159ece \u0159ekli rovnou. Provokace nen\u00ed \u017e\u00e1dn\u00fd zlo\u010din, je to metoda, jak upoutat pozornost. Pou\u017e\u00edv\u00e1 ji ka\u017edou chv\u00edli kdekdo. M\u00edsto piety se sice nehod\u00ed, ale kdy\u017e m\u00e1 pro to n\u011bkdo siln\u00fd d\u016fvod a nutk\u00e1n\u00ed, asi s\u00a0t\u00edm nic nenad\u011bl\u00e1. Ale pro\u010d by to pak zatloukal a vyd\u00e1val sv\u016fj protest zas pietu? To by p\u0159ece nikdo neud\u011blal.<\/p>\n<p>Tak budu v\u011b\u0159it, rad\u011bji tomu, \u017ee po t\u011bch letech b\u00eddy n\u00e1\u0161 Albertov v\u00a0tis\u00edc\u00edch srdc\u00edch zaho\u0159el silou novou. Jsem r\u00e1d, \u017ee u\u017e tam nebudu p\u0159\u00ed\u0161t\u00ed roky tak osam\u011bl\u00fd.<\/p>\n","protected":false},"excerpt":{"rendered":"<p>V ned\u011bli 22. listopadu se na pra\u017esk\u00e9m Albertov\u011b se\u0161li ti, kdo cht\u011bli uct\u00edt pam\u00e1tku 17. listopadu. Museli pou\u017e\u00edt n\u00e1hradn\u00ed term\u00edn, proto\u017ee v\u00a0den v\u00fdro\u010d\u00ed byl Albertov obsazen jen p\u0159\u00edznivci prezidenta Zemana a ti, kdo se k\u00a0nim nepo\u010d\u00edtaj\u00ed, tak nem\u011bli \u0161anci. Tolik ofici\u00e1ln\u00ed medi\u00e1ln\u00ed verze.<\/p>\n","protected":false},"author":1,"featured_media":0,"comment_status":"open","ping_status":"open","sticky":false,"template":"","format":"standard","meta":{"ngg_post_thumbnail":0,"footnotes":""},"categories":[18],"tags":[],"class_list":["post-6218","post","type-post","status-publish","format-standard","hentry","category-postrehy"],"_links":{"self":[{"href":"https:\/\/www.ladislavjakl.cz\/index.php?rest_route=\/wp\/v2\/posts\/6218","targetHints":{"allow":["GET"]}}],"collection":[{"href":"https:\/\/www.ladislavjakl.cz\/index.php?rest_route=\/wp\/v2\/posts"}],"about":[{"href":"https:\/\/www.ladislavjakl.cz\/index.php?rest_route=\/wp\/v2\/types\/post"}],"author":[{"embeddable":true,"href":"https:\/\/www.ladislavjakl.cz\/index.php?rest_route=\/wp\/v2\/users\/1"}],"replies":[{"embeddable":true,"href":"https:\/\/www.ladislavjakl.cz\/index.php?rest_route=%2Fwp%2Fv2%2Fcomments&post=6218"}],"version-history":[{"count":1,"href":"https:\/\/www.ladislavjakl.cz\/index.php?rest_route=\/wp\/v2\/posts\/6218\/revisions"}],"predecessor-version":[{"id":6219,"href":"https:\/\/www.ladislavjakl.cz\/index.php?rest_route=\/wp\/v2\/posts\/6218\/revisions\/6219"}],"wp:attachment":[{"href":"https:\/\/www.ladislavjakl.cz\/index.php?rest_route=%2Fwp%2Fv2%2Fmedia&parent=6218"}],"wp:term":[{"taxonomy":"category","embeddable":true,"href":"https:\/\/www.ladislavjakl.cz\/index.php?rest_route=%2Fwp%2Fv2%2Fcategories&post=6218"},{"taxonomy":"post_tag","embeddable":true,"href":"https:\/\/www.ladislavjakl.cz\/index.php?rest_route=%2Fwp%2Fv2%2Ftags&post=6218"}],"curies":[{"name":"wp","href":"https:\/\/api.w.org\/{rel}","templated":true}]}}