{"id":6224,"date":"2015-11-30T09:18:58","date_gmt":"2015-11-30T08:18:58","guid":{"rendered":"http:\/\/www.ladislavjakl.cz\/?p=6224"},"modified":"2015-11-30T09:18:58","modified_gmt":"2015-11-30T08:18:58","slug":"rozsvitit-vanocni-strom-v-praze-neni-podle-ladislava-jakla-snadne","status":"publish","type":"post","link":"https:\/\/www.ladislavjakl.cz\/?p=6224","title":{"rendered":"Rozsv\u00edtit v\u00e1no\u010dn\u00ed strom v Praze nen\u00ed podle Ladislava Jakla snadn\u00e9"},"content":{"rendered":"<p>Ladislav Jakl dnes sleduje\u00a0sest\u0159elen\u00ed arm\u00e1dn\u00edho letadla, boj mezi Putinem a Obamou, ale i dohady o rozsv\u00edcen\u00ed v\u00e1no\u010dn\u00ed stromu v Praze z\u00a0Centra spole\u010densk\u00fdch studi\u00ed institutu sv\u00e9ho \u0161\u00e9fa, exprezidenta V\u00e1clava Klause. N\u00e1zory b\u00fdval\u00e9ho tajemn\u00edka a \u017eurnalisty na aktu\u00e1ln\u00ed d\u011bn\u00ed p\u0159in\u00e1\u0161\u00ed magaz\u00edn VIPosobosti.eu.<\/p>\n<p><!--more--><\/p>\n<p><strong>V ned\u011bli n\u00e1s \u010dek\u00e1 prvn\u00ed advent. \u010cas kdy se rozsv\u011bcuj\u00ed sv\u00ed\u010dky, v\u00e1no\u010dn\u00ed stromy. Hlavn\u00ed m\u011bsto Praha slavnostn\u00ed rozsv\u00edcen\u00ed stromu ze strachu mo\u017enosti \u00fatok\u016f zru\u0161ila. Ned\u00e1v\u00e1 t\u00edm najevo submisivitu,\u00a0strach?<\/strong><\/p>\n<p>Nemysl\u00edm, \u017ee to je snadn\u00e9 rozhodov\u00e1n\u00ed. Je k\u00a0tomu t\u0159eba vz\u00edt na sebe velkou odpov\u011bdnost. Ale od toho je n\u011bkdo radn\u00edm tis\u00edcilet\u00e9ho milionov\u00e9ho m\u011bsta. A\u0165 se ka\u017ed\u00fd pra\u017esk\u00fd voli\u010d s\u00e1m sebe pt\u00e1, jestli u komun\u00e1ln\u00edch voleb volil podle toho, koho by pov\u011b\u0159il tak velik\u00fdmi rozhodnut\u00edmi, nebo jen podle sv\u00e9 moment\u00e1ln\u00ed n\u00e1lady a sympati\u00ed.<\/p>\n<p><strong>Koho byste v \u010dele m\u011bsta Prahy osobn\u011b r\u00e1d vy vid\u011bl, bylo v minul\u00fdch volb\u00e1ch z koho vyb\u00edrat a m\u016f\u017eeme o\u010dek\u00e1vat n\u00e1vrat star\u00e9 gardy, nebo jsou politici z \u00e9ry V\u00e1clava Klause ji\u017e za zenitem?<\/strong><\/p>\n<p>J\u00e1 opravdu nikomu nechci radit, jak m\u00e1 volit. Jen by m\u011bl volit toho, koho opravdu chce. Ne n\u011bkoho jen tak natruc jin\u00fdm kandid\u00e1t\u016fm.<\/p>\n<p><strong>Turecko v \u00fater\u00fd sest\u0159elilo pobl\u00ed\u017e hranic se S\u00fdri\u00ed arm\u00e1dn\u00ed letadlo? Jak\u00e9 je va\u0161e vysv\u011btlen\u00ed?<\/strong><\/p>\n<p>Zaprv\u00e9: Turecko h\u00e1j\u00ed sv\u00e9 z\u00e1jmy. Pova\u017euje celou tu oblast za sv\u016fj dvore\u010dek a m\u00e1 pocit, \u017ee tahat za nitky tam sm\u00ed jen ono.<\/p>\n<p>Zadruh\u00e9: za nitky tam skryt\u011b tah\u00e1 celou dobu a sou\u010dasn\u00fd stav rozvratu mu n\u00e1ramn\u011b vyhovuje. Nepot\u0159ebuje S\u00fdrii silnou a stabilizovanou. A Ir\u00e1k tak\u00e9 ne.<\/p>\n<p>Zat\u0159et\u00ed: cht\u011bj\u00ed do sv\u00fdch z\u00e1jm\u016f zat\u00e1hnout celou Alianci.<\/p>\n<p>A za\u010dtvrt\u00e9: p\u0159eci jen tu byl asi n\u011bkdo zbrkl\u00fd a\u017e moc a to v\u00a0m\u00ed\u0159e, kter\u00e1 u\u017e tureck\u00fdm z\u00e1jm\u016fm moc neposlou\u017e\u00ed.<\/p>\n<p><strong>Objevily se nadpisy o 3. sv\u011btov\u00e9 v\u00e1lce . Je to medi\u00e1ln\u00ed hysterie neno se m\u00e1me opravdu b\u00e1t?<\/strong><\/p>\n<p>Na jednu stranu to ur\u010dit\u011b hysterie je, p\u0159edev\u0161\u00edm s\u00a0ohledem na to, co si pod pojem T\u0159et\u00ed sv\u011btov\u00e1 p\u0159edstavujeme. Ta se t\u00edmto incidentem zat\u00edm nep\u0159ibl\u00ed\u017eila. Paradoxn\u011b n\u00e1\u0161 p\u0159ed n\u00ed h\u00e1j\u00ed pr\u00e1v\u011b jadern\u00e9 bomby, kter\u00e9 mnoz\u00ed pova\u017euj\u00ed za hrozbu. Kdepak, jen d\u00edky jejich odstra\u0161uj\u00edc\u00edmu \u00fa\u010dinku tu celosv\u011btov\u00e1 apokalyptick\u00e1 v\u00e1lka nevypukla u\u017e d\u00e1vno.<\/p>\n<p>Na druhou stranu se zamysleme nad touto v\u011btou: t\u0159et\u00ed sv\u011btov\u00e1 v\u00e1lka vlastn\u011b d\u00e1vno prob\u00edh\u00e1. Jen\u017ee v\u00a0m\u00e9n\u011b zjevn\u00e9 podob\u011b, v\u00a0podob\u011b des\u00edtek r\u016fzn\u00fdch konflikt\u016f po cel\u00e9m sv\u011bt\u011b, v\u00a0nich\u017e nehraj\u00ed roli jen lok\u00e1ln\u00ed z\u00e1jmy, ale p\u0159edev\u0161\u00edm z\u00e1jmy glob\u00e1ln\u00edch hr\u00e1\u010d\u016f a jejich zr\u016fdn\u00e1 touha uspo\u0159\u00e1dat cel\u00fd sv\u011bt podle sv\u00fdch p\u0159edstav.<\/p>\n<p><strong>Podle vyj\u00e1d\u0159en\u00ed Kremlu se ale jedn\u00e1 o velmi v\u00e1\u017en\u00fd incident. Co znamen\u00e1 pro Evropu a na\u0161\u00ed republiku?<\/strong><\/p>\n<p>V\u00e1\u017en\u00fd incident to je. Pro Evropu (pokud k\u00a0n\u00ed pro tuto chv\u00edli nebudu po\u010d\u00edtat Turecko a Rusko) nemus\u00ed znamenat bezprost\u0159edn\u011b nic, ov\u0161em jen pod podm\u00ednkou, \u017ee se l\u00edd\u0159i hlavn\u00edch evropsk\u00fdch sil nedaj\u00ed p\u0159emoci sv\u00fdmi touhami montovat se do v\u0161eho.<\/p>\n<p><strong>M\u00e1me se p\u0159ipravit na zm\u011bny: kolaps internetu, elekt\u0159iny, p\u0159ed kter\u00fdm varuje v Parlamentn\u00edch listech sen\u00e1tor Kubera?<\/strong><\/p>\n<p>Ne. Takhle p\u0159ece nejde \u017e\u00edt. Poj\u00edmat sv\u016fj \u017eivot jako v\u011b\u010dnou p\u0159\u00edpravu je hloupost a nepochopen\u00ed neopakovatelnosti p\u0159\u00edtomn\u00e9ho okam\u017eiku. Kdo bere r\u00e1no jako p\u0159\u00edpravu na poledne, poledne jako p\u0159\u00edpravu na ve\u010der, ve\u010der jako p\u0159\u00edpravu na noc a noc jako p\u0159\u00edpravu na r\u00e1no, ten bude jist\u011b v\u017edy dob\u0159e p\u0159ipraven, jako spr\u00e1vn\u00fd pion\u00fdr. Ale nebude \u017e\u00edt. Zato um\u0159e skv\u011ble p\u0159ipraven\u00fd do hrobu.<\/p>\n<p><strong>Jedn\u00e1 se tedy p\u0159edev\u0161\u00edm o z\u00e1stupn\u00fd probl\u00e9m boj Putin vs. Obama?<\/strong><\/p>\n<p>Jen do jist\u00e9 m\u00edry. Sp\u00ed\u0161e si ale mysl\u00edm, \u017ee se Turek v\u00a0tomto p\u0159\u00edpad\u011b sv\u00fdm spojenc\u016fm trochu vymkl a \u017ee sice navenek budou spojenci ukazovat pevnou atlantickou solidaritu, potichu mu ale trochu domluv\u00ed. Faktem ale tak\u00e9 je, \u017ee dne\u0161n\u00ed Turek si moc od nikoho domlouvat nenech\u00e1.<\/p>\n<p><strong>Jak\u00fdm sm\u011brem se podle v\u00e1s bude ub\u00edrat sou\u010dasn\u00e9 celosv\u011btov\u00e9 d\u011bn\u00ed?<\/strong><\/p>\n<p>Knihu s\u00a0t\u00edmto n\u00e1zvem dnes ps\u00e1t nebudu. Ale zkr\u00e1cen\u011b m\u016f\u017eu \u0159\u00edct, \u017ee co se svobody t\u00fd\u010de, l\u00e9pe u\u017e bylo. Budou n\u00e1m ji ukusovat pod r\u016fzn\u00fdmi z\u00e1minkami ze v\u0161ech stran. A my se nech\u00e1me, proto\u017ee budeme ohlu\u0161eni t\u011bmi z\u00e1minkami.<\/p>\n<p><strong>M\u016f\u017ee hr\u00e1t svoji roli v politick\u00e9 a ekonomick\u00e9 nestabilit\u011b ve sv\u011bt\u011b i vysok\u00e1 m\u00edra zadlu\u017eenosti skoro v\u0161ech zem\u00ed sv\u011bta?<\/strong><\/p>\n<p>V\u00a0tom j\u00e1dro probl\u00e9mu nen\u00ed. Ale faktorem potenci\u00e1ln\u00ed nestability sou\u010dasn\u00e1 m\u00edra zadlu\u017een\u00ed ur\u010dit\u011b je.<\/p>\n<p><strong>Byla by \u0159e\u0161en\u00edm sou\u010dasn\u00e9 situace n\u011bjak\u00e1 forma sv\u011btovl\u00e1dy &#8211; t\u0159eba pod hlavi\u010dkou OSN?<\/strong><\/p>\n<p>Jenom to ne. Takov\u00e1 (nebo jak\u00e1koli jin\u00e1) hlavi\u010dka by byla jen trikem n\u011bkter\u00fdch vychytral\u00fdch hlavi\u010dek, jak n\u00e1m v\u0161em navl\u00e9ci chomout.<\/p>\n<p><a href=\"http:\/\/www.viposobnosti.eu\/inpage\/rozsvitit-vanocni-strom-v-praze-neni-podle-jakla-snadne\/\" target=\"_blank\">Zdroj<\/a><\/p>\n","protected":false},"excerpt":{"rendered":"<p>Ladislav Jakl dnes sleduje\u00a0sest\u0159elen\u00ed arm\u00e1dn\u00edho letadla, boj mezi Putinem a Obamou, ale i dohady o rozsv\u00edcen\u00ed v\u00e1no\u010dn\u00ed stromu v Praze z\u00a0Centra spole\u010densk\u00fdch studi\u00ed institutu sv\u00e9ho \u0161\u00e9fa, exprezidenta V\u00e1clava Klause. N\u00e1zory b\u00fdval\u00e9ho tajemn\u00edka a \u017eurnalisty na aktu\u00e1ln\u00ed d\u011bn\u00ed p\u0159in\u00e1\u0161\u00ed magaz\u00edn VIPosobosti.eu.<\/p>\n","protected":false},"author":1,"featured_media":0,"comment_status":"open","ping_status":"open","sticky":false,"template":"","format":"standard","meta":{"ngg_post_thumbnail":0,"footnotes":""},"categories":[13],"tags":[],"class_list":["post-6224","post","type-post","status-publish","format-standard","hentry","category-rozhovory"],"_links":{"self":[{"href":"https:\/\/www.ladislavjakl.cz\/index.php?rest_route=\/wp\/v2\/posts\/6224","targetHints":{"allow":["GET"]}}],"collection":[{"href":"https:\/\/www.ladislavjakl.cz\/index.php?rest_route=\/wp\/v2\/posts"}],"about":[{"href":"https:\/\/www.ladislavjakl.cz\/index.php?rest_route=\/wp\/v2\/types\/post"}],"author":[{"embeddable":true,"href":"https:\/\/www.ladislavjakl.cz\/index.php?rest_route=\/wp\/v2\/users\/1"}],"replies":[{"embeddable":true,"href":"https:\/\/www.ladislavjakl.cz\/index.php?rest_route=%2Fwp%2Fv2%2Fcomments&post=6224"}],"version-history":[{"count":1,"href":"https:\/\/www.ladislavjakl.cz\/index.php?rest_route=\/wp\/v2\/posts\/6224\/revisions"}],"predecessor-version":[{"id":6225,"href":"https:\/\/www.ladislavjakl.cz\/index.php?rest_route=\/wp\/v2\/posts\/6224\/revisions\/6225"}],"wp:attachment":[{"href":"https:\/\/www.ladislavjakl.cz\/index.php?rest_route=%2Fwp%2Fv2%2Fmedia&parent=6224"}],"wp:term":[{"taxonomy":"category","embeddable":true,"href":"https:\/\/www.ladislavjakl.cz\/index.php?rest_route=%2Fwp%2Fv2%2Fcategories&post=6224"},{"taxonomy":"post_tag","embeddable":true,"href":"https:\/\/www.ladislavjakl.cz\/index.php?rest_route=%2Fwp%2Fv2%2Ftags&post=6224"}],"curies":[{"name":"wp","href":"https:\/\/api.w.org\/{rel}","templated":true}]}}