{"id":623,"date":"2010-10-29T10:40:54","date_gmt":"2010-10-29T09:40:54","guid":{"rendered":"http:\/\/www.ladislavjakl.cz\/?p=623"},"modified":"2010-10-29T10:40:54","modified_gmt":"2010-10-29T09:40:54","slug":"narodni-stat-neni-vetes-hlasa-klaus-stejne-jako-tgm","status":"publish","type":"post","link":"https:\/\/www.ladislavjakl.cz\/?p=623","title":{"rendered":"N\u00e1rodn\u00ed st\u00e1t nen\u00ed vete\u0161, hl\u00e1s\u00e1 Klaus stejn\u011b jako TGM"},"content":{"rendered":"<p><strong>Na Pra\u017esk\u00e9m hrad\u011b nejsou vlastenectv\u00ed a n\u00e1rodn\u00ed hrdost pr\u00e1zdn\u00fdmi  pojmy. K siln\u00e9 n\u00e1rodn\u00ed hrdosti se hl\u00e1s\u00ed jak prezident republiky V\u00e1clav  Klaus, tak nap\u0159\u00edklad i jeho spolupracovn\u00edci Petr H\u00e1jek a Ladislav Jakl. <\/strong><\/p>\n<p><strong><!--more--><\/strong><\/p>\n<p>U p\u0159\u00edle\u017eitosti st\u00e1tn\u00edho sv\u00e1tku obnoven\u00ed \u010desk\u00e9 st\u00e1tn\u00ed nez\u00e1vislosti 28.  \u0159\u00edjna vicekancl\u00e9\u0159 Petr H\u00e1jek Parlamentn\u00edmList\u016fm.cz \u0159ekl, co pro n\u011bj  znamen\u00e1 vlastenectv\u00ed.<\/p>\n<p><strong>Nechci, aby se sv. V\u00e1clav obracel v hrob\u011b <\/strong><\/p>\n<p>\u201eVlastenectv\u00ed je z\u00e1kladn\u00ed d\u016fv\u011bra v ko\u0159eny spole\u010dnosti, ve kter\u00e9 jsem se  narodil a jej\u00ed\u017e kulturu, jej\u00ed\u017e historii a jej\u00ed\u017e \u0161patn\u00e9 i dobr\u00e9 v\u011bci nesu  v sob\u011b jako jeden \u010dlen ten velk\u00e9 rodiny, kterou je n\u00e1rod. Vlastenectv\u00ed  je v podstat\u011b tot\u00e9\u017e, co je loajalita k rodin\u011b. Je to jenom v\u011bt\u0161\u00ed rodina  je trochu jinak organizovan\u00e1. Jako m\u00e1 \u010dlov\u011bk mnoh\u00e9 v\u00fdhrady k tomu, co  d\u011bl\u00e1 t\u0159eba jeho teta, tak kdy\u017e je tet\u011b \u0161patn\u011b, tak za n\u00ed jedu a star\u00e1m  se o n\u00ed a v\u0161echno jde stranou,&#8220; odpov\u011bd\u011bl Parlamentn\u00edmList\u016fm.cz H\u00e1jek.<\/p>\n<p>Podle H\u00e1jka se uvnit\u0159 na\u0161\u00ed v\u011bt\u0161\u00ed rodiny se tak\u00e9 m\u016f\u017eeme dohadovat o v\u0161em  mo\u017en\u00e9m, ale kdy\u017e jde o z\u00e1kladn\u00ed v\u011bci, o v\u011bci byt\u00ed a nebyt\u00ed, tak potom  jde podle n\u011bho v\u0161e v\u0161echno stranou. Rodina je podle n\u011bj stra\u0161n\u011b  d\u016fle\u017eit\u00e1.<\/p>\n<p>\u201eJsem \u010dlov\u011bk, kter\u00fd v\u011b\u0159\u00ed v kontinuitu a pevn\u011b v\u011b\u0159\u00edm, \u017ee se ji nepoda\u0159\u00ed  zm\u011bnit v diskontinuitu-jeden z hlavn\u00edch pokus\u016f havlismu je vytvo\u0159it  diskontinuitu- tak v tomto slova smyslu jsme vlastenec a vedu k tomu sv\u00e9  d\u011bti a pokl\u00e1d\u00e1m to i za stra\u0161n\u011b praktickou v\u011bc. Jsem p\u0159esv\u011bd\u010den, \u017ee  n\u00e1rody nevznikly n\u00e1hodou. N\u00e1rody maj\u00ed transcendetn\u00ed vazby. I to je jeden  z velice d\u016fle\u017eit\u00fdch d\u016fvod\u016f, pro\u010d si mysl\u00edm, \u017ee slovo vlast m\u00e1 vy\u0161\u0161\u00ed ne\u017e  jen praktick\u00fd v\u00fdznam. A pro\u010d jsem proti EU? Miluji svou vlast, a  nechci, aby po tis\u00edci letech se musel svat\u00fd V\u00e1clav obracet v hrob\u011b,&#8220;  dodal H\u00e1jek.<\/p>\n<p><strong>Za suverenitu um\u00edrali \u010de\u0161t\u00ed hrdinov\u00e9<\/strong><\/p>\n<p>Prezident\u016fv tajemn\u00edk Ladislav Jakl m\u00edn\u00ed, \u017ee suverenita \u201eje to, za co  um\u00edrali hrdinov\u00e9 \u010desk\u00e9ho n\u00e1roda v mnoha v\u00e1lk\u00e1ch a boj\u00edch s t\u011bmi, kdo si  n\u00e1s cht\u011bli podmanit. Znamen\u00e1 to, \u017ee si na sv\u00e9m \u00fazem\u00ed vl\u00e1dneme sami. \u017de  to dnes n\u011bkdo nev\u00ed, je moc smutn\u00e9&#8220;<\/p>\n<p>Prezident republiky V\u00e1clav Klaus se dlouhodob\u011b hl\u00e1s\u00ed k pozitivn\u00edmu  vlastenectv\u00ed a velmi citliv\u011b vn\u00edm\u00e1 vlastn\u00ed soun\u00e1le\u017eitost s \u010desk\u00fdm  n\u00e1rodem a st\u00e1tem. \u201eNemohu p\u0159ijmout n\u00e1zor, \u017ee st\u00e1t je jen jak\u00e1si vete\u0161  devaten\u00e1ct\u00e9ho stolet\u00ed a \u017ee te\u010f kone\u010dn\u011b nade\u0161lo pozitivn\u00ed obdob\u00ed lidsk\u00fdch  d\u011bjin, kdy bude tahle vete\u0161 smetena a kone\u010dn\u011b dojde k tot\u00e1ln\u00edmu  osvobozen\u00ed lidstva,&#8220; \u0159ekl jednou Klaus.<\/p>\n<p><strong>Loajalita k vlastn\u00ed zemi<\/strong><\/p>\n<p>\u201ePt\u00e1te-li se m\u011b na \u010desk\u00fd st\u00e1t, pak bych si p\u0159\u00e1l, aby \u010desk\u00e1 politika  sou\u010dasnosti byla obh\u00e1jkyn\u00ed z\u00e1jm\u016f \u010desk\u00e9ho st\u00e1tu a \u010desk\u00e9ho n\u00e1roda.  Nemysl\u00edm si, \u017ee existence modern\u00edho \u010desk\u00e9ho st\u00e1tu a n\u00e1roda, a\u0165 u\u017e jako  sou\u010d\u00e1sti Rakouska-Uherska nebo v podob\u011b \u010ceskoslovenska \u010di v posledn\u00edm  desetilet\u00ed v podob\u011b samostatn\u00e9ho \u010desk\u00e9ho st\u00e1tu, je jen do\u010dasn\u00fdm  intermezzem mezi jednou idylickou dobou bez st\u00e1tu, a druhou idylickou  dobou bez st\u00e1tu. Nep\u0159eji si, aby zrod \u010cesk\u00e9 republiky byl jen epilogem  \u010desk\u00e9 st\u00e1tnosti a aby na\u0161e st\u00e1tnost byla poh\u0159bena v nadn\u00e1rodn\u00edch  evropsk\u00fdch struktur\u00e1ch,&#8220; mysl\u00ed si prezident republiky.<\/p>\n<p>Pro Klause je v\u00fdchoz\u00ed entita, v\u016f\u010di kter\u00e9 c\u00edt\u00ed svou loajalitu jako  \u010dlov\u011bk, ale nem\u00e9n\u011b jako prezident \u010cesk\u00e9 republiky, vlastn\u00ed zem\u011b. \u017d\u00e1dnou  takovou loajalitu v\u016f\u010di Evropsk\u00e9 unii nec\u00edt\u00ed. Prezident T. G. Masaryk n\u00e1m  podle Klause zanechal st\u00e1t, kter\u00fd milujeme, k n\u011bmu\u017e se hl\u00e1s\u00edme a kter\u00fd  chceme d\u00e1le budovat a rozv\u00edjet.<\/p>\n<p>\u201eMilujeme svou vlast z \u0159ady d\u016fvod\u016f. Z pocitu vz\u00e1jemn\u011b sd\u00edlen\u00fdch hodnot, z  pocitu \u00facty k na\u0161im p\u0159edk\u016fm, ze spole\u010dn\u011b pro\u017eit\u00e9 a leckdy protrp\u011bn\u00e9  minulosti, ze spole\u010dn\u00e9 kultury, v neposledn\u00ed \u0159ad\u011b i jazyka a z mnoha  dal\u0161\u00edch v\u011bc\u00ed,&#8220; napsal Klaus.<\/p>\n<p><strong>TGM: st\u00e1ty se maj\u00ed rovnat n\u00e1rod\u016fm<\/strong><\/p>\n<p>S\u00e1m Masaryk prohl\u00e1sil: \u201eNenam\u00edt\u00e1m pranic proti nacionalismu, jestli\u017ee se  t\u00edmto ozna\u010duje l\u00e1ska k n\u00e1rodu, n\u00e1rodnostn\u00ed idea, jak se oby\u010dejn\u011b \u0159\u00edk\u00e1,  je velmi cenn\u00e1 a \u0161lechetn\u00e1 s\u00edla politick\u00e1, organisuj\u00edc\u00ed jednotlivce v  ob\u011btav\u00fd celek. A tyto organisovan\u00e9 n\u00e1rodn\u00ed celky se spojuj\u00ed v  \u010dlov\u011b\u010denstvo&#8230;Sv\u00fdm rozsahem st\u00e1ty by se m\u011bly rovnat n\u00e1rod\u016fm. N\u00e1rody  jsou p\u0159irozenou organizac\u00ed lidstva, n\u00e1rodnost je nejlep\u0161\u00ed z\u00e1rukou  mezin\u00e1rodnosti&#8230;St\u00e1ty mus\u00ed b\u00fdt zn\u00e1rodn\u011bny&#8230;Mysl\u00edm, \u017ee spr\u00e1vn\u00e9 je  pokl\u00e1dat n\u00e1rod a n\u00e1rodnost za c\u00edl spole\u010densk\u00e9ho \u00fasil\u00ed, st\u00e1t za  prost\u0159edek; de facto ka\u017ed\u00fd uv\u011bdom\u011bl\u00fd n\u00e1rod usiluje o sv\u016fj vlastn\u00ed st\u00e1t.&#8220;<\/p>\n<p>Sv\u00fdm rozsahem by se st\u00e1ty m\u011bly podle Masaryka rovnat n\u00e1rod\u016fm. N\u00e1rody  jsou podle\u00a0n\u011bho p\u0159irozenou organizac\u00ed lidstva, n\u00e1rodnost je nejlep\u0161\u00ed  z\u00e1rukou mezin\u00e1rodnosti a ka\u017ed\u00fd uv\u011bdom\u011bl\u00fd n\u00e1rod usiluje o sv\u016fj vlastn\u00ed  st\u00e1t.<\/p>\n<p><strong>Ne\u010das a n\u00e1rodn\u00ed my\u0161lenka<\/strong><\/p>\n<p>I Petr Ne\u010das p\u0159ed \u010dasem napsal, \u017ee \u010desk\u00e9 konzervativn\u011b-liber\u00e1ln\u00ed my\u0161len\u00ed by se m\u011blo p\u0159ihl\u00e1sit k n\u00e1rodn\u00ed my\u0161lence.<\/p>\n<p>\u201eOt\u00e1zka vlastenectv\u00ed a n\u00e1rodn\u00ed identity se t\u00e1hne na\u0161imi modern\u00edmi  d\u011bjinami. P\u0159ihl\u00e1sit se k n\u00e1rodn\u00edmu programu znamen\u00e1 nepodlehnout  lacin\u00e9mu deklaratorn\u00edmu pseudoevropanstv\u00ed&#8230; V\u017edy\u0165 i pro konzervativce  plat\u00ed, \u017ee to, co cht\u011bj\u00ed \u00b4konzervovat\u00b4, tj. ideje n\u00e1roda, jeho proz\u00e1padn\u00ed  orientace, rodiny, vzd\u011bl\u00e1n\u00ed, svobody a ekonomick\u00e9 \u010dinorodosti, jsou  t\u00e9mata spjat\u00e1 s tradi\u010dn\u00edm \u010desk\u00fdm liberalismem reprezentovan\u00fdm jm\u00e9ny  Jungmann, Palack\u00fd, Kaizl nebo Ra\u0161\u00edn,&#8220; napsal Ne\u010das.<\/p>\n","protected":false},"excerpt":{"rendered":"<p>Na Pra\u017esk\u00e9m hrad\u011b nejsou vlastenectv\u00ed a n\u00e1rodn\u00ed hrdost pr\u00e1zdn\u00fdmi pojmy. K siln\u00e9 n\u00e1rodn\u00ed hrdosti se hl\u00e1s\u00ed jak prezident republiky V\u00e1clav Klaus, tak nap\u0159\u00edklad i jeho spolupracovn\u00edci Petr H\u00e1jek a Ladislav Jakl.<\/p>\n","protected":false},"author":1,"featured_media":0,"comment_status":"open","ping_status":"open","sticky":false,"template":"","format":"standard","meta":{"ngg_post_thumbnail":0,"footnotes":""},"categories":[11],"tags":[],"class_list":["post-623","post","type-post","status-publish","format-standard","hentry","category-ozvena"],"_links":{"self":[{"href":"https:\/\/www.ladislavjakl.cz\/index.php?rest_route=\/wp\/v2\/posts\/623","targetHints":{"allow":["GET"]}}],"collection":[{"href":"https:\/\/www.ladislavjakl.cz\/index.php?rest_route=\/wp\/v2\/posts"}],"about":[{"href":"https:\/\/www.ladislavjakl.cz\/index.php?rest_route=\/wp\/v2\/types\/post"}],"author":[{"embeddable":true,"href":"https:\/\/www.ladislavjakl.cz\/index.php?rest_route=\/wp\/v2\/users\/1"}],"replies":[{"embeddable":true,"href":"https:\/\/www.ladislavjakl.cz\/index.php?rest_route=%2Fwp%2Fv2%2Fcomments&post=623"}],"version-history":[{"count":1,"href":"https:\/\/www.ladislavjakl.cz\/index.php?rest_route=\/wp\/v2\/posts\/623\/revisions"}],"predecessor-version":[{"id":624,"href":"https:\/\/www.ladislavjakl.cz\/index.php?rest_route=\/wp\/v2\/posts\/623\/revisions\/624"}],"wp:attachment":[{"href":"https:\/\/www.ladislavjakl.cz\/index.php?rest_route=%2Fwp%2Fv2%2Fmedia&parent=623"}],"wp:term":[{"taxonomy":"category","embeddable":true,"href":"https:\/\/www.ladislavjakl.cz\/index.php?rest_route=%2Fwp%2Fv2%2Fcategories&post=623"},{"taxonomy":"post_tag","embeddable":true,"href":"https:\/\/www.ladislavjakl.cz\/index.php?rest_route=%2Fwp%2Fv2%2Ftags&post=623"}],"curies":[{"name":"wp","href":"https:\/\/api.w.org\/{rel}","templated":true}]}}