{"id":6294,"date":"2015-12-10T14:15:49","date_gmt":"2015-12-10T13:15:49","guid":{"rendered":"http:\/\/www.ladislavjakl.cz\/?p=6294"},"modified":"2015-12-10T14:15:49","modified_gmt":"2015-12-10T13:15:49","slug":"veselovsky-si-pozval-klausova-muze-o-uprchlicke-krizi-padla-veta-kterou-stoji-za-to-znat","status":"publish","type":"post","link":"https:\/\/www.ladislavjakl.cz\/?p=6294","title":{"rendered":"Veselovsk\u00fd si pozval Klausova mu\u017ee. O uprchlick\u00e9 krizi padla v\u011bta, kterou stoj\u00ed za to zn\u00e1t"},"content":{"rendered":"<p>Sou\u010dasn\u00ed vl\u00e1dci EU, Francie a N\u011bmecka jsou t\u011bmi, kdo organizuj\u00ed p\u0159\u00edsun ileg\u00e1ln\u00edch imigrant\u016f do j\u00e1dra Evropsk\u00e9 unie, uvedl v rozhovoru pro internetovou televizi DVtv b\u00fdval\u00fd \u0159editel politick\u00e9ho odboru Kancel\u00e1\u0159e prezidenta republiky V\u00e1clava Klause Ladislav Jakl.<\/p>\n<p><!--more--><\/p>\n<p>Jakl odm\u00edtl v souvislosti s leto\u0161n\u00edm p\u0159\u00edvalem imigrant\u016f do Evropy mluvit o uprchlick\u00e9 krizi. \u201eNe\u0159\u00edk\u00e1m tomu uprchlick\u00e1 krize, \u017e\u00e1dn\u00fd uprchl\u00edk v Evrop\u011b nen\u00ed,\u201c uvedl a vysv\u011btlil, \u017ee slovo uprchl\u00edk je pr\u00e1vn\u00ed pojem. \u201eStatus uprchl\u00edka se p\u0159id\u011bluje jednotlivc\u016fm ve velmi konkr\u00e9tn\u00edch situac\u00edch. Tady se pohybuj\u00ed, dejme tomu dva miliony, ileg\u00e1ln\u00edch p\u0159ist\u011bhovalc\u016f.\u201c<\/p>\n<p>Pouk\u00e1zal na to, \u017ee v\u0161echny civilizovan\u00e9 zem\u011b na sv\u011bt\u011b, v\u010detn\u011b n\u00e1s, v\u010detn\u011b USA, maj\u00ed velmi sofistikovan\u00e1 pravidla pro to, kdo do t\u00e9 zem\u011b m\u016f\u017ee v\u016fbec vstoupit. Kdo z\u00edsk\u00e1 povolen\u00ed k do\u010dasn\u00e9mu, k trval\u00e9mu pobytu, kdo tam m\u016f\u017ee pracovat. \u201eTa pravidla norm\u00e1ln\u011b funguj\u00ed. Kdy\u017e tady bude Ukrajinec na stavb\u011b pracovat bez v\u00edza a bez povolen\u00ed, tak stavitel dostane \u0161\u00edlenou pokutu, mo\u017en\u00e1 bude trestn\u011b st\u00edh\u00e1n. Ukrajince chytnou do klepet a vyvezou ho. Ta pravidla existuj\u00ed. Jenom n\u011bkdo z n\u011bjak\u00fdch ne p\u0159\u00edli\u0161 p\u011bkn\u00fdch motiv\u016f rozhodl, \u017ee tato pravidla se masov\u011b p\u0159estanou dodr\u017eovat. A nejenom to. \u017de n\u011bkdo zorganizuje transport ileg\u00e1ln\u00edch imigrant\u016f sem do j\u00e1dra EU,\u201c \u0159ekl Jakl.<\/p>\n<p><strong>Cel\u00e9 video je <a href=\"http:\/\/video.aktualne.cz\/dvtv\/jakl-prevadeci-uprchliku-transporty-lidi-do-evropy-organizuj\/r~89a0278a9de011e590ec0025900fea04\/\" target=\"_blank\">ZDE<\/a><\/strong><\/p>\n<p>Na dopl\u0148uj\u00edc\u00ed ot\u00e1zku moder\u00e1tora Martina Veselovsk\u00e9ho, kdo je ten \u201en\u011bkdo\u201c, kdo by m\u011bl organizovat transport imigrant\u016f do j\u00e1dra EU, pak Jakl uvedl: \u201eTen n\u011bkdo jsou aktu\u00e1ln\u00ed vl\u00e1dci EU, Francie, N\u011bmecka a jednak n\u011bkdo, kdo na tom jednak vyd\u011bl\u00e1v\u00e1 konkr\u00e9tn\u011b bezprost\u0159edn\u011b, jednak n\u011bkdo, kdo na tom sleduje obecn\u011bj\u0161\u00ed, \u0161ir\u0161\u00ed politick\u00e9 s\u00edly. Je to nepochybn\u011b konglomer\u00e1t z\u00e1jm\u016f.\u201c<\/p>\n<h4 class=\"western\">N\u011bkdo jim d\u00e1 p\u011bkn\u00e9 eurovesti\u010dky, n\u011bkdo je vybav\u00ed stejn\u00fdmi \u010dluny<\/h4>\n<p>\u201e\u0158\u00edk\u00e1te, \u017ee sami vl\u00e1dci EU jsou ti p\u0159evad\u011b\u010di?\u201c zeptal se pon\u011bkud nev\u011b\u0159\u00edcn\u00fdm t\u00f3nem Veselovsk\u00fd. \u201eNepochybn\u011b,\u201c p\u0159isv\u011bd\u010dil Jakl a rozhodl se sv\u016fj n\u00e1zor bl\u00ed\u017ee vysv\u011btlit: \u201eJestli na jihov\u00fdchodn\u00ed hranici Turecka 1500 kilometr\u016f od hranice s EU je milion lid\u00ed, tak dostat je do N\u011bmecka je ohromn\u00fd logistick\u00fd probl\u00e9m, kter\u00fd n\u011bkdo plat\u00ed, n\u011bkdo financuje, n\u011bkdo zaji\u0161\u0165uje, n\u011bkdo zabezpe\u010duje. N\u011bkdo jim d\u00e1 p\u011bkn\u00e9 eurovesti\u010dky. N\u011bkdo je vybav\u00ed v\u0161emi stejn\u00fdmi \u010dluny, n\u011bkdo jim zajist\u00ed trajekty. To p\u0159ece n\u011bkdo d\u011bl\u00e1, n\u011bkdo organizuje a n\u011bkdo plat\u00ed. A n\u011bkdo tak\u00e9 politicky kryje r\u016fzn\u00fdmi prohl\u00e1\u0161en\u00edmi. A politicky \u0161ikanuje v\u0161echny, kdo se sna\u017e\u00ed dodr\u017eovat dosavadn\u00ed platn\u00e9 z\u00e1kony,\u201c konstatoval Jakl.<\/p>\n<h4 class=\"western\">N\u011bkdo si mo\u017en\u00e1 mysl\u00ed, \u017ee imigrace je ta spr\u00e1vn\u00e1 eugenika naruby<\/h4>\n<p>Na to reagoval Veselovsk\u00fd ot\u00e1zkou: \u201eKomu by to bylo ku prosp\u011bchu, kdyby tomu tak bylo?\u201c<\/p>\n<p>\u201eNap\u0159\u00edklad v\u0161em, kte\u0159\u00ed cht\u011bj\u00ed vytvo\u0159it z EU jednotn\u00fd centralizovan\u00fd unifikovan\u00fd a skoro a\u017e totalitn\u00ed st\u00e1t.\u201c \u201eT\u00edm, \u017ee sem dostanou dva miliony lid\u00ed z jin\u00e9 kultury?\u201c zeptal se moder\u00e1tor. \u201eT\u00edm, \u017ee postupn\u011b rozbij\u00ed jednotliv\u00e9 parlamentn\u00ed demokracie, kter\u00e9 jsou, co lidsk\u00e1 civilizace existuje, nejlep\u0161\u00edmi ochr\u00e1nci lidsk\u00e9 svobody. N\u011bkdo chce z mezin\u00e1rodn\u00ed organizace, co\u017e je EU, vytvo\u0159it st\u00e1t, kter\u00fd sice bude m\u00edt stejn\u00e1 pr\u00e1va v\u016f\u010di v\u00e1m i v\u016f\u010di mn\u011b cokoli p\u0159ik\u00e1zat, ale nebude m\u00edt zp\u011btnou vazbu v podob\u011b n\u011bjak\u00e9 demokratick\u00e9 kontroly,\u201c uvedl s t\u00edm, \u017ee n\u011bkdo na migra\u010dn\u00ed vln\u011b chce vyd\u011bl\u00e1vat, ale n\u011bkdo chce zm\u011bnit demografickou strukturu.<\/p>\n<p>\u201eMo\u017en\u00e1 si zvr\u00e1cen\u011b mysl\u00ed, \u017ee je to ta spr\u00e1vn\u00e1 eugenika naruby. N\u011bjak\u00fdm zp\u016fsobem ovlivnit genofond. N\u011bkdo si mysl\u00ed, \u017ee vnesen\u00edm jin\u00e9 kultury, ne\u017e kter\u00e1 tu m\u00e1 tradici, se poda\u0159\u00ed definitivn\u011b rozb\u00edt kontinuitu kultury na\u0161\u00ed vlastn\u00ed.\u201c<\/p>\n<h4 class=\"western\">Zastavit imigraci lze dv\u011bma zp\u016fsoby<\/h4>\n<p>Veselovsk\u00fd ale nam\u00edtl, zda nejde jen o to, \u017ee uprchl\u00edky prost\u011b p\u0159ev\u00e1\u017eej\u00ed z Turecka p\u0159evad\u011b\u010di, co\u017e ostatn\u011b dokumentovali mnoz\u00ed novin\u00e1\u0159i. \u201eAle jak se dostali t\u011bch 1500 kilometr\u016f p\u0159es Turecko? \u0158ecko a Turecko jsou sice \u010dlensk\u00e9 st\u00e1ty NATO, ale nikdy mezi nimi nebyl podeps\u00e1n m\u00edr. Ony jsou pouze ve stavu p\u0159\u00edm\u011b\u0159\u00ed. Byly to st\u00e1ty, kter\u00e9 jako \u010dlensk\u00e9 st\u00e1ty NATO mezi sebou vedly regul\u00e9rn\u00ed v\u00e1lku. Jejich hranice, kdy\u017e cht\u011bj\u00ed, nepronikne ani my\u0161. Ani b\u00e1rka. Oni to um\u011bj\u00ed. Ale ned\u011blaj\u00ed to z n\u011bjak\u00fdch d\u016fvod\u016f. Proto\u017ee na tom n\u011bkdo profituje. Politicky, z\u00e1jmov\u011b,\u201c upozornil Jakl.<\/p>\n<p>Z\u00e1v\u011brem dodal, \u017ee migra\u010dn\u00ed krize se pr\u00fd d\u00e1 bu\u010f zastavit obnoven\u00edm hrani\u010dn\u00edch kontrol uvnit\u0159 schengensk\u00e9ho prostoru, nikoliv ov\u0161em zadr\u00e1tov\u00e1n\u00edm hranic. Nebo za pomoci spole\u010dn\u00e9 shody na tom, \u017ee vn\u011bj\u0161\u00ed schengensk\u00e1 hranice se za\u010dne p\u0159\u00edsn\u011b a pod tvrdou sankc\u00ed hl\u00eddat. V toto \u0159e\u0161en\u00ed ale nev\u011b\u0159\u00ed.<\/p>\n<p><a href=\"http:\/\/www.parlamentnilisty.cz\/arena\/monitor\/-Veselovsky-si-pozval-Klausova-muze-O-uprchlicke-krizi-padla-veta-kterou-stoji-za-to-znat-412005\" target=\"_blank\">Zdroj<\/a><\/p>\n","protected":false},"excerpt":{"rendered":"<p>Sou\u010dasn\u00ed vl\u00e1dci EU, Francie a N\u011bmecka jsou t\u011bmi, kdo organizuj\u00ed p\u0159\u00edsun ileg\u00e1ln\u00edch imigrant\u016f do j\u00e1dra Evropsk\u00e9 unie, uvedl v rozhovoru pro internetovou televizi DVtv b\u00fdval\u00fd \u0159editel politick\u00e9ho odboru Kancel\u00e1\u0159e prezidenta republiky V\u00e1clava Klause Ladislav Jakl.<\/p>\n","protected":false},"author":1,"featured_media":0,"comment_status":"open","ping_status":"open","sticky":false,"template":"","format":"standard","meta":{"ngg_post_thumbnail":0,"footnotes":""},"categories":[11],"tags":[],"class_list":["post-6294","post","type-post","status-publish","format-standard","hentry","category-ozvena"],"_links":{"self":[{"href":"https:\/\/www.ladislavjakl.cz\/index.php?rest_route=\/wp\/v2\/posts\/6294","targetHints":{"allow":["GET"]}}],"collection":[{"href":"https:\/\/www.ladislavjakl.cz\/index.php?rest_route=\/wp\/v2\/posts"}],"about":[{"href":"https:\/\/www.ladislavjakl.cz\/index.php?rest_route=\/wp\/v2\/types\/post"}],"author":[{"embeddable":true,"href":"https:\/\/www.ladislavjakl.cz\/index.php?rest_route=\/wp\/v2\/users\/1"}],"replies":[{"embeddable":true,"href":"https:\/\/www.ladislavjakl.cz\/index.php?rest_route=%2Fwp%2Fv2%2Fcomments&post=6294"}],"version-history":[{"count":1,"href":"https:\/\/www.ladislavjakl.cz\/index.php?rest_route=\/wp\/v2\/posts\/6294\/revisions"}],"predecessor-version":[{"id":6295,"href":"https:\/\/www.ladislavjakl.cz\/index.php?rest_route=\/wp\/v2\/posts\/6294\/revisions\/6295"}],"wp:attachment":[{"href":"https:\/\/www.ladislavjakl.cz\/index.php?rest_route=%2Fwp%2Fv2%2Fmedia&parent=6294"}],"wp:term":[{"taxonomy":"category","embeddable":true,"href":"https:\/\/www.ladislavjakl.cz\/index.php?rest_route=%2Fwp%2Fv2%2Fcategories&post=6294"},{"taxonomy":"post_tag","embeddable":true,"href":"https:\/\/www.ladislavjakl.cz\/index.php?rest_route=%2Fwp%2Fv2%2Ftags&post=6294"}],"curies":[{"name":"wp","href":"https:\/\/api.w.org\/{rel}","templated":true}]}}