{"id":6303,"date":"2015-12-17T11:18:48","date_gmt":"2015-12-17T10:18:48","guid":{"rendered":"http:\/\/www.ladislavjakl.cz\/?p=6303"},"modified":"2015-12-17T11:18:48","modified_gmt":"2015-12-17T10:18:48","slug":"vanocni-poselstvi-o-vine","status":"publish","type":"post","link":"https:\/\/www.ladislavjakl.cz\/?p=6303","title":{"rendered":"V\u00e1no\u010dn\u00ed poselstv\u00ed o vin\u011b"},"content":{"rendered":"<p class=\"perex\">Indi\u00e1nsk\u00fd kmen Kamenn\u00fdch bobr\u016f \u010d\u00edt\u00e1 \u0161est (!) evidovan\u00fdch p\u0159\u00edslu\u0161n\u00edk\u016f, v\u010detn\u011b jedn\u00e9 studentky soci\u00e1ln\u00ed ekologie na zbyte\u010dn\u00e9 kalifornsk\u00e9 \u0161kole, Indi\u00e1nky z\u00a0p\u0159esv\u011bd\u010den\u00ed.<\/p>\n<p class=\"perex\"><!--more--><\/p>\n<p>Kmen dost\u00e1v\u00e1 v\u00a0r\u00e1mci reparac\u00ed za sv\u00e1 \u00fadajn\u00e1 lovi\u0161t\u011b 1.5 miliardy dolar\u016f ro\u010dn\u011b a je v\u00fdhradn\u00edm dr\u017eitelem konces\u00ed na provozov\u00e1n\u00ed kasin ve t\u0159ech st\u00e1tech. Dal\u0161\u00ed takov\u00fd kmen si z\u00a0dotac\u00ed a reparac\u00ed kupuje v\u00a0Praze hotel. A pro\u010d jim ty pen\u00edze n\u011bkdo dop\u0159\u00e1v\u00e1? Z\u00a0p\u011bstovan\u00e9ho pocitu viny.<\/p>\n<p>N\u011bmci a zejm\u00e9na jimi zvolen\u00e1 premi\u00e9rka si zvou mili\u00f3ny mohamed\u00e1n\u016f z\u00a0p\u016flky sv\u011bta a hodlaj\u00ed jim po cel\u00e9 generace platit bezpracn\u00fd \u017eivot. Pro\u010d? Z\u00a0p\u011bstovan\u00e9ho pocitu viny za Druhou sv\u011btovou v\u00e1lku. Paradoxn\u011b vinu za vra\u017ed\u011bn\u00ed \u017did\u016f N\u011bmci od\u010di\u0148uj\u00ed i na potomc\u00edch t\u011bch, co tehdy Hitlera v\u00a0jeho vra\u017eedn\u00e9m antisemitismu podporovali, na t\u011bch potomc\u00edch, z\u00a0nich\u017e mnoz\u00ed by si tuze r\u00e1di sv\u00e9ho \u017dida pod\u0159\u00edzli je\u0161t\u011b dnes.<\/p>\n<p>Potent\u00e1ti z\u00a0cel\u00e9ho sv\u011bta v\u00a0Pa\u0159\u00ed\u017ei rozhodli o p\u0159esunu nejv\u011bt\u0161\u00edch \u010d\u00e1stek v\u00a0d\u011bjin\u00e1ch lidstva a o omezen\u00ed \u017eivot\u016f miliard lid\u00ed. Pro\u010d? Z\u00a0p\u011bstovan\u00e9ho pocitu viny.<\/p>\n<p>Pro\u010d lid\u00e9 d\u011blaj\u00ed z\u00a0pocitu viny ty nejv\u011bt\u0161\u00ed hlouposti a nesmysly? Proto\u017ee jsou nemocn\u00ed. Pocit viny je choroba, kter\u00e1 roze\u017e\u00edr\u00e1 rozum i skute\u010dn\u00e9 city.<\/p>\n<p>V\u00e1noce p\u0159in\u00e1\u0161ej\u00ed z\u00e1sadn\u00ed poselstv\u00ed. Pocit viny je \u0161patnou motivac\u00ed. Pocit viny, to je b\u0159\u00edm\u011b, kter\u00e9 z\u00a0\u010dlov\u011bka ud\u011bl\u00e1 zkroucenou ob\u011b\u0165 k\u0159ivice. Pocit viny je t\u0159eba \u010destn\u011b shodit. A konat d\u00e1l z\u00a0jin\u00fdch pohnutek.<\/p>\n<p>T\u0159eba pro sv\u016fj dobr\u00fd pocit. Jen tak lze ud\u011blat n\u011bco dobr\u00e9ho a u\u017eite\u010dn\u00e9ho. Vyho\u010fme pocit viny spolu s\u00a0pap\u00edry od d\u00e1rk\u016f. Je to \u0161patn\u00fd na\u0161ept\u00e1va\u010d. To n\u00e1m p\u0159ich\u00e1zej\u00ed \u0159\u00edct V\u00e1noce.<\/p>\n<p><em>(Jo, ten kmen jsem si vymyslel. Vad\u00ed to? Tu n\u011bmeckou premi\u00e9rku ur\u010dit\u011b taky, to p\u0159ece nem\u016f\u017ee b\u00fdt pravda.)<\/em><\/p>\n","protected":false},"excerpt":{"rendered":"<p>Indi\u00e1nsk\u00fd kmen Kamenn\u00fdch bobr\u016f \u010d\u00edt\u00e1 \u0161est (!) evidovan\u00fdch p\u0159\u00edslu\u0161n\u00edk\u016f, v\u010detn\u011b jedn\u00e9 studentky soci\u00e1ln\u00ed ekologie na zbyte\u010dn\u00e9 kalifornsk\u00e9 \u0161kole, Indi\u00e1nky z\u00a0p\u0159esv\u011bd\u010den\u00ed.<\/p>\n","protected":false},"author":1,"featured_media":0,"comment_status":"open","ping_status":"open","sticky":false,"template":"","format":"standard","meta":{"ngg_post_thumbnail":0,"footnotes":""},"categories":[10],"tags":[],"class_list":["post-6303","post","type-post","status-publish","format-standard","hentry","category-zlehka"],"_links":{"self":[{"href":"https:\/\/www.ladislavjakl.cz\/index.php?rest_route=\/wp\/v2\/posts\/6303","targetHints":{"allow":["GET"]}}],"collection":[{"href":"https:\/\/www.ladislavjakl.cz\/index.php?rest_route=\/wp\/v2\/posts"}],"about":[{"href":"https:\/\/www.ladislavjakl.cz\/index.php?rest_route=\/wp\/v2\/types\/post"}],"author":[{"embeddable":true,"href":"https:\/\/www.ladislavjakl.cz\/index.php?rest_route=\/wp\/v2\/users\/1"}],"replies":[{"embeddable":true,"href":"https:\/\/www.ladislavjakl.cz\/index.php?rest_route=%2Fwp%2Fv2%2Fcomments&post=6303"}],"version-history":[{"count":1,"href":"https:\/\/www.ladislavjakl.cz\/index.php?rest_route=\/wp\/v2\/posts\/6303\/revisions"}],"predecessor-version":[{"id":6304,"href":"https:\/\/www.ladislavjakl.cz\/index.php?rest_route=\/wp\/v2\/posts\/6303\/revisions\/6304"}],"wp:attachment":[{"href":"https:\/\/www.ladislavjakl.cz\/index.php?rest_route=%2Fwp%2Fv2%2Fmedia&parent=6303"}],"wp:term":[{"taxonomy":"category","embeddable":true,"href":"https:\/\/www.ladislavjakl.cz\/index.php?rest_route=%2Fwp%2Fv2%2Fcategories&post=6303"},{"taxonomy":"post_tag","embeddable":true,"href":"https:\/\/www.ladislavjakl.cz\/index.php?rest_route=%2Fwp%2Fv2%2Ftags&post=6303"}],"curies":[{"name":"wp","href":"https:\/\/api.w.org\/{rel}","templated":true}]}}