{"id":6309,"date":"2015-12-18T10:22:30","date_gmt":"2015-12-18T09:22:30","guid":{"rendered":"http:\/\/www.ladislavjakl.cz\/?p=6309"},"modified":"2015-12-18T10:22:30","modified_gmt":"2015-12-18T09:22:30","slug":"dekovna-rec-l-jakla-pri-prevzeti-ceny-osobnost-roku-za-prinos-k-hudbe-pri-finale-souteze-kapel-skutecna-liga-12-12-2015","status":"publish","type":"post","link":"https:\/\/www.ladislavjakl.cz\/?p=6309","title":{"rendered":"D\u011bkovn\u00e1 \u0159e\u010d L. Jakla p\u0159i p\u0159evzet\u00ed ceny Osobnost roku za p\u0159\u00ednos k hudb\u011b  p\u0159i fin\u00e1le sout\u011b\u017ee kapel Skute\u010dn\u00e1 liga, 12. 12. 2015."},"content":{"rendered":"<p>Dobr\u00fd ve\u010der v\u0161em v\u00a0s\u00e1le. J\u00e1 jsem se o ud\u011blen\u00ed ceny od organiz\u00e1tor\u016f dov\u011bd\u011bl u\u017e p\u0159ed chv\u00edl\u00ed, tak jsem si stihl p\u0159ipravit stru\u010dn\u00fd, asi dvouhodinov\u00fd d\u011bkovn\u00fd projev. Tak abych s\u00a0n\u00edm za\u010dal, \u017ee.<\/p>\n<p><!--more--><\/p>\n<p>P\u0159i takov\u00e9 p\u0159\u00edle\u017eitosti se v\u017edycky d\u011bkuje. Ano, i mamince, jak mi t\u00e1mhle vzadu n\u011bkdo rad\u00ed. Ale v\u00a0tuhle chv\u00edli hlavn\u011b Luk\u00e1\u0161i Fouskovi a agentu\u0159e N. S. E. F. za u\u017e desetilet\u00e9 po\u0159\u00e1d\u00e1n\u00ed t\u00e9hle ohromn\u00e9 celon\u00e1rodn\u00ed a n\u011bkdy a\u017e mezin\u00e1rodn\u00ed sout\u011b\u017ee kapel.<\/p>\n<p>Kdy\u017e jsem jako \u010dlen poroty p\u0159ed n\u011bkolika lety p\u0159ed\u00e1val cenu jedn\u00e9 z\u00a0v\u00edt\u011bzn\u00fdch kapel, tak jsem pravil, \u017ee sout\u011b\u017eit v\u00a0muzice je p\u011bkn\u00e1 p\u00ed\u010dovina. \u017de p\u0159ece um\u011bn\u00ed se ned\u00e1 m\u011b\u0159it, \u017ee jde o ryze subjektivn\u00ed v\u011bc, komu co ud\u011bl\u00e1 dob\u0159e na du\u0161i nebo ho rozpar\u00e1d\u00ed. Ale \u017ee Skute\u010dn\u00e1 liga je n\u011bco jin\u00e9ho. D\u00edky n\u00ed se u\u017e skoro t\u0159i tis\u00edce kapel p\u0159edstavilo div\u00e1k\u016fm i kritik\u016fm tak, jak by t\u0159eba nikdy nem\u011bly \u0161anci. A mnoh\u00e9 to ur\u010dit\u011b po\u0159\u00e1dn\u011b nakoplo do dal\u0161\u00edch let. A t\u0159eba j\u00e1 jsem si pr\u00e1v\u011b p\u0159i jednom fin\u00e1le p\u0159ed lety vyhl\u00e9dl sv\u00e9ho sou\u010dasn\u00e9ho kytaristu.<\/p>\n<p>Slu\u0161\u00ed se taky v\u017edy \u0159\u00edct, \u017ee ocen\u011bn\u00ed doty\u010dn\u00e9ho p\u0159ekvapilo. Tak\u017ee: p\u0159ekvapilo. Ani nev\u00edm, \u010d\u00edm jsem se o to zaslou\u017eil, t\u0159eba jsem byl jen na \u0159ad\u011b. Bigb\u00edtu se sice v\u011bnuju u\u017e od ran\u00e9ho d\u011btstv\u00ed (co\u017e pova\u017euju za d\u016fle\u017eit\u00e9, proto\u017ee m\u00ed vrstevn\u00edci k\u00a0tomu p\u0159i\u0161li zpravidla a\u017e v\u00a0pubert\u011b nebo v\u00a0adolescenci, zat\u00edmco pro mne to bylo tot\u00e9\u017e, co pro jin\u00e9 d\u011bti Ko\u010dka leze d\u00edrou), ale n\u011bjak\u00e9 velk\u00e9 d\u00edry do sv\u011bta jsem za tu dobu teda moc neud\u011blal.<\/p>\n<p>Na poli populariza\u010dn\u00edm, propag\u00e1torsk\u00e9m se ur\u010dit\u011b taky najdou z\u00e1stupy zaslou\u017eilej\u0161\u00edch, ale dobr\u00e1, jednu svou aktivitu tady p\u0159ipomenu, kdy\u017e u\u017e m\u00e1m mikrofon, abych si taky trochu p\u0159ih\u0159\u00e1l svou pol\u00edv\u010di\u010dku.<\/p>\n<p>U\u017e deset let (mimo jin\u00e9) po\u0159\u00e1d\u00e1m takov\u00fd mal\u00fd festiv\u00e1lek. V\u017edy se kon\u00e1 28. \u00fanora, v\u017edy v\u00a0klubu Vagon na pra\u017esk\u00e9 N\u00e1rodn\u00ed t\u0159\u00edd\u011b. P\u016fvodn\u011b jsem ho v\u011bnoval \u010dty\u0159em sv\u00fdm spoluhr\u00e1\u010d\u016fm z\u00a0kapely, kte\u0159\u00ed ji\u017e nejsou mezi \u017eiv\u00fdmi. Ale posledn\u00ed dobou u\u017e ho ch\u00e1pu v\u016fbec jako p\u0159ipomenut\u00ed t\u011bch kamar\u00e1d\u016f a muzikant\u016f, co u\u017e nejdou mezi n\u00e1mi, ale n\u011bco ohromn\u00e9ho tu po nich z\u016fstalo, v\u00a0n\u00e1s v\u0161ech.<\/p>\n<p>Jste tu v\u011bt\u0161inou sam\u00e9 mlad\u0161\u00ed ro\u010dn\u00edky, ale ona je muzika dost rizikov\u00e1 \u010dinnost a Zubat\u00e1 si pro muzikanty v\u016fbec nep\u0159ich\u00e1z\u00ed podle rodn\u00e9ho listu, ale jak se j\u00ed zl\u00edb\u00ed. Tak si mysl\u00edm, \u017ee se m\u00e1me ob\u010das zastavit a na ty b\u00e1je\u010dn\u00e9 lidi si vzpomenout a t\u0159eba jim i zahr\u00e1t.<\/p>\n<p>Dneska tu ale nejsme kv\u016fli n\u011bjak\u00fdm smutn\u00fdm my\u0161lenk\u00e1m. Chci pop\u0159\u00e1t v\u0161em fin\u00e1lov\u00fdm a ocen\u011bn\u00fdm kapel\u00e1m hodn\u011b dal\u0161\u00edch \u00fasp\u011bch\u016f na p\u00f3di\u00edch i mimo n\u011b, pod\u011bkovat jim za skv\u011bl\u00e9 dne\u0161n\u00ed v\u00fdkony a bezva den. A v\u00e1m v\u0161em p\u0159eju kupu po\u0159\u00e1dn\u00e9 muziky a hodn\u011b radosti ze \u017eivota.<\/p>\n<p><!-- index.php -->\n<div\n\tclass=\"ngg-galleryoverview\n\t ngg-ajax-pagination-none\t\"\n\tid=\"ngg-gallery-60c4ebceabc5a38321da6b1ac60b2a51-1\">\n\n\t\t\t<!-- Thumbnails -->\n\t\t\t\t<div id=\"ngg-image-0\" class=\"ngg-gallery-thumbnail-box\"\n\t\t\t\t\t\t\t\t\t\t\t>\n\t\t\t\t\t\t<div class=\"ngg-gallery-thumbnail\">\n\t\t\t<a href=\"https:\/\/www.ladislavjakl.cz\/wp-content\/gallery\/liga\/L.-J.-cena-SL-015.jpg\"\n\t\t\t\ttitle=\"\"\n\t\t\t\tdata-src=\"https:\/\/www.ladislavjakl.cz\/wp-content\/gallery\/liga\/L.-J.-cena-SL-015.jpg\"\n\t\t\t\tdata-thumbnail=\"https:\/\/www.ladislavjakl.cz\/wp-content\/gallery\/liga\/thumbs\/thumbs_L.-J.-cena-SL-015.jpg\"\n\t\t\t\tdata-image-id=\"348\"\n\t\t\t\tdata-title=\"L. J., cena SL 015\"\n\t\t\t\tdata-description=\"\"\n\t\t\t\tdata-image-slug=\"l-j-cena-sl-015\"\n\t\t\t\tclass=\"shutterset_60c4ebceabc5a38321da6b1ac60b2a51\">\n\t\t\t\t<img\n\t\t\t\t\ttitle=\"L. J., cena SL 015\"\n\t\t\t\t\talt=\"L. J., cena SL 015\"\n\t\t\t\t\tsrc=\"https:\/\/www.ladislavjakl.cz\/wp-content\/gallery\/liga\/thumbs\/thumbs_L.-J.-cena-SL-015.jpg\"\n\t\t\t\t\twidth=\"100\"\n\t\t\t\t\theight=\"75\"\n\t\t\t\t\tstyle=\"max-width:100%;\"\n\t\t\t\t\/>\n\t\t\t<\/a>\n\t\t<\/div>\n\t\t\t\t\t\t\t<\/div>\n\t\t\t\n\t\t\n\t\t\t\t<div id=\"ngg-image-1\" class=\"ngg-gallery-thumbnail-box\"\n\t\t\t\t\t\t\t\t\t\t\t>\n\t\t\t\t\t\t<div class=\"ngg-gallery-thumbnail\">\n\t\t\t<a href=\"https:\/\/www.ladislavjakl.cz\/wp-content\/gallery\/liga\/L.-J.-SL-diplom.jpg\"\n\t\t\t\ttitle=\" \"\n\t\t\t\tdata-src=\"https:\/\/www.ladislavjakl.cz\/wp-content\/gallery\/liga\/L.-J.-SL-diplom.jpg\"\n\t\t\t\tdata-thumbnail=\"https:\/\/www.ladislavjakl.cz\/wp-content\/gallery\/liga\/thumbs\/thumbs_L.-J.-SL-diplom.jpg\"\n\t\t\t\tdata-image-id=\"349\"\n\t\t\t\tdata-title=\"L. J., SL diplom\"\n\t\t\t\tdata-description=\" \"\n\t\t\t\tdata-image-slug=\"l-j-sl-diplom\"\n\t\t\t\tclass=\"shutterset_60c4ebceabc5a38321da6b1ac60b2a51\">\n\t\t\t\t<img\n\t\t\t\t\ttitle=\"L. J., SL diplom\"\n\t\t\t\t\talt=\"L. J., SL diplom\"\n\t\t\t\t\tsrc=\"https:\/\/www.ladislavjakl.cz\/wp-content\/gallery\/liga\/thumbs\/thumbs_L.-J.-SL-diplom.jpg\"\n\t\t\t\t\twidth=\"100\"\n\t\t\t\t\theight=\"75\"\n\t\t\t\t\tstyle=\"max-width:100%;\"\n\t\t\t\t\/>\n\t\t\t<\/a>\n\t\t<\/div>\n\t\t\t\t\t\t\t<\/div>\n\t\t\t\n\t\t\n\t\t\n\t\t<!-- Pagination -->\n\t\t<div class='ngg-clear'><\/div>\t<\/div>\n<\/p>\n<p>&nbsp;<\/p>\n","protected":false},"excerpt":{"rendered":"<p>Dobr\u00fd ve\u010der v\u0161em v\u00a0s\u00e1le. J\u00e1 jsem se o ud\u011blen\u00ed ceny od organiz\u00e1tor\u016f dov\u011bd\u011bl u\u017e p\u0159ed chv\u00edl\u00ed, tak jsem si stihl p\u0159ipravit stru\u010dn\u00fd, asi dvouhodinov\u00fd d\u011bkovn\u00fd projev. Tak abych s\u00a0n\u00edm za\u010dal, \u017ee.<\/p>\n","protected":false},"author":1,"featured_media":0,"comment_status":"open","ping_status":"open","sticky":false,"template":"","format":"standard","meta":{"ngg_post_thumbnail":0,"footnotes":""},"categories":[4],"tags":[],"class_list":["post-6309","post","type-post","status-publish","format-standard","hentry","category-hudba"],"_links":{"self":[{"href":"https:\/\/www.ladislavjakl.cz\/index.php?rest_route=\/wp\/v2\/posts\/6309","targetHints":{"allow":["GET"]}}],"collection":[{"href":"https:\/\/www.ladislavjakl.cz\/index.php?rest_route=\/wp\/v2\/posts"}],"about":[{"href":"https:\/\/www.ladislavjakl.cz\/index.php?rest_route=\/wp\/v2\/types\/post"}],"author":[{"embeddable":true,"href":"https:\/\/www.ladislavjakl.cz\/index.php?rest_route=\/wp\/v2\/users\/1"}],"replies":[{"embeddable":true,"href":"https:\/\/www.ladislavjakl.cz\/index.php?rest_route=%2Fwp%2Fv2%2Fcomments&post=6309"}],"version-history":[{"count":1,"href":"https:\/\/www.ladislavjakl.cz\/index.php?rest_route=\/wp\/v2\/posts\/6309\/revisions"}],"predecessor-version":[{"id":6317,"href":"https:\/\/www.ladislavjakl.cz\/index.php?rest_route=\/wp\/v2\/posts\/6309\/revisions\/6317"}],"wp:attachment":[{"href":"https:\/\/www.ladislavjakl.cz\/index.php?rest_route=%2Fwp%2Fv2%2Fmedia&parent=6309"}],"wp:term":[{"taxonomy":"category","embeddable":true,"href":"https:\/\/www.ladislavjakl.cz\/index.php?rest_route=%2Fwp%2Fv2%2Fcategories&post=6309"},{"taxonomy":"post_tag","embeddable":true,"href":"https:\/\/www.ladislavjakl.cz\/index.php?rest_route=%2Fwp%2Fv2%2Ftags&post=6309"}],"curies":[{"name":"wp","href":"https:\/\/api.w.org\/{rel}","templated":true}]}}