{"id":631,"date":"2010-11-01T16:33:20","date_gmt":"2010-11-01T15:33:20","guid":{"rendered":"http:\/\/www.ladislavjakl.cz\/?p=631"},"modified":"2010-11-01T16:33:20","modified_gmt":"2010-11-01T15:33:20","slug":"klausovo-pero-by-se-mohlo-nad-reformami-zadrhnout","status":"publish","type":"post","link":"https:\/\/www.ladislavjakl.cz\/?p=631","title":{"rendered":"Klausovo pero by se mohlo nad reformami zadrhnout"},"content":{"rendered":"<p><strong>Vladn\u00ed reformy, kter\u00e9 by m\u011bla sn\u011bmovna ve stavu legislativn\u00ed  nouze do konce roku schv\u00e1lit, mohou narazit na nesouhlas prezidenta. Ve  h\u0159e je toti\u017e nyn\u00ed tak\u00e9 \u00dastavn\u00ed soud. Pokud ten sv\u00fdm verdiktem zru\u0161\u00ed  jejich platnost, mohou p\u0159\u00ed\u0161t\u00ed rok nastat zmatky.<\/strong><\/p>\n<p><strong><!--more--><\/strong><\/p>\n<p>P\u0159edsedkyn\u011b sn\u011bmovny Miroslava N\u011bmcov\u00e1 vyhl\u00e1sila v p\u00e1tek na p\u0159\u00e1n\u00ed vl\u00e1dy  stav legislativn\u00ed nouze. Finan\u010dn\u00ed reformy ale je\u0161t\u011b nemaj\u00ed vyhr\u00e1no.  Krom\u011b \u00dastavn\u00edho soudu, na kter\u00fd se cht\u011bj\u00ed obr\u00e1tit soci\u00e1ln\u00ed demokrat\u00e9, je  ve h\u0159e je\u0161t\u011b podpis prezidenta.<\/p>\n<p>Dosud nikdo nehovo\u0159il o tom, \u017ee by liber\u00e1l V\u00e1clav Klaus kvapn\u011b schv\u00e1len\u00e9  z\u00e1kony sn\u011bmovn\u011b vr\u00e1til. Ov\u0161em m\u016f\u017ee se k\u00a0tomu naj\u00edt dobr\u00fd d\u016fvod.<\/p>\n<p>Kancel\u00e1\u0159 prezidenta republiky, jak \u0159ekl serveru Parlamentn\u00edListy.cz jej\u00ed  mluv\u010d\u00ed Radim Ochvat, sice \u201ed\u00edl\u010d\u00ed informace p\u0159ed samotn\u00fdm podpisem \u010di  vetem prezidenta republiky neposkytuje&#8220;, na druhou stranu je ov\u0161em  z\u0159ejm\u00e9, \u017ee prezident nebude m\u00edt lehk\u00e9 rozhodov\u00e1n\u00ed.<\/p>\n<p>&#8222;Institut legislativn\u00ed nouze by nem\u011bl b\u00fdt zneu\u017e\u00edv\u00e1n k protla\u010dov\u00e1n\u00ed  syst\u00e9mov\u00fdch zm\u011bn. Je ur\u010den pouze pro p\u0159\u00edpady akutn\u00ed pot\u0159eby operativn\u00edho  opat\u0159en\u00ed. Neum\u00edm bez bli\u017e\u0161\u00ed znalosti p\u0159edloh posoudit, zda nyn\u00ed jde ve  sn\u011bmovn\u011b o prvn\u00ed \u010di druh\u00fd p\u0159\u00edpad,&#8220; mysl\u00ed si Ladislav Jakl, \u0159editel  Politick\u00e9ho odboru prezidentovy kancel\u00e1\u0159e.<\/p>\n<p>A p\u0159esn\u011b v\u00a0tomto duchu bude uva\u017eovat \u00dastavn\u00ed soud nad p\u0159\u00edpadnou  st\u00ed\u017enost\u00ed soci\u00e1ln\u00edch demokrat\u016f. Prezident toti\u017e, a\u017e bude br\u00e1t pero do  ruky, mus\u00ed m\u00edt na pam\u011bti, \u017ee soud m\u016f\u017ee reformy zru\u0161it.<\/p>\n<p><strong>Zmatek? Nebylo by to poprv\u00e9 <\/strong><\/p>\n<p>Jeliko\u017e by se tak s\u00a0tak\u0159ka stoprocentn\u00ed pravd\u011bpodobnost\u00ed stalo a\u017e po  Nov\u00e9m roce, zru\u0161il by soud z\u00e1kony, je\u017e by v\u00a0t\u00e9 dob\u011b u\u017e platily &#8211; pokud  je vl\u00e1da chce m\u00edt \u00fa\u010dinn\u00e9 od za\u010d\u00e1tku roku, jak b\u00fdv\u00e1 zvykem.<\/p>\n<p>Pak by ov\u0161em nastal zmatek s\u00a0vracen\u00edm dan\u00ed a naopak vyd\u00e1v\u00e1n\u00edm p\u0159\u00edsp\u011bvk\u016f, kter\u00e9 nov\u011b ur\u010dily zru\u0161en\u00e9 z\u00e1kony.<\/p>\n<p>&#8222;A nebylo by to poprv\u00e9. Podobn\u00e9 v\u011bci u\u017e jsme za\u017eili,&#8220; dodala k\u00a0tomu pro  server Parlamentn\u00edListy.cz mluv\u010d\u00ed \u00dastavn\u00edho soudu Jana Pelcov\u00e1.<\/p>\n<p>Novely, kter\u00e9 chce vl\u00e1da b\u011bhem legislativn\u00ed nouze projednat, \u00fazce  souvisej\u00ed se st\u00e1tn\u00edm rozpo\u010dtem. Maj\u00ed zajistit takov\u00e1 \u00fasporn\u00e1 opat\u0159en\u00ed,  aby schodek rozpo\u010dtu v p\u0159\u00ed\u0161t\u00edm roce byl 135 miliard korun.<\/p>\n<p><strong>Jak u\u0161et\u0159it 135 miliard<br \/>\n<\/strong><br \/>\nVl\u00e1da p\u0159edlo\u017eila novelu z\u00e1kona o dan\u00edch z p\u0159\u00edjm\u016f, kter\u00e1 mimo jin\u00e9  zda\u0148uje plat prezidenta a ru\u0161\u00ed da\u0148ov\u00e9 osvobozen\u00ed n\u011bkter\u00fdch energetick\u00fdch  zdroj\u016f, jako jsou mal\u00e9 vodn\u00ed elektr\u00e1rny nebo fotovoltaick\u00e9 elektr\u00e1rny.  Z\u00e1kon tak\u00e9 sni\u017euje slevu na dani o stokorunu m\u011bs\u00ed\u010dn\u011b. Jde o opat\u0159en\u00ed  platn\u00e9 jen pro p\u0159\u00ed\u0161t\u00ed rok, kter\u00e9 m\u00e1 pomoci z\u00edskat pen\u00edze na n\u00e1pravu  povod\u0148ov\u00fdch \u0161kod.<\/p>\n<p>V soci\u00e1ln\u00ed oblasti chce vl\u00e1da omezit vypl\u00e1cen\u00ed porodn\u00e9ho jen na rodiny s  p\u0159\u00edjmy do 2,4n\u00e1sobku \u017eivotn\u00edho minima. Po\u010d\u00edt\u00e1 tak\u00e9 se zm\u011bnami ve  vypl\u00e1cen\u00ed rodi\u010dovsk\u00e9, se zru\u0161en\u00edm soci\u00e1ln\u00edho p\u0159\u00edplatku \u010di sn\u00ed\u017een\u00edm  p\u0159\u00edsp\u011bvku na p\u00e9\u010di v prvn\u00edm stupni ze dvou tis\u00edc na 800 korun.<\/p>\n<p>D\u00e1le chce zdanit p\u0159\u00edjmy ze stavebn\u00edho spo\u0159en\u00ed a sn\u00ed\u017eit p\u0159\u00edsp\u011bvky politick\u00fdm stran\u00e1m o p\u011bt procent.<\/p>\n<p>Stav legislativn\u00ed nouze, kter\u00fd umo\u017e\u0148uje sn\u011bmovn\u011b novelu z\u00e1kona zrychlen\u011b schv\u00e1lit i b\u011bhem jedin\u00e9ho dne bude rozhodnut\u00edm N\u011bmcov\u00e9 platit p\u0159\u00ed\u0161t\u00ed dva t\u00fddny, do 15. listopadu.<\/p>\n<p><a href=\"http:\/\/www.parlamentnilisty.cz\/parlament\/179721.aspx\" target=\"_blank\">ZDROJ<\/a><\/p>\n","protected":false},"excerpt":{"rendered":"<p>Vladn\u00ed reformy, kter\u00e9 by m\u011bla sn\u011bmovna ve stavu legislativn\u00ed nouze do konce roku schv\u00e1lit, mohou narazit na nesouhlas prezidenta. Ve h\u0159e je toti\u017e nyn\u00ed tak\u00e9 \u00dastavn\u00ed soud. Pokud ten sv\u00fdm verdiktem zru\u0161\u00ed jejich platnost, mohou p\u0159\u00ed\u0161t\u00ed rok nastat zmatky.<\/p>\n","protected":false},"author":1,"featured_media":0,"comment_status":"open","ping_status":"open","sticky":false,"template":"","format":"standard","meta":{"ngg_post_thumbnail":0,"footnotes":""},"categories":[11],"tags":[],"class_list":["post-631","post","type-post","status-publish","format-standard","hentry","category-ozvena"],"_links":{"self":[{"href":"https:\/\/www.ladislavjakl.cz\/index.php?rest_route=\/wp\/v2\/posts\/631","targetHints":{"allow":["GET"]}}],"collection":[{"href":"https:\/\/www.ladislavjakl.cz\/index.php?rest_route=\/wp\/v2\/posts"}],"about":[{"href":"https:\/\/www.ladislavjakl.cz\/index.php?rest_route=\/wp\/v2\/types\/post"}],"author":[{"embeddable":true,"href":"https:\/\/www.ladislavjakl.cz\/index.php?rest_route=\/wp\/v2\/users\/1"}],"replies":[{"embeddable":true,"href":"https:\/\/www.ladislavjakl.cz\/index.php?rest_route=%2Fwp%2Fv2%2Fcomments&post=631"}],"version-history":[{"count":2,"href":"https:\/\/www.ladislavjakl.cz\/index.php?rest_route=\/wp\/v2\/posts\/631\/revisions"}],"predecessor-version":[{"id":633,"href":"https:\/\/www.ladislavjakl.cz\/index.php?rest_route=\/wp\/v2\/posts\/631\/revisions\/633"}],"wp:attachment":[{"href":"https:\/\/www.ladislavjakl.cz\/index.php?rest_route=%2Fwp%2Fv2%2Fmedia&parent=631"}],"wp:term":[{"taxonomy":"category","embeddable":true,"href":"https:\/\/www.ladislavjakl.cz\/index.php?rest_route=%2Fwp%2Fv2%2Fcategories&post=631"},{"taxonomy":"post_tag","embeddable":true,"href":"https:\/\/www.ladislavjakl.cz\/index.php?rest_route=%2Fwp%2Fv2%2Ftags&post=631"}],"curies":[{"name":"wp","href":"https:\/\/api.w.org\/{rel}","templated":true}]}}