{"id":6326,"date":"2016-01-05T11:29:54","date_gmt":"2016-01-05T10:29:54","guid":{"rendered":"http:\/\/www.ladislavjakl.cz\/?p=6326"},"modified":"2016-01-05T11:29:54","modified_gmt":"2016-01-05T10:29:54","slug":"ladislav-jakl-mruceni-lidi-na-brusel-muze-brzy-prejit-v-pekny-hukot","status":"publish","type":"post","link":"https:\/\/www.ladislavjakl.cz\/?p=6326","title":{"rendered":"Ladislav Jakl: Mru\u010den\u00ed lid\u00ed na Brusel m\u016f\u017ee brzy p\u0159ej\u00edt v p\u011bkn\u00fd hukot"},"content":{"rendered":"<p><strong>N\u011bkte\u0159\u00ed ozna\u010duj\u00ed rok 2015 dokonce za nejslo\u017eit\u011bj\u0161\u00ed rok od sametov\u00e9 revoluce. Masov\u00e1 neleg\u00e1ln\u00ed migrace, ob\u010dansk\u00e1 v\u00e1lka na Ukrajin\u011b, S\u00fdrie, Turecko a ISIL, \u0159eck\u00e1 krize, teroristick\u00e9 \u00fatoky a hrozba jejich pokra\u010dov\u00e1n\u00ed\u2026 Byl podle v\u00e1s rok 2015 n\u011b\u010d\u00edm p\u0159elomov\u00fd?<\/strong><\/p>\n<p>Lid\u00e9 maj\u00ed \u010dasto sklon k\u00a0\u010demusi, co bych nazval \u201eaktu\u00e1ln\u011bdobocentrismem\u201c. Je to pocit, \u017ee zrovna te\u010f se d\u011bje n\u011bco, co tu nikdy nebylo. Pak uplynou l\u00e9ta a ta na\u0161e sou\u010dasn\u00e1 doba se z\u00a0del\u0161\u00ed perspektivy za\u0159ad\u00ed do jedn\u011bch z\u00a0mnoha podobn\u00fdch. Proto bych o p\u0159elomovosti \u00fapln\u011b nemluvil. A to hlavn\u011b je\u0161t\u011b ze dvou d\u016fvod\u016f.<\/p>\n<p><!--more--><\/p>\n<p><strong>A kter\u00e9 to jsou?<\/strong><\/p>\n<p>Jednak ob\u010dansk\u00e1 v\u00e1lka na Ukrajin\u011b. Ta zamrzla, hork\u00fd konflikt ustal, a a\u010d zdaleka nejde mluvit o stabilizaci, evidentn\u00ed uklidn\u011bn\u00ed tam je. Vyhovuje to tak vlastn\u011b v\u0161em krom\u011b kyjevsk\u00e9 vl\u00e1dy. USA i eurovl\u00e1dci u\u017e si necht\u011bj\u00ed p\u00e1lit prsty kv\u016fli tak pochybn\u00fdm \u201espojenc\u016fm\u201c, jako jsou ti, co jsou na Ukrajin\u011b nyn\u00ed u moci. Rusko je r\u00e1do, \u017ee po\u010det milionu ukrajinsk\u00fdch uprchl\u00edk\u016f u\u017e se u nich neroz\u0161i\u0159uje a mnoz\u00ed se dokonce vracej\u00ed dom\u016f na Donbas. Nav\u00edc rozhodn\u011b netou\u017eilo m\u00edt takov\u00e9 zmatky a anga\u017eovanost p\u016flky sv\u011bta u sv\u00fdch hranic. A separatist\u00e9 klidu vyu\u017e\u00edvaj\u00ed k\u00a0tomu, aby budovali nov\u00e9 struktury moci a spr\u00e1vy a vlastn\u011b t\u00edm ustavili na sv\u00e9m \u00fazem\u00ed nezvratiteln\u00fd z\u00e1rodek st\u00e1tnosti. Jen Kyjevu klid vad\u00ed, jednak na v\u00e1lku u\u017e nem\u016f\u017eou tak nahlas sv\u00e1d\u011bt rozvrat ve sv\u00e9 zemi, jednak se s\u00a0ka\u017ed\u00fdm dnem klidu zmen\u0161uje mo\u017enost revan\u0161e a obnovy nadvl\u00e1dy Kyjeva nad Donbasem. Druh\u00fdm d\u016fvodem dne\u0161n\u00ed \u201enep\u0159elomovosti\u201c je, \u017ee rozvrat S\u00fdrie, p\u0159\u00edklon Turecka k\u00a0velmocensk\u00fdm choutk\u00e1m, \u0159eck\u00e1 krize \u010di teroristick\u00e9 \u00fatoky, to v\u0161e, co jste vyjmenoval, navzdory sv\u00e9 v\u00e1\u017enosti nen\u00ed ni\u010d\u00edm p\u0159elomov\u011b nov\u00fdm, je to jen pokra\u010dov\u00e1n\u00ed dosavadn\u00edch neblah\u00fdch trend\u016f. Ale abych v\u00e1m dal v\u00a0n\u011b\u010dem zapravdu, v\u00a0jednom smyslu tu mo\u017en\u00e1 po\u010d\u00e1tek zlomu patrn\u00fd je. A ten vid\u00edm p\u0159eci jen v\u00a0nad\u011bjn\u00e9m posunu ve ve\u0159ejn\u00e9m m\u00edn\u011bn\u00ed v\u00a0zem\u00edch EU, co\u017e bylo vid\u011bt i na n\u011bkter\u00fdch volebn\u00edch v\u00fdsledc\u00edch. Dosud na sob\u011b ve\u0159ejnost nech\u00e1vala \u0161t\u00edpat d\u0159\u00edv\u00ed, te\u010f u\u017e se za\u010d\u00edn\u00e1 o\u0161\u00edvat a mru\u010det na Brusel, \u017ee takhle teda u\u017e ne. T\u0159eba to mru\u010den\u00ed v\u00a0p\u0159\u00ed\u0161t\u00edch dvou t\u0159ech letech p\u0159ejde v\u00a0p\u011bkn\u00fd hukot. Ale pozor, ten nemus\u00ed hned p\u0159in\u00e9st zm\u011bny pouze k\u00a0lep\u0161\u00edmu, nejd\u0159\u00edv se bude chv\u00edli bourat, aby se pak mohlo stav\u011bt.<\/p>\n<p><strong>T\u00e9matem \u010d\u00edslo jedna se stala migra\u010dn\u00ed krize. Do Evropy se dost\u00e1vaj\u00ed stovky tis\u00edc lid\u00ed, o kter\u00fdch \u00fadajn\u011b nic nev\u00edme. Kdy\u017e se s odstupem pod\u00edv\u00e1me na pr\u016fb\u011bh krize v roce 2015, co lze pova\u017eovat za \u00fasp\u011bch v jedn\u00e1n\u00ed Evropsk\u00e9 unie v tomto kontextu a v \u010dem naopak evropsk\u00e9 elity selhaly?<\/strong><\/p>\n<p>\u00dasp\u011bch v\u00a0jedn\u00e1n\u00ed EU? Ten nevid\u00edm \u017e\u00e1dn\u00fd ani v\u00a0legraci. Naopak, euroelity jsou zcela zaslepen\u00e9, po\u0159\u00e1d jim nic nedoch\u00e1z\u00ed, ka\u017edou krizi cht\u011bj\u00ed \u0159e\u0161it dal\u0161\u00ed centralizac\u00ed a uta\u017een\u00edm \u0161roub\u016f a ka\u017edou r\u00e1nu l\u00e9\u010dit sol\u00ed. A v\u00a0\u010dem selhaly? Ve v\u0161em. Zcela rezignovaly na pravidla schengensk\u00e9ho prostoru, bez politick\u00e9ho mand\u00e1tu po\u0161lapaly Dublinsk\u00e9 dohody, \u00fapln\u011b otev\u0159ely vn\u011bj\u0161\u00ed hranici EU, h\u00e1zely klacky pod nohy zem\u00edm, kter\u00e9 cht\u011bly mezin\u00e1rodn\u00ed pr\u00e1vo dodr\u017eovat, a nijak nep\u0159izp\u016fsobily sv\u00e9 nesmysln\u00e9 soci\u00e1ln\u00ed a imigra\u010dn\u00ed mechanismy nov\u00e9 situaci. A nejen to. Jsem p\u0159esv\u011bd\u010den, \u017ee dva miliony neleg\u00e1ln\u00edch p\u0159ist\u011bhovalc\u016f do zem\u00ed EU tyhle \u201eevropsk\u00e9 elity\u201c nejen bezmocn\u011b pou\u0161t\u011bj\u00ed, ale dokonce aktivn\u011b a rafinovan\u011b jejich p\u0159esun organizuj\u00ed. To ony jsou t\u011bmi p\u0159evad\u011b\u010di.<\/p>\n<p><strong>V souvislosti s migra\u010dn\u00ed kriz\u00ed se i \u010desk\u00e1 politick\u00e1 sc\u00e9na za\u010dala polarizovat. Atmosf\u00e9ra posledn\u00edch dn\u00ed alespo\u0148 z hlediska m\u00e9di\u00ed p\u016fsob\u00ed tak, \u017ee ka\u017ed\u00fd v t\u00e9to zemi nen\u00e1vid\u00ed Zemana, a to v\u010detn\u011b premi\u00e9ra republiky, kter\u00fd ho obvinil z \u0161\u00ed\u0159en\u00ed nen\u00e1visti. Zeman pr\u00fd rozd\u011bluje n\u00e1rod, spol\u010duje se s extremisty. Je tomu opravdu tak? A bude takov\u00e9 n\u00e1zorov\u00e9 rozd\u011blen\u00ed ve spole\u010dnosti gradovat?<\/strong><\/p>\n<p>J\u00e1 s\u00a0prezidentem Zemanem v\u00a0mnoha v\u011bcech nesouhlas\u00edm a ani nesd\u00edl\u00edm jeho sil\u00e1ckou r\u00e9toriku ohledn\u011b zahrani\u010dn\u00edho vojensk\u00e9ho anga\u017em\u00e1 EU a NATO. Co se ale t\u00fd\u010de obav z\u00a0dopad\u016f um\u011ble organizovan\u00e9 masov\u00e9 vlny ileg\u00e1ln\u00edch p\u0159ist\u011bhovalc\u016f, v\u00a0tom m\u00e1 pravdu a tak\u00e9 v\u00a0tom vyjad\u0159uje p\u0159evl\u00e1daj\u00edc\u00ed postoj norm\u00e1ln\u00edch lid\u00ed. Nen\u00e1vist \u0161\u00ed\u0159\u00ed sp\u00ed\u0161 ti, co se nikdy nesm\u00ed\u0159ili s\u00a0jeho zvolen\u00edm.<\/p>\n<p><strong>To sam\u00e9 se dle mnoh\u00fdch d\u011blo v\u00a0celoevropsk\u00e9m kontextu. Jakoby se \u010d\u00e1st Evropan\u016f odklonila od dosavadn\u00edch elitn\u00edch politik\u016f typu Merkelov\u00e9 nebo p\u0159edstavitel\u016f EU a p\u0159iklonila se k\u00a0euroskeptick\u00fdm a antiuprchlick\u00fdm sil\u00e1m. Je to zdrav\u00fd v\u00fdvoj? Jde o reakci na konkr\u00e9tn\u00ed situaci, nebo na dlouhodob\u011b neut\u011b\u0161en\u00fd stav sou\u017eit\u00ed men\u0161in v\u00a0Evrop\u011b s\u00a0v\u011bt\u0161inou? Objevuj\u00ed se t\u00e9\u017e n\u00e1zory, \u017ee ke \u201ekrajn\u00ed pravici\u201c se klon\u00ed lid\u00e9, kter\u00fdm se zd\u00e1, \u017ee je p\u0159estala h\u00e1jit b\u011b\u017en\u00e1 levice. Co na to v\u0161e \u0159\u00edci a co v\u00a0t\u00e9 souvislosti \u010dekat p\u0159\u00ed\u0161t\u00ed rok? Bude \u0159ada voleb, mluv\u00ed se i konkr\u00e9tn\u011b o p\u0159e\u017eit\u00ed Angely Merkelov\u00e9, vzestupu Marine Le Penov\u00e9&#8230;<\/strong><\/p>\n<p>Nesn\u00e1\u0161\u00edm sou\u010dasnou m\u00f3du souslov\u00ed \u201ekrajn\u00ed pravice\u201c. Na n\u00e1rodn\u011b konzervativn\u00edch sil\u00e1ch toho moc pravicov\u00e9ho nen\u00ed (zejm\u00e9na ohledn\u011b ekonomick\u00e9ho programu) a odkazovat n\u011bkam na okraj ozna\u010den\u00edm \u201ekrajn\u00ed\u201c lze snad n\u011bjakou okrajovou skupinu a ne podstatnou \u010d\u00e1st ve\u0159ejnosti. Dost jsem se nasm\u00e1l, kdy\u017e jsem prvn\u00edm kole francouzsk\u00fdch zemsk\u00fdch voleb sly\u0161el ve zpr\u00e1v\u00e1ch na Nov\u011b dvakr\u00e1t obrat \u201eFrancie je v\u00a0\u0161oku.\u201c Kter\u00e1 Francie byla v\u00a0\u0161oku? Ta jej\u00ed nejv\u011bt\u0161\u00ed \u010d\u00e1st, kter\u00e1 zvolila v\u00a0prvn\u00edm kole v\u00edt\u011bznou N\u00e1rodn\u00ed frontu? Ne, v\u00a0\u0161oku bylo jen p\u00e1r pis\u00e1lk\u016f agentur, kte\u0159\u00ed dod\u00e1vaj\u00ed televiz\u00edm sv\u00e9 anga\u017eovan\u00e9 report\u00e1\u017ee a kte\u0159\u00ed neprosto nech\u00e1pou demokracii. Ale je\u0161t\u011b k\u00a0va\u0161\u00ed ot\u00e1zce. Ne, probuzen\u00ed alternativn\u00edch sil ve ve\u0159ejnosti zem\u00ed EU nen\u00ed \u017e\u00e1dn\u00fdm n\u00e1hl\u00fdm v\u00fdkyvem, zp\u016fsoben\u00fdm n\u011bjakou kr\u00e1tkodobou kriz\u00ed. Je to logick\u00fd d\u016fsledek dlouhodob\u00e9ho ignorov\u00e1n\u00ed z\u00e1jm\u016f, n\u00e1zor\u016f, n\u00e1lad a pot\u0159eb \u0161irok\u00e9 ve\u0159ejnosti v\u0161emi t\u011bmi Merklov\u00fdmi, Junckery \u010di Hollandy. A to zdaleka nejen ve v\u011bcech migrace. Proto bude toto probouzen\u00ed pokra\u010dovat. Ale tihle eurot\u00fdpci budou po\u0159\u00e1d v\u00a0prvn\u00edm pat\u0159e rokovat nad sm\u011brnic\u00ed o spr\u00e1vn\u00e9 velikosti dudl\u00edk\u016f, kdy\u017e v\u00a0p\u0159\u00edzem\u00ed se u\u017e bude ustavovat nov\u011b zrozen\u00e1 moc.<\/p>\n<p><strong>Stabilitou Evropsk\u00e9 unie zat\u0159\u00e1sla tak\u00e9 dluhov\u00e1 krize v \u0158ecku, kdy se rozhodovalo o jej\u00edm dal\u0161\u00edm p\u016fsoben\u00ed v euroz\u00f3n\u011b. V\u00fdsledkem je, \u017ee \u0158ecko obdr\u017eelo p\u0159eklenovac\u00ed \u00fav\u011br, z\u016fst\u00e1v\u00e1 v euroz\u00f3n\u011b, zav\u00e1d\u00ed reformy. Jak hodnotit tento stav? P\u0159inese to vy\u0159e\u0161en\u00ed probl\u00e9mu \u0158ecka? Z\u016fstane \u0158ecko v\u00a0euroz\u00f3n\u011b, a pokud ano, je tomu tak dob\u0159e?<\/strong><\/p>\n<p>O tom u\u017e jsem toho napsal hodn\u011b. Proto jen stru\u010dn\u011b. \u0158ecko nem\u00e1 probl\u00e9m. EU m\u00e1 probl\u00e9m, euro m\u00e1 probl\u00e9m. Euro je od za\u010d\u00e1tku chybn\u00fdm projektem. A dokud nebude zni\u010deno, bude \u0161kodit jednou \u0158ek\u016fm, z\u00edtra t\u0159eba Ir\u016fm, Belgi\u010dan\u016fm, \u0160pan\u011bl\u016fm, Ital\u016fm, Francouz\u016fm\u2026\u00a0 Pry\u010d s\u00a0n\u00edm a probl\u00e9m bude vy\u0159e\u0161en. Nejen ten \u0159eck\u00fd. Jin\u00e9 \u0159e\u0161en\u00ed neexistuje, t\u0159eba ty v\u00e1mi zmi\u0148ovan\u00e9 vnucen\u00e9 reformy \u0158ecko sp\u00ed\u0161e brzd\u00ed.<\/p>\n<p><strong>Jak se zm\u011bnilo v uplynul\u00e9m roce postaven\u00ed Ruska ve sv\u011bt\u011b a jak situaci ovlivnily ned\u00e1vn\u00e9 ud\u00e1losti jako konflikt s Tureckem nebo bombardov\u00e1n\u00ed c\u00edl\u016f v S\u00fdrii na radik\u00e1ly z Isl\u00e1msk\u00e9ho st\u00e1tu?<\/strong><\/p>\n<p>To nen\u00ed tak snadn\u00e9. Zaprv\u00e9 Rusko nutn\u011b pot\u0159ebuje pokra\u010dovat v\u00a0ekonomick\u00fdch reform\u00e1ch. Mus\u00ed mnohem v\u00edce uvolnit ostatn\u00ed p\u0159ek\u00e1\u017eky voln\u00e9mu trhu. Jinak svou ekonomiku nerozh\u00fdbe, ani p\u0159\u00edpadn\u00fd n\u00e1r\u016fst ceny ropy to s\u00e1m o sob\u011b neza\u0159\u00edd\u00ed. Mezin\u00e1rodn\u00ed postaven\u00ed Ruska ale naopak nepochybn\u011b pos\u00edlilo, a to d\u00edky konzistentn\u00ed a trp\u011bliv\u00e9 politice. M\u00e1m ale jist\u00e9 pochybnosti o syrsk\u00e9m anga\u017em\u00e1, proto\u017ee z\u00a0principu v\u017edy m\u00edv\u00e1m pochybnosti o tom, \u017ee lze zven\u010d\u00ed n\u011bjak p\u0159erovnat v\u00fdvoj v\u00a0zemi, kter\u00fd je nesen svou vlastn\u00ed vnit\u0159n\u00ed logikou. Rusy ale ch\u00e1pu v\u00a0tom, \u017ee s\u00a0ohledem na silnou muslimskou men\u0161inu u sebe doma a na anga\u017eov\u00e1n\u00ed n\u011bkter\u00fdch radik\u00e1l\u016f z\u00a0t\u00e9to men\u0161iny na Bl\u00edzk\u00e9m v\u00fdchod\u011b se c\u00edt\u00ed na tamn\u00edm v\u00fdvoji zainteresov\u00e1no. V\u00a0tom je na tom ostatn\u011b podobn\u011b jako t\u0159eba Britov\u00e9, Francouzi \u010di N\u011bmci, jejich\u017e tis\u00edce ob\u010dan\u016f bojuj\u00ed v\u00a0\u0159ad\u00e1ch muslimsk\u00fdch extremist\u016f v\u00a0Ir\u00e1ku i v\u00a0S\u00fdrii. Obecn\u011b by ale zahrani\u010dn\u00ed anga\u017em\u00e1 evropsk\u00fdch mocnost\u00ed nem\u011blo p\u0159es\u00e1hnout pr\u00e1v\u011b tuto motivaci. Je naivn\u00ed si myslet, \u017ee lze n\u011bjak vybombardovat muslimsk\u00fd radikalismus. Ten je objektivn\u00ed realitou a odr\u00e1\u017e\u00ed p\u0159\u00e1n\u00ed mnoha milion\u016f Arab\u016f. Faktem ale je, \u017ee dokud vl\u00e1dli ve sv\u00fdch zem\u00edch Mubarak, Kadd\u00e1f\u00ed, Husajn a Asad, m\u011bli tyto fanatick\u00e9 s\u00edly pod kontrolou. A kdo tyto stabiln\u00ed re\u017eimy naprosto hloup\u011b a\u017e zlo\u010dinn\u011b rozvr\u00e1til, ten nese po\u0159\u00e1dnou odpov\u011bdnost a m\u011bl by se k\u00a0n\u00ed n\u011bjak postavit. Ale ne tak, \u017ee bude m\u00edt ambice srovnat tamn\u00ed sv\u011bt do lajny podle sv\u00e9ho, proto\u017ee pr\u00e1v\u011b t\u00edmhle p\u0159\u00edstupem v\u0161e vyvolal.<\/p>\n<p><strong>B\u00fdval\u00fd dlouholet\u00fd novin\u00e1\u0159 Mlad\u00e9 fronty, odborn\u00edk na rusko-ukrajinsk\u00e9 vztahy i Francii, Milan Syru\u010dek uvedl v rozhovoru pro ParlamentniListy.cz: \u201eJsem vnit\u0159n\u011b p\u0159esv\u011bd\u010den, \u017ee vlna uprchl\u00edk\u016f nebyla \u017eiveln\u00e1, ale byla to prvn\u00ed etapa tohoto boje, za n\u00ed\u017e n\u00e1sledovala druh\u00e1 etapa, teroristick\u00e9 \u00fatoky. Pot\u00e9 m\u016f\u017ee p\u0159ij\u00edt t\u0159et\u00ed etapa, kter\u00e1 zas\u00e1hne t\u0159eba i USA; to zase z hlediska mocensk\u00e9 pozice. Je to tedy ideologick\u00fd boj, kter\u00fd nepot\u0159ebuje sofistikovan\u00e9 zbran\u011b, ale fanatiky.\u201c Co si o takov\u00e9 klasifikaci mysl\u00edte?<\/strong><\/p>\n<p>Jist\u011b\u017ee ta vlna nebyla \u017eiveln\u00e1, to u\u017e jsem \u0159\u00edkal. Byla za prv\u00e9 iniciov\u00e1na rozvratem pom\u011br\u016f v\u00a0tamn\u00edch zem\u00edch zven\u010d\u00ed, a za druh\u00e9 aktivn\u011b organizov\u00e1na evropsk\u00fdmi vl\u00e1dami a Bruselem. I pokud tato politika okam\u017eit\u011b skon\u010d\u00ed, bude m\u00edt neblah\u00fd v\u00fdvoj jistou setrva\u010dnost a bude d\u00e1le eskalovat. Ale pokud dokonce tahle zni\u010duj\u00edc\u00ed politika bude pokra\u010dovat d\u00e1l, budou \u017e\u00edt p\u0159\u00ed\u0161t\u00ed generace u\u017e v\u00a0\u00fapln\u011b jin\u00e9m sv\u011bt\u011b. V\u00a0podstatn\u011b hor\u0161\u00edm.<\/p>\n<p><strong>Abychom ekonomick\u00e1 t\u00e9mata pojali \u0161\u00ed\u0159eji&#8230; Probouz\u00ed se ve st\u00ednu migra\u010dn\u00ed krize nad\u011bjn\u011b ekonomika EU a USA, nebo st\u00e1le sm\u011b\u0159ujeme ke struktur\u00e1ln\u00edmu pr\u016f\u0161vihu \u2013 \u00fat\u011bk pracovn\u00edch m\u00edst na V\u00fdchod, dal\u0161\u00ed ztr\u00e1ty d\u00edky robotizaci a automatizaci, sni\u017eov\u00e1n\u00ed \u017eivotn\u00ed \u00farovn\u011b, zadlu\u017een\u00ed\u2026<\/strong><\/p>\n<p>To je moc v\u011bc\u00ed najednou. \u00dat\u011bk pracovn\u00edch m\u00edst na V\u00fdchod \u017e\u00e1dnou katastrofou nen\u00ed, je to norm\u00e1ln\u00ed projev p\u016fsoben\u00ed principu komparativn\u00edch v\u00fdhod. Marxist\u00e9 by tomu \u0159ekli \u201eglob\u00e1ln\u00ed d\u011blba pr\u00e1ce\u201c. Vyd\u011blaj\u00ed na tom v\u0161ichni. Robotizace a automatizace ur\u010dit\u011b tak\u00e9 \u017e\u00e1dnou hrozbou nen\u00ed, pokud ov\u0161em t\u0159eba takovou Merkelovou a Obamu nevym\u011bnili nen\u00e1padn\u011b p\u0159ed p\u00e1r lety za roboty. Hrozbou je na\u0161e mizern\u00e1 efektivita ekonomiky, zp\u016fsoben\u00e1 sam\u00fdmi z\u00e1kazy, p\u0159\u00edkazy, normami, ekologick\u00fdmi nesmysly, soci\u00e1ln\u00edmi standardy, kv\u00f3tami, \u00fadajn\u00fdmi ochranami spot\u0159ebitel\u016f a v\u0161udyp\u0159\u00edtomnou buzerac\u00ed v\u0161eho tvo\u0159iv\u00e9ho. To se ale nezm\u011bn\u00ed, pokud si budou lid\u00e9 myslet, \u017ee dobro vznik\u00e1 z\u00e1kazem a poch\u00e1z\u00ed od st\u00e1tu, zat\u00edmco sv\u00fdmi z\u00e1jmy motivovan\u00fd soukromn\u00edk je podez\u0159el\u00fdm elementem, kter\u00e9ho je t\u0159eba hl\u00eddat od r\u00e1na do ve\u010dera a pro jistotu i v\u00a0noci.<\/p>\n<p><strong>Po ekonomick\u00e9 str\u00e1nce pr\u00fd p\u0159edb\u00edh\u00e1 Spojen\u00e9 st\u00e1ty \u010c\u00edna. Nap\u0159\u00edklad podle politologa Oskara Krej\u010d\u00edho: \u201eje st\u0159\u00edd\u00e1n\u00ed hegemona nejcitliv\u011bj\u0161\u00ed obdob\u00ed v mezin\u00e1rodn\u00edch vztaz\u00edch, kdy nejv\u00edce hroz\u00ed velk\u00e1 v\u00e1lka.\u201c Jak se ekonomick\u00e1 s\u00edla \u010di slabost Spojen\u00fdch st\u00e1t\u016f m\u016f\u017ee projevit na mezin\u00e1rodn\u00edch vztaz\u00edch?<\/strong><\/p>\n<p>Tenhle proces je nevyhnuteln\u00fd. \u010c\u00edna vl\u00e1dla ekonomicky sv\u011btu po v\u011bt\u0161inu lidsk\u00fdch d\u011bjin a jist\u011b se k\u00a0tomu zase vr\u00e1t\u00ed. Mus\u00ed k\u00a0tomu ale vy\u0159e\u0161it spousty vnit\u0159n\u00edch probl\u00e9m\u016f, t\u0159eba uvolnit pohyb pracovn\u00ed s\u00edly. Pro n\u00e1s to \u017e\u00e1dn\u00e1 hrozba nen\u00ed, bohat\u00fd obchodn\u00ed partner je dobr\u00fd z\u00e1kazn\u00edk i dodavatel, pop\u0159\u00edpad\u011b investor \u010di m\u00edsto pro na\u0161e investice. Mus\u00edme ale dr\u017eet krok a splnit si sv\u00e9 dom\u00e1c\u00ed \u00fakoly, p\u0159edev\u0161\u00edm deregulovat svou ekonomiku. K\u00a0tomu by nejlep\u0161\u00ed cestou bylo zru\u0161en\u00ed dikt\u00e1tu Evropsk\u00e9 unie.<\/p>\n<p><strong>Jak moc ovlivn\u00ed glob\u00e1ln\u00ed v\u00fdvoj v\u00fdsledky, ale i pr\u016fb\u011bh a p\u0159edvolebn\u00ed kampa\u0148 prezidentsk\u00fdch voleb ve Spojen\u00fdch st\u00e1tech americk\u00fdch? Vyhraje \u201enorm\u00e1ln\u00ed\u201c kandid\u00e1t, nebo t\u0159eba Donald Trump \u010di Bernie Sanders?<\/strong><\/p>\n<p>Je brzo na tyhle p\u0159edpov\u011bdi. Ale \u010dasto brzd\u00edm nem\u00edstn\u00fd optimismus sv\u00fdch p\u0159\u00e1tel, \u017ee po jednom z\u00a0nejhor\u0161\u00edch prezident\u016f v\u00a0d\u011bjin\u00e1ch, kter\u00fdm Obama ur\u010dit\u011b je, bude americk\u00fd voli\u010d pou\u010den a zvol\u00ed kone\u010dn\u011b n\u011bco jin\u00e9ho. Ob\u00e1v\u00e1m se ale, \u017ee pou\u010den zdaleka nen\u00ed a \u017ee rozlept\u00e1n\u00ed americk\u00e9 spole\u010dnosti je za posledn\u00edch n\u011bkolik desetilet\u00ed tak hlubok\u00e9, \u017ee t\u011bch lekc\u00ed bude pot\u0159ebovat je\u0161t\u011b v\u00edc. Proto nemysl\u00edm, \u017ee p\u0159\u00ed\u0161t\u00ed prezident USA bude dramaticky lep\u0161\u00ed, ne\u017e ten sou\u010dasn\u00fd. M\u00e1m strach, \u017ee m\u016f\u017ee b\u00fdt je\u0161t\u011b hor\u0161\u00ed, i kdy\u017e to vypad\u00e1, \u017ee hor\u0161\u00ed to b\u00fdt u\u017e nem\u016f\u017ee.<\/p>\n<p><strong>Jak\u00e1 je va\u0161e progn\u00f3za budouc\u00edho v\u00fdvoje Evropy v roce 2016? Porad\u00edme si s migra\u010dn\u00ed kriz\u00ed nebo se nakonec staneme ob\u011bt\u00ed d\u017eih\u00e1du a evropsk\u00e1 civilizace nastoup\u00ed cestu k postupn\u00e9mu z\u00e1niku a sp\u00e1ch\u00e1me sebevra\u017edu, jak varuj\u00ed n\u011bkte\u0159\u00ed analytici?<\/strong><\/p>\n<p>Nemysl\u00edm, \u017ee zrovna rok 2016 bude v\u00a0tomto smyslu koncem d\u011bjin \u010di za\u010d\u00e1tkem nov\u00e9ho letopo\u010dtu. Jen se sou\u010dasn\u00e9 negativn\u00ed trendy a krize je\u0161t\u011b prohloub\u00ed. A budou se prohlubovat tak dlouho, dokud si lid\u00e9 neuv\u011bdom\u00ed, \u017ee to oni sami si takov\u00fd zp\u016fsob vl\u00e1dy objedn\u00e1vaj\u00ed dnes a denn\u011b sv\u00fdmi n\u00e1zory a n\u00e1roky.<\/p>\n<p><strong>Kdo se stal z\u00a0va\u0161eho pohledu nejv\u00fdrazn\u011bj\u0161\u00ed figurou \u010desk\u00e9 politick\u00e9 sc\u00e9ny a pro\u010d? Do jak\u00e9 m\u00edry splnil o\u010dek\u00e1v\u00e1n\u00ed, anebo naopak zklamal prezident Milo\u0161 Zeman, Andrej Babi\u0161, Bohuslav Sobotka, Miroslav Kalousek<\/strong>?<\/p>\n<p>Nejv\u00fdrazn\u011bj\u0161\u00ed figurou je nepochybn\u011b prezident Zeman. To \u0159\u00edk\u00e1m i trochu se z\u00e1vist\u00ed, proto\u017ee n\u00e1m se nikdy ani ze setiny nepoda\u0159ilo, aby m\u00e9dia o prezidentu Klausovi referovala tak bohat\u011b, jako dnes o Zemanovi. Jist\u011b, jde jim v\u00edc na ruku. Ale tak\u00e9 v\u00a0tomto smyslu asi n\u011bco um\u00ed l\u00edp.<\/p>\n<p><strong>Kdo na politick\u00e9 sc\u00e9n\u011b p\u0159\u00ed\u0161t\u00ed rok pos\u00edl\u00ed, kdo propadne? A\u0165 u\u017e d\u00edky krajsk\u00fdm volb\u00e1m, nebo p\u0159\u00edpadn\u00fdm ot\u0159es\u016fm ve vl\u00e1dn\u00ed koalici, nebo v\u00fdvoji ve sv\u011bt\u011b? Babi\u0161, \u010cSSD, komunist\u00e9 a radik\u00e1ln\u00ed levice, protievropsk\u00e1 a protiimigra\u010dn\u00ed pravice (kter\u00e1?), proevropsk\u00e1 pravice, n\u011bkdo jin\u00fd\u2026?<\/strong><\/p>\n<p>Nejd\u0159\u00edv se pozastav\u00edm nad t\u00edm v\u00fdrazem \u201eprotievropsk\u00e1\u201c. Za protievropsk\u00e9ho b\u00fdv\u00e1 m\u00f3dn\u011b ozna\u010den ka\u017ed\u00fd kritik fanatick\u00e9ho bruselocentrismu. Ale Evropsk\u00e1 komise, to p\u0159ece nen\u00ed Evropa ale sebranka byrokrat\u016f. Protievropsk\u00fd m\u016f\u017ee b\u00fdt leda ten, kdo nen\u00e1vid\u00ed celou Evropu jako kontinent a cht\u011bl by, aby to tu bylo jako v\u00a0Africe nebo kde. Ale k\u00a0ot\u00e1zce. P\u0159\u00e1l bych si vzestup Svobodn\u00fdch, ale to by museli je\u0161t\u011b v\u00edce vn\u00edmat aktu\u00e1ln\u00ed t\u00e9mata a v\u00edc rozum\u011bt z\u00e1jm\u016fm, pot\u0159eb\u00e1m a jazyku norm\u00e1ln\u00edch lid\u00ed. Zbytek politick\u00e9 sc\u00e9ny m\u011b moc nezaj\u00edm\u00e1. Bu\u010f jsou to oligarchov\u00e9, kte\u0159\u00ed st\u00e1t jen doj\u00ed, nebo socialist\u00e9 r\u016fzn\u00fdch barev, kte\u0159\u00ed doj\u00ed da\u0148ov\u00e9ho poplatn\u00edka, aby mu za jeho pen\u00edze vnutili dobro podle sv\u00fdch p\u0159edstav. A v\u0161ichni jsou to vlezdobruselist\u00e9 a eurohuje\u0159i.<\/p>\n<p><strong>N\u011bkte\u0159\u00ed politici a publicist\u00e9 n\u00e1s stra\u0161\u00ed, \u017ee n\u00e1m, \u010cech\u016fm, hroz\u00ed ztr\u00e1ta svobody. Prstem ukazuj\u00ed zejm\u00e9na na Andreje Babi\u0161e a Milo\u0161e Zemana. P\u0159ibl\u00ed\u017e\u00ed se p\u0159\u00ed\u0161t\u00ed rok cosi takov\u00e9ho?<\/strong><\/p>\n<p>Svobodu p\u0159ece ztr\u00e1c\u00edme skoro s ka\u017ed\u00fdm nov\u00fdm z\u00e1konem. Za mnoh\u00fdmi t\u011bmi z\u00e1kony stoj\u00ed Babi\u0161, za jin\u00fdmi Lidov\u00fd d\u016fm, za dal\u0161\u00edmi rozs\u00e9va\u010di dobra nap\u0159\u00ed\u010d stranami. Prezident Zeman v\u00a0tom hraje pasivn\u00ed roli, u\u017e s\u00a0ohledem na sv\u00e9 kompetence. M\u011bl by ale ty d\u011bsn\u00e9 z\u00e1kony \u010dast\u011bji vracet, jen\u017ee jemu vyhovuje b\u00fdt v\u00a0co nejv\u00edce v\u011bcech s\u00a0vl\u00e1dn\u00ed v\u011bt\u0161inou na jedn\u00e9 lodi.<\/p>\n<p><strong>\u010cas od \u010dasu padne term\u00edn \u201ev\u00e1lka\u201c. A\u0165 u\u017e sv\u011btov\u00e1, nebo lok\u00e1ln\u00ed. Sl\u00fdchali jsme, \u017ee Rusko m\u016f\u017ee napadnout Pobalt\u00ed. Amerika Rusko. \u010c\u00edna Ameriku. Amerika \u010c\u00ednu. \u00cdr\u00e1n Izrael. Izrael \u00cdr\u00e1n\u2026 P\u0159ibl\u00ed\u017e\u00ed se na z\u00e1klad\u011b d\u011bj\u016f p\u0159\u00ed\u0161t\u00edho roku n\u011bco z\u00a0toho? Nebo lze o\u010dek\u00e1vat uklidn\u011bn\u00ed v\u00a0S\u00fdrii \u010di na Ukrajin\u011b?<\/strong><\/p>\n<p>Velk\u00e1 v\u00e1lka nebude. Od toho tu m\u00e1me u\u017e 70 let jadern\u00e9 zbran\u011b, to si ka\u017ed\u00fd rozmysl\u00ed. Stovky mal\u00fdch v\u00e1lek ale prob\u00edhat budou. \u010c\u00e1sti z\u00a0nich br\u00e1nit nelze a mo\u017en\u00e1 to ani nen\u00ed spr\u00e1vn\u00e9, sv\u011bt se v\u017edy vyv\u00edjel v\u00a0konfliktech z\u00e1jm\u016f. Velkou \u010d\u00e1st t\u011bchto konflikt\u016f ale vyvol\u00e1vaj\u00ed daleko od sv\u00fdch zem\u00ed velc\u00ed glob\u00e1ln\u00ed hr\u00e1\u010di. T\u00edm ale ni\u010d\u00ed stabilitu cel\u00e9ho sv\u011bta a v\u00a0n\u011bjak\u00e9 podob\u011b na to sami doplat\u00ed. A vlastn\u011b u\u017e dopl\u00e1cej\u00ed. A my s\u00a0nimi.<em>\u00a0<\/em><\/p>\n<p><em>Za Parlamentn\u00ed listy se ptal Luk\u00e1\u0161 Pet\u0159\u00edk. Rozhovor byl veden 9. prosince 2015.<\/em><\/p>\n","protected":false},"excerpt":{"rendered":"<p>N\u011bkte\u0159\u00ed ozna\u010duj\u00ed rok 2015 dokonce za nejslo\u017eit\u011bj\u0161\u00ed rok od sametov\u00e9 revoluce. Masov\u00e1 neleg\u00e1ln\u00ed migrace, ob\u010dansk\u00e1 v\u00e1lka na Ukrajin\u011b, S\u00fdrie, Turecko a ISIL, \u0159eck\u00e1 krize, teroristick\u00e9 \u00fatoky a hrozba jejich pokra\u010dov\u00e1n\u00ed\u2026 Byl podle v\u00e1s rok 2015 n\u011b\u010d\u00edm p\u0159elomov\u00fd? Lid\u00e9 maj\u00ed \u010dasto sklon k\u00a0\u010demusi, co bych nazval \u201eaktu\u00e1ln\u011bdobocentrismem\u201c. Je to pocit, \u017ee zrovna te\u010f se d\u011bje n\u011bco, [&hellip;]<\/p>\n","protected":false},"author":1,"featured_media":0,"comment_status":"open","ping_status":"open","sticky":false,"template":"","format":"standard","meta":{"ngg_post_thumbnail":0,"footnotes":""},"categories":[13],"tags":[],"class_list":["post-6326","post","type-post","status-publish","format-standard","hentry","category-rozhovory"],"_links":{"self":[{"href":"https:\/\/www.ladislavjakl.cz\/index.php?rest_route=\/wp\/v2\/posts\/6326","targetHints":{"allow":["GET"]}}],"collection":[{"href":"https:\/\/www.ladislavjakl.cz\/index.php?rest_route=\/wp\/v2\/posts"}],"about":[{"href":"https:\/\/www.ladislavjakl.cz\/index.php?rest_route=\/wp\/v2\/types\/post"}],"author":[{"embeddable":true,"href":"https:\/\/www.ladislavjakl.cz\/index.php?rest_route=\/wp\/v2\/users\/1"}],"replies":[{"embeddable":true,"href":"https:\/\/www.ladislavjakl.cz\/index.php?rest_route=%2Fwp%2Fv2%2Fcomments&post=6326"}],"version-history":[{"count":1,"href":"https:\/\/www.ladislavjakl.cz\/index.php?rest_route=\/wp\/v2\/posts\/6326\/revisions"}],"predecessor-version":[{"id":6327,"href":"https:\/\/www.ladislavjakl.cz\/index.php?rest_route=\/wp\/v2\/posts\/6326\/revisions\/6327"}],"wp:attachment":[{"href":"https:\/\/www.ladislavjakl.cz\/index.php?rest_route=%2Fwp%2Fv2%2Fmedia&parent=6326"}],"wp:term":[{"taxonomy":"category","embeddable":true,"href":"https:\/\/www.ladislavjakl.cz\/index.php?rest_route=%2Fwp%2Fv2%2Fcategories&post=6326"},{"taxonomy":"post_tag","embeddable":true,"href":"https:\/\/www.ladislavjakl.cz\/index.php?rest_route=%2Fwp%2Fv2%2Ftags&post=6326"}],"curies":[{"name":"wp","href":"https:\/\/api.w.org\/{rel}","templated":true}]}}