{"id":6373,"date":"2016-02-10T16:22:38","date_gmt":"2016-02-10T15:22:38","guid":{"rendered":"http:\/\/www.ladislavjakl.cz\/?p=6373"},"modified":"2016-02-10T16:22:38","modified_gmt":"2016-02-10T15:22:38","slug":"ne-uprchlici-ne-ekonomicti-migranti-jsou-to-socialni-migranti","status":"publish","type":"post","link":"https:\/\/www.ladislavjakl.cz\/?p=6373","title":{"rendered":"Ne uprchl\u00edci. Ne ekonomi\u010dt\u00ed migranti. Jsou to soci\u00e1ln\u00ed migranti!"},"content":{"rendered":"<p>Rozhovor s Ladislavem Jaklem o p\u0159ist\u011bhovaleck\u00e9 krizi.<\/p>\n<p><!--more--><\/p>\n<p><strong>Objevuj\u00ed se n\u00e1zory, \u017ee p\u0159ij\u00edm\u00e1n\u00ed imigrant\u016f pom\u016f\u017ee ekonomice, imigranti zapln\u00ed voln\u00e1 pracovn\u00ed m\u00edsta a pomohou udr\u017eet d\u016fchodov\u00fd syst\u00e9m. Nejsou ale naopak v\u011bt\u0161\u00edm n\u00e1kladem pro soci\u00e1ln\u00ed syst\u00e9my ne\u017e p\u0159\u00ednosem pro ekonomiku?<\/strong><\/p>\n<p>J\u00e1 bych v\u016fbec v t\u00e9to souvislosti nepou\u017e\u00edval v\u00fdraz, \u017ee se objevuj\u00ed n\u00e1zory. Jednak se samy od sebe neobjevuj\u00ed, ale jsou za velk\u00e9 pen\u00edze \u0161\u00ed\u0159eny jako sou\u010d\u00e1st mas\u00edrovac\u00ed proimigrantsk\u00e9 propagandy. A hlavn\u011b: nejsou to n\u00e1zory, jen ta propaganda. Kdyby to byly n\u00e1zory, tak je n\u011bkdo zast\u00e1v\u00e1. Ale takovou hloupost si nemysl\u00ed ani sami jej\u00ed \u0161i\u0159itel\u00e9, \u0161\u00ed\u0159\u00ed ji \u010dist\u011b \u00fa\u010delov\u011b. Zkuste jednu v\u011bc: zeptejte se po\u0161etilc\u016f, kte\u0159\u00ed ileg\u00e1ln\u00ed p\u0159ist\u011bhovalectv\u00ed podporuj\u00ed: Pro\u010d m\u00e1me p\u0159ij\u00edmat ileg\u00e1ln\u00ed p\u0159ist\u011bhovalce? Odpov\u011bd\u00ed: proto\u017ee prchaj\u00ed z hr\u016fzy a my jim mus\u00edme pomoci. A vy jim \u0159eknete: to nejsou \u017e\u00e1dn\u00ed uprchl\u00edci ale organizovan\u00fd p\u0159esun lid\u00ed p\u0159i poru\u0161en\u00ed v\u0161ech p\u0159\u00edslu\u0161n\u00fdch p\u0159edpis\u016f. A oni: nene, \u017e\u00e1dn\u00fd organizovan\u00fd p\u0159esun, je to spont\u00e1nn\u00ed \u00fat\u011bk! A pak v\u00e1m stejn\u00ed lid\u00e9 za\u010dnou \u0159\u00edkat: imigranti jsou pro n\u00e1s v\u00fdhodn\u00ed! A vy na to, tak poj\u010fme, zorganizujme jejich p\u0159\u00edsun, kdy\u017e n\u00e1m to tak pom\u016f\u017ee. A oni: Ano, to je ono! \u010c\u00edm\u017e prozrad\u00ed sv\u016fj skute\u010dn\u00fd postoj. Bu\u010f pom\u00e1h\u00e1me takzvan\u00fdm uprchl\u00edk\u016fm a jejich p\u0159\u00edliv neorganizujeme. Pak n\u00e1m je p\u0159ece jedno, \u017ee n\u00e1s to n\u011bco stoj\u00ed. Nebo p\u0159\u00edsun Arab\u016f pova\u017eujeme za bezva p\u0159\u00ednosnou v\u011bc a pak n\u00e1m nevad\u00ed, \u017ee je rafinovan\u011b organizovan\u00fd. Ale nelze tvrdit oboj\u00ed najednou. Ale abych v\u00e1m neutekl z ot\u00e1zky: ti lid\u00ed sem p\u0159ece nep\u0159ich\u00e1zej\u00ed pracovat a platit dan\u011b. P\u0159ich\u00e1zej\u00ed za bezpracn\u00fdm \u017eivotem na soci\u00e1ln\u00edch d\u00e1vk\u00e1ch. Jako statis\u00edce p\u0159ed nimi, jako statis\u00edce t\u011bch, co u\u017e l\u00e9ta parazituj\u00ed v Pa\u0159\u00ed\u017ei, Lond\u00fdn\u011b, Bruselu, Amsterodamu, Stockholmu. A kdyby jen parazitovali a v m\u00edru \u010dekali na sv\u00e9 d\u00e1vky\u2026<\/p>\n<p><strong>Tedy plus n\u00e1klady na bezpe\u010dnost a n\u00e1sledky kriminality\u2026<\/strong><\/p>\n<p>Ano, to jsou viditeln\u00e1 a zjevn\u00e1 rizika a n\u00e1klady. Ale p\u0159es jejich hrozivost si nemysl\u00edm, \u017ee v nebezpe\u010dnosti a kriminalit\u011b je j\u00e1dro p\u0159ist\u011bhovaleck\u00e9ho probl\u00e9mu. To jsou jen viditeln\u00e9 negativn\u00ed pr\u016fvodn\u00ed znaky. I bez nich by toti\u017e \u0161lo o ni\u010div\u00fd spole\u010densk\u00fd experiment. Pokus\u00edm se to vysv\u011btlit. P\u0159edstavte si, \u017ee by b\u011bhem roku p\u0159i\u0161lo do \u010cesk\u00e9 republiky stodvacet tis\u00edc p\u0159ist\u011bhovalc\u016f. A dal\u0161\u00ed rok znovu. Nebyli by to ani muslimov\u00e9, nebyli by to Arabov\u00e9. Ale v\u0161echno mlad\u00ed mu\u017ei ve v\u011bku kolem 25 let. Takzvan\u00fd strom \u017eivota, tedy slo\u017eit\u00e1 balanc mezi v\u011bkov\u00fdmi skupinami a pohlav\u00edmi, by to obr\u00e1tilo \u00fapln\u011b naruby, a to s katastrof\u00e1ln\u00edmi dopady na celou spole\u010dnost po n\u011bkolik generac\u00ed. Hodn\u011b se toho napsalo o um\u011bl\u00fdch z\u00e1saz\u00edch do p\u0159irozen\u00e9ho popula\u010dn\u00edho v\u00fdvoje, o \u0161kodlivosti n\u00e1razov\u00e9 podpory porodnosti a naopak demotivaci zakl\u00e1dat rodiny. To jsou v\u00e1\u017en\u00e9 v\u011bci, ale v \u0159\u00e1du procent. Vp\u00e1d jedn\u00e9 v\u011bkov\u011b a pohlavn\u011b zcela nevyv\u00e1\u017een\u00e9 skupiny m\u016f\u017ee v n\u011bkter\u00fdch ro\u010dn\u00edc\u00edch ud\u011blat hroznou paseku, srovnatelnou s dopadem sv\u011btov\u00fdch v\u00e1lek v N\u011bmecku. T\u0159i mu\u017ei na jedno \u017eenu v jedn\u00e9 v\u011bkov\u00e9 kategorii. Co se asi bude d\u00edt? Vezme si tohle n\u011bkdo na triko, dom\u00fd\u0161l\u00ed to n\u011bkdo? A te\u010f si k tomu p\u0159ipo\u010d\u00edtejte v\u0161echna dostate\u010dn\u011b zn\u00e1m\u00e1 rizika a negativa: n\u00e1bo\u017eenstv\u00ed, kultura, vztah k \u017een\u00e1m, k pr\u00e1ci, majetku, k po\u0159\u00e1dku \u2026<\/p>\n<p><strong>Co \u0159\u00edk\u00e1te silvestrovsk\u00fdm ud\u00e1lostem v Kol\u00edn\u011b nad R\u00fdnem a dal\u0161\u00edch n\u011bmeck\u00fdch i evropsk\u00fdch m\u011bstech?<\/strong><\/p>\n<p>\u017de ileg\u00e1ln\u00ed p\u0159ist\u011bhovalci uk\u00e1zali, jak se jim k\u0159ivd\u00ed, kdy\u017e se o nich \u0159\u00edk\u00e1, \u017ee neum\u011bj\u00ed vz\u00edt pr\u00e1ci do rukou. \u0160karpy pod\u00e9l cest, kde se p\u0159esouvali, i r\u016fzn\u00e9 jejich t\u00e1bory sv\u011bd\u010d\u00ed o tom, \u017ee mezi \u201euprchl\u00edky\u201c jsou i uprchl\u00edv\u00e1ci. A Silvestr uk\u00e1zal, \u017ee mezi nimi jsou i uprchl\u00edpn\u00edci. Ale v\u00e1\u017en\u011b. J\u00e1 si nemysl\u00edm, \u017ee hlavn\u00edm vin\u00edkem jsou ti mlad\u00ed muslimov\u00e9. Jsou tak nau\u010deni, tak zvykl\u00ed. Jejich kultura jim \u0159\u00edk\u00e1, \u017ee nezahalen\u00e1 \u017eena je nemravn\u00e1 a pro ka\u017ed\u00e9ho k m\u00e1n\u00ed. U nich to tak je. Neodsuzuji to, tak se prost\u011b vyvinula jejich spole\u010dnost. Ale a\u0165 s t\u00edm z\u016fstanou, kde jsou, a nenos\u00ed sv\u00e9 zvyky sem. A mimochodem, kdybyste v jejich arabsk\u00e9 zemi sexu\u00e1ln\u011b obt\u011b\u017eoval ciz\u00ed \u017eenu, nejsp\u00ed\u0161 by v\u00e1m usekli ruce nebo zbi\u010dovali k smrti. Oni v\u011bd\u00ed, \u017ee u n\u00e1s riskuj\u00ed p\u0159inejhor\u0161\u00edm n\u011bkolik let v komfortn\u00ed ozdravovn\u011b, jak jim musej\u00ed ur\u010dit\u011b p\u0159ipadat evropsk\u00e9 v\u011bznice. Tak co se jim div\u00edme? Kdyby p\u0159ich\u00e1zeli jednotliv\u011b a jednotliv\u011b si hledali pr\u00e1ci a za\u0159azen\u00ed do spole\u010dnosti, tak by se museli p\u0159izp\u016fsobit. Kdy\u017e se jich val\u00ed miliony, p\u0159izp\u016fsobovat se budeme muset my. Pokud ten p\u0159\u00edval nezastav\u00edme. Jestli\u017ee ale neodsuzuji ty mlad\u00edky, hanbu svol\u00e1v\u00e1m na hlavy n\u011bmeck\u00fdch politik\u016f, kte\u0159\u00ed to zp\u016fsobili, policist\u016f, kte\u0159\u00ed proti tomu nezas\u00e1hli, a m\u00e9di\u00ed, kter\u00e1 to zaml\u010dovala.<\/p>\n<p><strong>Co konkr\u00e9tn\u011b \u0159\u00edk\u00e1te reakc\u00edm n\u011bmeck\u00fdch politik\u016f?<\/strong><\/p>\n<p>N\u011bmecko u\u017e politiky vlastn\u011b ani \u017e\u00e1dn\u00e9 nem\u00e1. Jen byrokraty. Politik h\u00e1j\u00ed z\u00e1jmy sv\u00e9ho lidu. Drtiv\u00e1 v\u011bt\u0161ina n\u011bmeck\u00fdch politik\u016f h\u00e1j\u00ed jen svou vizi n\u011bjak\u00e9ho jin\u00e9ho sv\u011bta, kterou cht\u011bj\u00ed vnutit cel\u00e9 Evrop\u011b. Ale dokud jim to bude n\u011bmeck\u00fd voli\u010d trp\u011bt jako ovce, tak to budou d\u011blat d\u00e1l a d\u00e1l. Ob\u010das do televize \u0159eknou chl\u00e1choliv\u00e9 slovo, ale svou vizi budou silou protla\u010dovat napo\u0159\u00e1d.<\/p>\n<p><strong>Co se t\u00fd\u010de sexu\u00e1ln\u00edch \u00fatok\u016f uprchl\u00edk\u016f v N\u011bmecku, publicista Jan Petr\u00e1nek \u0159ekl, \u017ee \u00fatoky na \u017eeny jsou hluboko v mentalit\u011b migrant\u016f a uprchl\u00edci maj\u00ed hodnoty neslu\u010diteln\u00e9 s na\u0161imi.<\/strong><\/p>\n<p>U\u017e jsem to nazna\u010dil. V jejich pojet\u00ed to nejsou \u00fatoky. Berou si, co se jim v k\u00f3du jejich kultury samo vnucuje. A te\u010f jsou rozho\u0159\u010deni, \u017ee se jim sp\u00edl\u00e1, kdy\u017e po nab\u00edzen\u00e9m nat\u00e1hnou ruku. To je jako d\u00edt\u011bti nab\u00edzet bonbon a na posledn\u00ed chv\u00edli cuknout. Nech\u00e1pou to. Nech\u00e1pou na\u0161e vzorce. A hlavn\u011b nep\u0159ich\u00e1zej\u00ed s t\u00edm, aby je pochopili, P\u0159ich\u00e1zej\u00ed s n\u00e1rokem, \u017ee ch\u00e1pat m\u00e1me my je. J\u00e1 je ch\u00e1pu, j\u00e1 bych jejich sv\u011bt nenapadal a nevnucoval mu na\u0161e standardy. Ale tak\u00e9 bych neorganizoval transport milion\u016f Arab\u016f sem, mezi na\u0161e vesnice a ulice.<\/p>\n<p><strong>Objevily se zpr\u00e1vy, \u017ee n\u011bmeck\u00e1 policie nem\u00e1 vy\u0161et\u0159ovat \u201edrobnou\u201c kriminalitu p\u0159ist\u011bhovalc\u016f&#8230;<\/strong><\/p>\n<p>No to u\u017e nen\u00ed \u201eobjevov\u00e1n\u00ed se zpr\u00e1v\u201c ale opakovan\u00e1 a dolo\u017een\u00e1 sv\u011bdectv\u00ed. Ale nedivte se t\u011bm policist\u016fm. Nemaj\u00ed od politik\u016f kryt\u00ed a zad\u00e1n\u00ed. Naopak jsou vystaveni ka\u017edodenn\u00edmu teroru politick\u00e9 korektnosti. A tak se boj\u00ed cokoli ud\u011blat. Pokud to m\u00e1te bl\u00edzko n\u011bkam na bavorsk\u00fd venkov, zaje\u010fte se tam pod\u00edvat. Vyprsknete sm\u00edchy, proto\u017ee si tuhle komedii pamatujete z dob komunismu. Dnes je N\u011bmecko pln\u00e9 trapn\u011b naivn\u00edch p\u0159esv\u011bd\u010dovac\u00edch transparent\u016f, plak\u00e1t\u016f, v\u00fdzev, n\u00e1pis\u016f. V parc\u00edch, na \u0161kol\u00e1ch, na radnic\u00edch. Jako to b\u00fdvalo u n\u00e1s. Ale nen\u00ed tam o boji za m\u00edr a KS\u010c jako z\u00e1ruce blahobytu, ale o boji proti rasismu, za naprostou toleranci v\u0161eho. Ze v\u0161ech skulin tam do v\u00e1s nep\u0159etr\u017eit\u011b perou, a\u0165 zahod\u00edte vlastn\u00ed p\u0159irozen\u00e9 z\u00e1jmy a ob\u011btujete se pro novu vy\u0161\u0161\u00ed v\u011bc, novou Evropu, kter\u00e1 bude \u0161\u0165astn\u00fdm domovem pro miliardy str\u00e1daj\u00edc\u00edch cel\u00e9ho sv\u011bta. Bavorsk\u00fdm venkovan\u016fm to tak nep\u0159ijde, neza\u017eili komedii f\u00e1borov\u00e9ho heslov\u00e9ho komunismu. Ale n\u011bjak\u00e1 \u010desk\u00e1 cestovka by mohla za\u010d\u00edt nab\u00edzet cesty po nejpitom\u011bj\u0161\u00edch monumentech dne\u0161n\u00ed n\u011bmeck\u00e9 slun\u00ed\u010dkov\u00e9 propagandy. Na velkou \u010d\u00e1st soudob\u00e9 n\u011bmeck\u00e9 spole\u010dnosti bohu\u017eel plat\u00ed v\u011bta: ne\u017e aby byli za n\u00e1cky, rad\u011bji se stanou n\u00e1cky. Po\u0159\u00e1d je natolik d\u011bs\u00ed n\u00e1rodn\u00ed trauma nacismu, \u017ee tak stra\u0161n\u011b usiluj\u00ed, aby nemohli b\u00fdt na\u0159\u010deni z hn\u011bdnut\u00ed, a\u017e z toho pot\u00edr\u00e1n\u00ed zdrav\u00e9ho rozumu nen\u00e1padn\u011b zhn\u011bdnou skute\u010dn\u011b.<\/p>\n<p><strong>\u0160\u00e9fka Alternativa pro N\u011bmecko Frauke Petry prohl\u00e1sila, \u017ee by pohrani\u010dn\u00ed str\u00e1\u017e m\u011bla b\u00fdt p\u0159ipravena st\u0159\u00edlet uprchl\u00edky, pokud to bude nutn\u00e9: \u201ePot\u0159ebujeme efektivn\u00ed kontrolu (hranic), abychom zabr\u00e1nili neregistrovan\u00fdm \u017eadatel\u016fm o azyl vstup do zem\u011b z Rakouska. \u017d\u00e1dn\u00fd policista nechce st\u0159\u00edlet na uprchl\u00edky a j\u00e1 si to tak\u00e9 nep\u0159eji. Ale st\u0159elba by m\u011bla b\u00fdt umo\u017en\u011bna jako posledn\u00ed mo\u017enost.\u201c<\/strong><\/p>\n<p>Hrani\u010dn\u00ed str\u00e1\u017e, policie, celn\u00ed str\u00e1\u017e, to v\u0161e jsou jednotky vybaven\u00e9 zbran\u011bmi. Nemaj\u00ed je pro par\u00e1du. Maj\u00ed je pro p\u0159\u00edpad, \u017ee si bude n\u011bkdo silou vynucovat poru\u0161en\u00ed z\u00e1kon\u016f a p\u0159edpis\u016f. Regule pro jejich pou\u017eit\u00ed jsou a nen\u00ed k tomu t\u0159eba siln\u00fdch slov a n\u011bjak\u00e9ho \u0159in\u010den\u00ed. Jen mus\u00ed politick\u00e1 t\u0159\u00edda d\u00e1t najevo, \u017ee se chud\u00e1k policajt nemus\u00ed b\u00e1t, kdy\u017e bude d\u011blat svou pr\u00e1ci podle dosud platn\u00fdch pravidel, dokud je n\u011bkdo nezru\u0161\u00ed. V\u00edte, ka\u017ed\u00fd turista, kter\u00fd s \u0159\u00e1dn\u00fdmi platn\u00fdmi doklady, v\u00edzem \u010di bezv\u00edzov\u00fdm pasem p\u0159ilet\u00ed do USA, b\u00fdv\u00e1 u\u017e na leti\u0161ti podroben dosti nep\u0159\u00edjemn\u00e9 osobn\u00ed kontrole a m\u016f\u017ee b\u00fdt i s platn\u00fdm pasem bezd\u016fvodn\u011b vr\u00e1cen p\u0159\u00ed\u0161t\u00edm letadlem zp\u011bt, prost\u011b se nel\u00edbil. Co by se asi d\u011blo, kdyby si tam n\u011bkdo silou vynucoval p\u0159echod t\u00e9 jejich (ne)neslavn\u00e9 \u017elut\u00e9 \u010d\u00e1ry jen s pocitem, \u017ee m\u00e1 za z\u00e1dy tis\u00edc kamar\u00e1d\u016f? P\u0159estala by ta americk\u00e1 pravidla platit? Ani n\u00e1hodou. Peskuje kv\u016fli tomu n\u011bkdo Ameriku? Ani n\u00e1hodou.<\/p>\n<p><strong>Premi\u00e9r Sobotka \u0159ekl, \u017ee hrozbu nep\u0159edstavuj\u00ed uprchl\u00edci, t\u011bm je pr\u00fd t\u0159eba pomoci, ale terorist\u00e9. Prezident Zeman ale \u0159ekl, \u017ee ale terorismus s uprchlickou vlnou souvis\u00ed.<\/strong><\/p>\n<p>Jist\u011b\u017ee imigrace je rizikov\u00fdm faktorem terorismu. Ale teror v N\u011bmecku obstarala sv\u00e9ho \u010dasu Frakce Rud\u00e9 arm\u00e1dy i bez muslim\u016f, bez Arab\u016f. A ve \u0160pan\u011blsku ETA, v Brit\u00e1nii IRA, v It\u00e1lii Rud\u00e9 brig\u00e1dy. Nezu\u017eujme probl\u00e9m organizovan\u00e9ho masov\u00e9ho ileg\u00e1ln\u00edho p\u0159ist\u011bhovalectv\u00ed jen na potenci\u00e1ln\u00ed terorismus a jinou trestnou \u010dinnost. Opakuji, \u017ee tenhle soci\u00e1ln\u00ed experiment je hrozbou pro spole\u010dnost i bez terorismu. A ta hrozba se nezmen\u0161\u00ed, kdy\u017e spolu s premi\u00e9rem Sobotkou budeme pro invazi ileg\u00e1ln\u00edch p\u0159ist\u011bhovalc\u016f pou\u017e\u00edvat schv\u00e1len\u00fd, ale l\u017eiv\u00fd obrat \u201euprchl\u00edci\u201c.<\/p>\n<p><strong>Sobotka tak\u00e9 \u0159ekl: \u201eJsem p\u0159esv\u011bd\u010den, \u017ee levicov\u00e9 l\u00eddry za deset dvacet let najdeme sp\u00ed\u0161e mezi dobrovoln\u00edky, kte\u0159\u00ed v l\u00e9t\u011b odjeli na Balk\u00e1n a pom\u00e1hali uprchl\u00edk\u016fm. Tihle lid\u00e9 budou v budoucnu p\u0159edstavovat levici. Nehledal bych je na n\u00e1m\u011bst\u00edch, kde se \u0161\u00ed\u0159\u00ed xenofobie, nen\u00e1vist a rasismus.\u201c<\/strong><\/p>\n<p>M\u00e1 pravdu z jedn\u00e9 t\u0159etiny. T\u0159etinu mo\u017en\u00e1 nenajdeme u\u017e nikdy. T\u0159etina bude m\u00edt starosti a radosti s \u010dokol\u00e1dov\u00fdm potomstvem podle receptu jedn\u00e9 v\u00fdchovn\u00e9 poh\u00e1dky z \u010cesk\u00e9 televize. A ta posledn\u00ed t\u0159etina bude budovat novou socialistickou Evropu. Kdy\u017e j\u00ed to dovol\u00edme. A je\u0161t\u011b n\u011bco. Chceme premi\u00e9ra, kter\u00fd se \u0161t\u00edt\u00ed lid\u00ed na n\u00e1m\u011bst\u00edch sv\u00e9 vlastn\u00ed zem\u011b?<\/p>\n<p><strong>Slovensk\u00fd premi\u00e9r Fico \u0159ekl, \u017ee nechce, aby na Slovensku vznikla n\u011bjak\u00e1 ucelen\u00e1 muslimsk\u00e1 komunita. \u0158ekl, \u017ee existuje probl\u00e9m s integrac\u00ed imigrant\u016f, a tak\u00e9 \u0159ekl, kdy\u017e to \u0159eknu lidov\u011b, \u017ee si nevezme na triko, aby byly \u017eeny na Slovensku sexu\u00e1ln\u011b napad\u00e1ny.<\/strong><\/p>\n<p>Jde o to, co je komunita. \u010ce\u0161i v USA tak\u00e9 leckde tvo\u0159\u00ed komunity. V newyorsk\u00e9 \u010dtvrti Queens se t\u0159eba sch\u00e1z\u00ed v hospod\u011b Zlat\u00e1 Praha. V Chicagu v hospod\u011b Klas. Tam si s v\u00e1mi ka\u017ed\u00fd r\u00e1d sentiment\u00e1ln\u011b pokl\u00e1bos\u00ed, ob\u010das tam zahraje \u010desk\u00e1 kapela. Ale p\u0159es den ti lid\u00e9 norm\u00e1ln\u011b chod\u00ed s ostatn\u00edmi do pr\u00e1ce, jejich d\u011bti s ostatn\u00edmi d\u011btmi do \u0161koly, fand\u00ed podobn\u00fdm klub\u016fm, koukaj\u00ed na stejn\u00e9 filmy, \u010dtou stejn\u00e9 noviny. Premi\u00e9r Fico m\u00e1 sp\u00ed\u0161 namysli do sebe uzav\u0159en\u00e9 subkulturn\u00ed spole\u010denstv\u00ed, zcela izolovan\u00e9 od okol\u00ed a zcela neintegrovateln\u00e9. Takov\u00e9 jsou v mnoha z\u00e1padn\u00edch m\u011bstech realitou. Lze-li tomu jakkoli zabr\u00e1nit u n\u00e1s, ud\u011blejme to, dokud je \u010das.<\/p>\n<p><strong>Robert Fico tak\u00e9 pro Pr\u00e1vo \u0159ekl, \u017ee absolutn\u00ed v\u011bt\u0161ina b\u011b\u017eenc\u016f jdouc\u00edch do Evropsk\u00e9 unie z Turecka jsou ekonomi\u010dt\u00ed migranti: \u201eTrv\u00e1m na sv\u00e9m postoji, \u017ee absolutn\u00ed v\u011bt\u0161ina t\u011bchto lid\u00ed jsou ekonomi\u010dt\u00ed migranti (hovo\u0159il o migrantech jdouc\u00edch do Evropy z Turecka, pozn. redakce). Kdo m\u00e1 v\u011b\u0159it \u010dlov\u011bku, kter\u00fd se nec\u00edtil bezpe\u010dn\u011b v Srbsku, v Ma\u010farsku, ani v Rakousku, a tak \u0161el a\u017e do N\u011bmecka? Evidentn\u011b mu \u0161lo o ekonomick\u00e9 z\u00e1jmy.\u201c<\/strong><\/p>\n<p>N\u011bjak m\u011b dnes po\u0159\u00e1d napadaj\u00ed americk\u00e1 srovn\u00e1n\u00ed. Zde t\u0159eba des\u00edtky tis\u00edc \u010cech\u016f, kte\u0159\u00ed ode\u0161li za prac\u00ed do Ameriky. J\u00e1 nevn\u00edm\u00e1m term\u00edn \u201eekonomick\u00fd migrant\u201c nijak hanliv\u011b. Je to \u010dlov\u011bk, kter\u00fd hled\u00e1 pr\u00e1ci, m\u00e1 co nab\u00eddnout, chce si polep\u0161it. Pro\u010d ne. Je to nov\u00fd z\u00e1kazn\u00edk a nov\u00fd poskytovatel n\u011bjak\u00e9 slu\u017eby nebo pracovn\u00ed s\u00edly. A poplatn\u00edk. Ale p\u0159ece dob\u0159e v\u00edme, \u017ee takov\u00ed se sem do zem\u00ed EU z Ar\u00e1bie nehrnou. To nejsou ekonomi\u010dt\u00ed imigranti, ale soci\u00e1ln\u00ed imigranti. Jdou za d\u00e1vkami, v obrovsk\u00e9 v\u011bt\u0161in\u011b. Podle toho si vyb\u00edraj\u00ed destinaci. Proto bivakuj\u00ed v Calais a sna\u017e\u00ed se dostat do Brit\u00e1nie. Z Francie p\u0159ece neprchaj\u00ed. Nikdo po p\u0159ist\u011bhovalc\u00edch v zem\u00edch EU nechce, aby pracovali a platili dan\u011b. P\u0159i\u0161li, proto\u017ee v zem\u00edch EU lze \u017e\u00edt cel\u00e9 generace na d\u00e1vk\u00e1ch. Nejv\u011bt\u0161\u00ed integra\u010dn\u00ed faktor je pr\u00e1ce. Pokud se bez pr\u00e1ce obejdou, m\u00edsto integrace se mlad\u00ed Arabov\u00e9 v Pa\u0159\u00ed\u017ei pravideln\u011b bav\u00ed zapalov\u00e1n\u00edm tis\u00edc\u016f aut. A, pros\u00edm v\u00e1s, zni\u010dme u\u017e to l\u017eiv\u00e9 slovo uprchl\u00edk nebo b\u011b\u017eenec. M\u00e1 v n\u00e1s vyvolat soucit s ka\u017ed\u00fdm, kdo si chce vylep\u0161it \u017eivot, proto\u017ee se mu to snadno nab\u00edz\u00ed. A copak soucit, sp\u00ed\u0161e povinnou solidaritu. \u017de jsou zoufal\u00ed? T\u0159i miliardy lid\u00ed \u017eij\u00ed po sv\u011bt\u011b v b\u00edd\u011b, v nemoc\u00edch, o hladu, ve v\u00e1lk\u00e1ch, v diktatur\u00e1ch, bez vzd\u011bl\u00e1n\u00ed, bez pitn\u00e9 vody, bez pro n\u00e1s z\u00e1kladn\u00edch \u017eivotn\u00edch standard\u016f. P\u0159ijmeme je v\u0161echny? Nebo jen ty nejdrzej\u0161\u00ed z nich, kte\u0159\u00ed tam nechaj\u00ed sv\u00e9 rodiny, \u017eeny, d\u011bti a starce? Pro\u010d imigranti tonou v Egejsk\u00e9m mo\u0159i? Proto\u017ee jsou to zb\u011bdovan\u00ed chud\u00e1ci? Ale kdepak. M\u011bli let\u011bt letadlem, p\u0159i\u0161lo by je to levn\u011bji ne\u017e cesta do Turecka a pak p\u0159es cel\u00e9 Turecko. Tak pro\u010d nel\u00e9taj\u00ed? Proto\u017ee pokud by po p\u0159\u00edletu nedostali na leti\u0161ti n\u011bjakou formu povolen\u00ed k pobytu, musela by je leteck\u00e1 spole\u010dnost dopravit na sv\u00e9 n\u00e1klady zp\u011bt. Tak\u017ee je rad\u011bji nevezme na palubu. A to lze, leg\u00e1ln\u011b. Jen dodr\u017euje p\u0159edpisy. S \u0158eckem je za na\u0161imi z\u00e1dy dohodnuto, \u017ee nebudu p\u0159ek\u00e1\u017eky ve vstupu na p\u016fdu Schengenu, \u017ee budou sb\u011brn\u00e9 t\u00e1bory, trajekty, transporty p\u0159ed \u0158ecko a d\u00e1l do N\u011bmecka. Kdo to plat\u00ed a organizuje? V\u00edte, \u017ee je mezi p\u0159ist\u011bhovalci mnoho Marok\u00e1nc\u016f? Pod\u00edvejte se na mapu. Jim se vyplat\u00ed koupit si letenku do Turecka a pak splynout tam s davem, jeho\u017e p\u0159\u00edchod do EU je organizovan\u011b tolerov\u00e1n. P\u0159itom to EU dohl\u00e9dnou doma p\u0159es Gibraltarskou \u00fa\u017einu. Pro\u010d nejdou tudy? Proto\u017ee se \u0160pan\u011blskem transfer dohodnut\u00fd nen\u00ed.<\/p>\n<p><strong>Prvn\u00ed vicepremi\u00e9r, ministr financ\u00ed a p\u0159edseda hnut\u00ed ANO Andrej Babi\u0161 Pr\u00e1vu \u0159ekl, \u017ee p\u0159\u00edliv uprchl\u00edk\u016f do EU se mus\u00ed zastavit \u00fapln\u011b. Pt\u00e1 se, pro\u010d by z bohatstv\u00ed evropsk\u00fdch zem\u00ed tvo\u0159en\u00fdch po generace m\u011bli \u017e\u00edt lid\u00e9 bez vztahu k hostitelsk\u00e9 zemi a kultu\u0159e \u2013 lid\u00e9, kte\u0159\u00ed p\u0159edstavuj\u00ed bezpe\u010dnostn\u00ed riziko a jejich\u017e touhou nen\u00ed asimilace, ale rozvrat evropsk\u00e9 kultury. Dle Babi\u0161e nen\u00ed mo\u017en\u00e9, aby Evropan\u00e9 m\u011bli men\u0161\u00ed pr\u00e1va ne\u017e p\u0159ist\u011bhovalci, a je vylou\u010deno, aby se p\u0159izp\u016fsobovali uprchl\u00edk\u016fm.<\/strong><\/p>\n<p>J\u00e1 d\u011bkuji za va\u0161e n\u00e1m\u011bty, ale to u\u017e vypad\u00e1 skoro jako dotazn\u00edk, co si mysl\u00edm o ciz\u00edch v\u00fdroc\u00edch. J\u00e1 si toho dost mysl\u00edm s\u00e1m od sebe i bez pot\u0159eby jen reagovat na to, co \u0159ekli jin\u00ed. Ale dob\u0159e, \u0159eknu, \u017ee kdyby Andrej Babi\u0161 myslel sv\u00e1 slova v\u00e1\u017en\u011b a ne jako hezkou p\u00edse\u0148 pro voli\u010de, kter\u00e1 ho nic nestoj\u00ed, bouchl by na vl\u00e1d\u011b p\u011bst\u00ed do stolu a mocn\u011b zvolal: okam\u017eit\u011b vypov\u011bzme dohodu o kv\u00f3t\u00e1ch, suspendujme Schengen, jednostrann\u011b zave\u010fme hrani\u010dn\u00ed re\u017eim, jinak i se sv\u00fdmi ministry odch\u00e1z\u00edme z vl\u00e1dy a t\u011b\u0161te se na p\u0159ed\u010dasn\u00e9 volby, kter\u00e9 vyhraji. A\u017e usly\u0161\u00edm to bouchnut\u00ed, uv\u011b\u0159\u00edm.<\/p>\n<p><strong>P\u0159edseda SPD a poslanec Tomio Okamura \u0159\u00edk\u00e1, \u017ee neexistuj\u00ed um\u00edrn\u011bn\u00ed muslimov\u00e9 a \u017ee isl\u00e1m je zlo\u010dinn\u00e1 ideologie. Dle n\u011bj by bylo pot\u0159eba ihned v\u0161echny isl\u00e1msk\u00e9 migranty vr\u00e1tit zp\u011bt do mate\u0159sk\u00fdch zem\u00ed a byl by pro vyho\u0161t\u011bn\u00ed i potomk\u016f t\u011bchto migrant\u016f, kte\u0159\u00ed se v Evrop\u011b narodili. Rusov\u00e9 jsou pr\u00fd de facto na\u0161i jedin\u00ed up\u0159\u00edmn\u00ed siln\u00ed spojenci v souboji s radik\u00e1ln\u00edm isl\u00e1mem.<\/strong><\/p>\n<p>Masov\u00e9 p\u0159ist\u011bhovalectv\u00ed je probl\u00e9m i bez isl\u00e1mu. Nekoncentrujme se jen na isl\u00e1m. A Rusov\u00e9? Rusov\u00e9 nic ned\u011blaj\u00ed nezi\u0161tn\u011b, a to nemysl\u00edm zle. Ka\u017ed\u00e1 velmoc h\u00e1j\u00ed sv\u00e9 z\u00e1jmy. Maj\u00ed toti\u017e muslimsk\u00fd separatistick\u00fd probl\u00e9m doma. P\u0159edev\u0161\u00edm proto se anga\u017euj\u00ed v S\u00fdrii. Nepot\u0159ebuj\u00ed tot\u00e1ln\u00ed v\u00edt\u011bzstv\u00ed \u0161\u00edit\u016f a jejich p\u0159\u00edchod na Kavkaz a do Tatarst\u00e1nu. Ale mus\u00edm i zde opakovat: nezu\u017eujme imigra\u010dn\u00ed katastrofu na teroristickou hrozbu. Je zaj\u00edmav\u00e9, \u017ee je\u0161t\u011b v\u010dera byl hlavn\u00ed starost\u00ed Raku\u0161an\u016f, N\u011bmc\u016f \u010di Francouz\u016f polsk\u00fd instalat\u00e9r nebo \u010desk\u00fd zedn\u00edk, kter\u00fd bude br\u00e1t dom\u00e1c\u00edm pr\u00e1ci. M\u011bli jsme potupn\u00e9 p\u0159echodn\u00e9 podm\u00ednky pro export a pohyb pracovn\u00ed s\u00edly. I jako \u010dlenov\u00e9 EU. Pro\u010d? Proto\u017ee jsme byli br\u00e1ni jako ciz\u00ed element. I bez isl\u00e1mu, bez terorismu. A v po\u010dtu tis\u00edc\u016f, ne milion\u016f. A najednou nevad\u00ed miliony? Mus\u00ed vadit. Samy o sob\u011b. Isl\u00e1m \u010di terorismus jsou jen p\u0159it\u011b\u017euj\u00edc\u00ed okolnosti.<\/p>\n<p><strong>Vid\u00edme, \u017ee Schengen je v\u011bc pro dobr\u00e9 po\u010das\u00ed, ale kdy\u017e p\u0159ijde bou\u0159ka, prosakuje a val\u00ed se p\u0159es n\u011bj povode\u0148. V okam\u017eiku, kdy EU hranice nijak nehl\u00edd\u00e1, ciz\u00ed lid\u00e9 libovoln\u011b bez jak\u00e9koli registrace p\u0159ekra\u010duj\u00ed hranice a pohybuj\u00ed se po Evrop\u011b. Sou\u010dasn\u011b vid\u00edme, \u017ee u\u017e nyn\u00ed jsou v z\u00e1padn\u00ed Evrop\u011b obrovsk\u00e9 muslimsk\u00e9 komunity podhoub\u00edm pro terorismus. Nem\u011bl by si n\u00e1\u0161 st\u00e1t vz\u00edt zp\u00e1tky pravomoc, kdo m\u016f\u017ee vstoupit na na\u0161e \u00fazem\u00ed?<\/strong><\/p>\n<p>No, to jsem tvrdil u\u017e p\u0159ed rokem a byl jsem za extremistu. Te\u010f u\u017e tak za\u010d\u00ednaj\u00ed mluvit i n\u011bkte\u0159\u00ed minist\u0159i multikulti vl\u00e1d evropsk\u00fdch multikulti zem\u00ed. Suspendovat Schengen dnes. Ne a\u017e tehdy, a\u017e tu budeme m\u00edt probl\u00e9m. Z\u00e1mek se do dve\u0159\u00ed ned\u00e1v\u00e1 a\u017e tehdy, kdy je vet\u0159elec u\u017e v byt\u011b. Projekt evropsk\u00e9 integrace selhal. Lhali n\u00e1m, \u017ee se o hranice nemus\u00edme starat. \u017de se postaraj\u00ed o ty spole\u010dn\u00e9 vn\u011bj\u0161\u00ed. Jsme spolu s Lucemburskem jedin\u00fdmi zem\u011bmi, kter\u00e9 vn\u011bj\u0161\u00ed hranici EU nem\u00e1me a jsme zcela rukojm\u00edmi bruselsk\u00fdch opat\u0159en\u00ed. To mus\u00ed skon\u010dit. M\u00e1me pr\u00e1vo rozhodovat o sv\u00e9 zemi. Sv\u011b\u0159ili jsme kl\u00ed\u010de neprav\u00fdm, vezm\u011bme si je zp\u011bt.<\/p>\n<p><strong>I kdybychom nepo\u010d\u00edtali sou\u010dasnou migra\u010dn\u00ed vlnu, tak ji\u017e p\u0159ed n\u00ed existovaly odhady, \u017ee v z\u00e1padn\u00ed Evrop\u011b budou m\u00edt muslimov\u00e9 v\u011bt\u0161inu do 40 let. Tak\u017ee v N\u011bmecku, Francii, Brit\u00e1nii, Belgii, Nizozem\u00ed a tak d\u00e1le mohou nastavit muslimsk\u00e1 pravidla a pr\u00e1vo \u0161ar\u00eda. Budou ovl\u00e1dat velk\u00e9 zem\u011b EU a pak muslimsk\u00e9 z\u00e1sady mohou prosazovat v\u016f\u010di n\u00e1m. Nen\u00ed pro n\u00e1s EU z tohoto d\u016fvodu hrozbou a nen\u00ed pro n\u00e1s \u0159e\u0161en\u00ed utvo\u0159it n\u011bjak\u00e9 uskupen\u00ed st\u00e1t\u016f kolem Visegr\u00e1du a \u010d\u00e1sti Balk\u00e1nu, kter\u00e9 by se tomu br\u00e1nily?<\/strong><\/p>\n<p>J\u00e1 moc na uskupen\u00ed nev\u011b\u0159\u00edm. Ka\u017ed\u00e1 zem\u011b prioritn\u011b h\u00e1j\u00ed sv\u00e9 z\u00e1jmy. Spojujme se v jednotlivostech kdykoli s k\u00fdmkoli, kdo jistou konkr\u00e9tn\u00ed v\u011bc zrovna vid\u00ed podobn\u011b. Strategick\u00e1 dlouhodob\u00e1 partnerstv\u00ed budou ale fungovat jen do t\u00e9 vte\u0159iny, pokud budou vyhovovat t\u011bm siln\u011bj\u0161\u00edm partner\u016fm. Imigra\u010dn\u00ed probl\u00e9m je probl\u00e9mem evropsk\u00e9 integrace. EU oslabila parlamentn\u00ed demokracie jednotliv\u00fdch zem\u00ed a nic m\u00edsto toho neposkytla. Na\u0161e hranice zru\u0161ila a vn\u011bj\u0161\u00ed nejen\u017ee nezajistila, ale organizuje jejich masov\u00e9 ileg\u00e1ln\u00ed p\u0159ekra\u010dov\u00e1n\u00ed. Nezb\u00fdv\u00e1, ne\u017e si sv\u00e9 pravomoci vz\u00edt od Bruselu zp\u011bt do sv\u00fdch rukou. I za cenu odchodu z EU.<\/p>\n<p>Za Parlamentn\u00ed listy se ptal Luk\u00e1\u0161 Pet\u0159\u00edk<\/p>\n","protected":false},"excerpt":{"rendered":"<p>Rozhovor s Ladislavem Jaklem o p\u0159ist\u011bhovaleck\u00e9 krizi.<\/p>\n","protected":false},"author":1,"featured_media":0,"comment_status":"open","ping_status":"open","sticky":false,"template":"","format":"standard","meta":{"ngg_post_thumbnail":0,"footnotes":""},"categories":[13],"tags":[],"class_list":["post-6373","post","type-post","status-publish","format-standard","hentry","category-rozhovory"],"_links":{"self":[{"href":"https:\/\/www.ladislavjakl.cz\/index.php?rest_route=\/wp\/v2\/posts\/6373","targetHints":{"allow":["GET"]}}],"collection":[{"href":"https:\/\/www.ladislavjakl.cz\/index.php?rest_route=\/wp\/v2\/posts"}],"about":[{"href":"https:\/\/www.ladislavjakl.cz\/index.php?rest_route=\/wp\/v2\/types\/post"}],"author":[{"embeddable":true,"href":"https:\/\/www.ladislavjakl.cz\/index.php?rest_route=\/wp\/v2\/users\/1"}],"replies":[{"embeddable":true,"href":"https:\/\/www.ladislavjakl.cz\/index.php?rest_route=%2Fwp%2Fv2%2Fcomments&post=6373"}],"version-history":[{"count":1,"href":"https:\/\/www.ladislavjakl.cz\/index.php?rest_route=\/wp\/v2\/posts\/6373\/revisions"}],"predecessor-version":[{"id":6374,"href":"https:\/\/www.ladislavjakl.cz\/index.php?rest_route=\/wp\/v2\/posts\/6373\/revisions\/6374"}],"wp:attachment":[{"href":"https:\/\/www.ladislavjakl.cz\/index.php?rest_route=%2Fwp%2Fv2%2Fmedia&parent=6373"}],"wp:term":[{"taxonomy":"category","embeddable":true,"href":"https:\/\/www.ladislavjakl.cz\/index.php?rest_route=%2Fwp%2Fv2%2Fcategories&post=6373"},{"taxonomy":"post_tag","embeddable":true,"href":"https:\/\/www.ladislavjakl.cz\/index.php?rest_route=%2Fwp%2Fv2%2Ftags&post=6373"}],"curies":[{"name":"wp","href":"https:\/\/api.w.org\/{rel}","templated":true}]}}