{"id":6377,"date":"2016-02-12T10:19:54","date_gmt":"2016-02-12T09:19:54","guid":{"rendered":"http:\/\/www.ladislavjakl.cz\/?p=6377"},"modified":"2016-02-12T10:21:26","modified_gmt":"2016-02-12T09:21:26","slug":"muj-coming-out-zeleni-aktiviste-me-inspirovali","status":"publish","type":"post","link":"https:\/\/www.ladislavjakl.cz\/?p=6377","title":{"rendered":"M\u016fj coming out: Zelen\u00ed aktivist\u00e9 m\u011b inspirovali"},"content":{"rendered":"<p class=\"perex\">Po mnoho let b\u00fdvali pro m\u011b zelen\u00ed aktivist\u00e9 jen modern\u00ed verz\u00ed Polpotovc\u016f, svrabem na t\u011ble jinak zdrav\u00e9 civilizace. M\u00fdm neobl\u00edben\u011bj\u0161\u00edm \u010dten\u00edm antimeloun.cz, nejhor\u0161\u00ed nad\u00e1vkou ekofanatik. Ale proz\u0159el jsem.<\/p>\n<p class=\"perex\"><!--more--><\/p>\n<p>Zelen\u00ed. Ano, ti, co v\u011bd\u00ed l\u00e9pe ne\u017e my, jak m\u00e1me \u017e\u00edt, a proto n\u00e1s l\u00e1skypln\u011b zahrnuj\u00ed sv\u00fdmi p\u0159\u00edkazy a z\u00e1kazy. Nic hor\u0161\u00edho jsem na politick\u00e9 map\u011b ani ve spole\u010densk\u00e9 debat\u011b neza\u017eil. Aspo\u0148 tak jsem to vn\u00edmal. Ne\u017e mi to kone\u010dn\u011b sepnulo. A u\u017e to nebudu skr\u00fdvat.<\/p>\n<p>Dlouh\u00e1 l\u00e9ta jsem si l\u00e1mal hlavu nad t\u00edm, jak mohu vhozen\u00edm petky do spr\u00e1vn\u00e9ho p\u0159edra\u017een\u00e9ho kontejneru a tedy zv\u00fd\u0161en\u00edm zisku n\u011bkter\u00fdch firem, \u010di zhasnut\u00edm \u017e\u00e1rovky a tedy sn\u00ed\u017een\u00edm zisku jin\u00fdch firem zachr\u00e1nit Slune\u010dn\u00ed soustavu p\u0159ed zmrznut\u00edm \u010di upe\u010den\u00edm. Kouzeln\u00e1 odpov\u011b\u010f je jednoduch\u00e1. Zn\u00ed <strong>p\u0159edb\u011b\u017en\u00e1 opatrnost<\/strong>. Co ta petka \u010di \u017e\u00e1rovka ud\u011bl\u00e1 se Slune\u010dn\u00ed soustavou, sice nev\u00edme, ale co kdyby. Co kdyby zrovna zde byl kl\u00ed\u010d k\u00a0z\u00e1chran\u011b \u010di zni\u010den\u00ed na\u0161\u00ed Galaxie. To je ono!<\/p>\n<p>Sice zrovna nemrzneme ani se nepe\u010deme, ale kdy\u017e nebudeme p\u0159edb\u011b\u017en\u011b opatrn\u00ed, m\u016f\u017eeme za p\u00e1r set let mrznout a p\u00e9ci se z\u00e1rove\u0148, oce\u00e1ny vyschnou a z\u00e1rove\u0148 n\u00e1s zaplav\u00ed a bude s\u00a0n\u00e1mi amen. Proto\u017ee jsme v\u010das, je\u0161t\u011b p\u0159ed katastrofou neud\u011blali ta spr\u00e1vn\u00e1 opat\u0159en\u00ed. Sice nev\u00edme, co bude za p\u00e1r set let, ale vylou\u010dit katastrofu dnes p\u0159ece nem\u016f\u017eeme!<\/p>\n<p>Jsem Zelen\u00fdm vd\u011b\u010dn\u00fd za tuto jejich inspiraci. Jsem r\u00e1d, \u017ee sv\u016fj argument h\u00e1zej\u00ed do tv\u00e1\u0159e v\u0161em skeptik\u016fm a cynik\u016fm, kte\u0159\u00ed tvrd\u00ed, \u017ee se nic ned\u011bje a nen\u00ed t\u0159eba se vzru\u0161ovat. \u017de k\u00a0n\u00e1m \u017e\u00e1dn\u00e9 proudy Arab\u016f nesm\u011b\u0159uj\u00ed a nen\u00ed nutno burcovat ve\u0159ejnost a vyz\u00fdvat st\u00e1tn\u00ed instituce, aby konaly v\u010das. <strong>P\u0159edb\u011b\u017en\u00e1 opatrnost<\/strong> p\u0159ece vel\u00ed d\u00e1t si z\u00e1mek na dve\u0159e je\u0161t\u011b d\u0159\u00edve, ne\u017e bude vet\u0159elec u\u017e uvnit\u0159, kdy\u017e u\u017e je trochu pozd\u011b. Zelen\u00ed, jejich\u017e heslem je l\u00e1ska, jist\u011b mezi prvn\u00edmi ch\u00e1pou, \u017ee z\u00e1mek na dve\u0159e ned\u00e1v\u00e1me z\u00a0nen\u00e1visti k\u00a0tomu, co je venku, ale z\u00a0l\u00e1sky k\u00a0tomu, co je uvnit\u0159.<\/p>\n<p>Podce\u0148ovan\u00ed Zelen\u00ed spr\u00e1vn\u011b \u0159\u00edkaj\u00ed, \u017ee hloup\u00e9 \u0159e\u010di o tom, jak v\u00a0na\u0161\u00ed republice \u017e\u00e1dn\u00e9 probl\u00e9my s\u00a0ileg\u00e1ln\u00edmi p\u0159ist\u011bhovalci zat\u00edm nem\u00e1me, \u017ee p\u0159ece muslimsk\u00e1 ghetta u n\u00e1s nevid\u00edme, jsou projevem neproz\u00edravosti a neopatrnosti. \u017de konat je t\u0159eba ihned. U\u017e dnes je t\u0159eba za\u010d\u00edt chr\u00e1nit Galaxii, Slune\u010dn\u00ed soustavu, planetu Zemi a \u010deskou spole\u010dnost. Ne a\u017e tehdy, a\u017e budeme mrznout nebo se p\u00e9ci.<\/p>\n<p>A nejen to. Zelen\u00ed burcuj\u00ed ve\u0159ejnost z\u00a0lhostejnosti i ve v\u011bci n\u00e1siln\u00e9ho \u00fatoku na jeden klub. A to je zcela spr\u00e1vn\u00e9. Bylo by projevem slepoty a hluchoty tvrdit, \u017ee se n\u00e1s to net\u00fdk\u00e1, \u017ee klub Bataclan, kde arab\u0161t\u00ed ozbrojenci surov\u011b post\u0159\u00edleli stovku nevinn\u00fdch n\u00e1v\u0161t\u011bvn\u00edk\u016f, je a\u017e kdesi v\u00a0Pa\u0159\u00ed\u017ei. Kdy\u017e nebudeme reagovat na n\u00e1sil\u00ed v\u010das, mohou to ud\u011blat z\u00edtra i u n\u00e1s.<\/p>\n<p>Mil\u00ed Zelen\u00ed, omlouv\u00e1m se za ta l\u00e9ta nep\u0159\u00edzn\u011b. Na\u0161el jsem u v\u00e1s velkou inspiraci pro dne\u0161n\u00ed dny.<\/p>\n<p><a href=\"http:\/\/jakl.blog.idnes.cz\/c\/494914\/muj-coming-out-zeleni-aktiviste-me-inspirovali.html\" target=\"_blank\">Zdroj<\/a><\/p>\n","protected":false},"excerpt":{"rendered":"<p>Po mnoho let b\u00fdvali pro m\u011b zelen\u00ed aktivist\u00e9 jen modern\u00ed verz\u00ed Polpotovc\u016f, svrabem na t\u011ble jinak zdrav\u00e9 civilizace. M\u00fdm neobl\u00edben\u011bj\u0161\u00edm \u010dten\u00edm antimeloun.cz, nejhor\u0161\u00ed nad\u00e1vkou ekofanatik. Ale proz\u0159el jsem.<\/p>\n","protected":false},"author":1,"featured_media":0,"comment_status":"open","ping_status":"open","sticky":false,"template":"","format":"standard","meta":{"ngg_post_thumbnail":0,"footnotes":""},"categories":[10],"tags":[],"class_list":["post-6377","post","type-post","status-publish","format-standard","hentry","category-zlehka"],"_links":{"self":[{"href":"https:\/\/www.ladislavjakl.cz\/index.php?rest_route=\/wp\/v2\/posts\/6377","targetHints":{"allow":["GET"]}}],"collection":[{"href":"https:\/\/www.ladislavjakl.cz\/index.php?rest_route=\/wp\/v2\/posts"}],"about":[{"href":"https:\/\/www.ladislavjakl.cz\/index.php?rest_route=\/wp\/v2\/types\/post"}],"author":[{"embeddable":true,"href":"https:\/\/www.ladislavjakl.cz\/index.php?rest_route=\/wp\/v2\/users\/1"}],"replies":[{"embeddable":true,"href":"https:\/\/www.ladislavjakl.cz\/index.php?rest_route=%2Fwp%2Fv2%2Fcomments&post=6377"}],"version-history":[{"count":1,"href":"https:\/\/www.ladislavjakl.cz\/index.php?rest_route=\/wp\/v2\/posts\/6377\/revisions"}],"predecessor-version":[{"id":6378,"href":"https:\/\/www.ladislavjakl.cz\/index.php?rest_route=\/wp\/v2\/posts\/6377\/revisions\/6378"}],"wp:attachment":[{"href":"https:\/\/www.ladislavjakl.cz\/index.php?rest_route=%2Fwp%2Fv2%2Fmedia&parent=6377"}],"wp:term":[{"taxonomy":"category","embeddable":true,"href":"https:\/\/www.ladislavjakl.cz\/index.php?rest_route=%2Fwp%2Fv2%2Fcategories&post=6377"},{"taxonomy":"post_tag","embeddable":true,"href":"https:\/\/www.ladislavjakl.cz\/index.php?rest_route=%2Fwp%2Fv2%2Ftags&post=6377"}],"curies":[{"name":"wp","href":"https:\/\/api.w.org\/{rel}","templated":true}]}}