{"id":6387,"date":"2016-02-17T12:07:18","date_gmt":"2016-02-17T11:07:18","guid":{"rendered":"http:\/\/www.ladislavjakl.cz\/?p=6387"},"modified":"2016-02-17T12:07:18","modified_gmt":"2016-02-17T11:07:18","slug":"cesko-slovenske-superfinale-jak-to-slovaci-cechum-zase-nandali-v-jejich-hlavni-discipline","status":"publish","type":"post","link":"https:\/\/www.ladislavjakl.cz\/?p=6387","title":{"rendered":"\u010cesko-Slovensk\u00e9 superfin\u00e1le! <br>Jak to Slov\u00e1ci \u010cech\u016fm zase nandali  v jejich hlavn\u00ed discipl\u00edn\u011b"},"content":{"rendered":"<p><em><a href=\"http:\/\/www.prvnipivniextraliga.cz\/wp-content\/uploads\/2010\/03\/logo_ppe.png\"><img loading=\"lazy\" decoding=\"async\" class=\" size-full wp-image-28 alignleft\" src=\"http:\/\/www.prvnipivniextraliga.cz\/wp-content\/uploads\/2010\/03\/logo_ppe.png\" alt=\"logo_ppe\" width=\"93\" height=\"110\" \/><\/a><\/em>Na tradi\u010dn\u00edm m\u00edst\u011b &#8211; v \u00a0Prvn\u00ed Pivn\u00ed Tramwayi\u00a0 &#8211; prob\u011bhlo ji\u017e \u0161est\u00e9 \u010desko-slovensk\u00e9 superfin\u00e1le anonymn\u00ed degusta\u010dn\u00ed sout\u011b\u017ee Prvn\u00ed pivn\u00ed extraligy (PPE), kde sout\u011b\u017eily \u010dty\u0159i nejlep\u0161\u00ed \u010desk\u00e9 a \u010dty\u0159i slovensk\u00e9 le\u017e\u00e1ky, kter\u00e9 postoupily z\u00a0obou n\u00e1rodn\u00edch fin\u00e1le, prob\u011bhl\u00fdch loni v\u00a0listopadu a prosinci.<\/p>\n<p><!--more--><\/p>\n<p>Slovensk\u00fd trh nen\u00ed tak bohat\u00fd na le\u017e\u00e1ky jako \u010desk\u00fd, ale i s\u00a0n\u00e1kupem sout\u011b\u017en\u00edch vzork\u016f byl na Slovensku probl\u00e9m, co\u017e potvrdil i Jan \u0160ur\u00e1\u0148.<\/p>\n<p>\u201eN\u00e1kup \u010dty\u0159 vzork\u016f slovensk\u00fdch piv nebyl v\u016fbec jednoduch\u00fd, ve slovensk\u00fdch supermarketech nen\u00ed probl\u00e9m sehnat \u010desk\u00e9 le\u017e\u00e1ky, v\u00a0pr\u016fm\u011bru se objevuj\u00ed v\u00a0po\u010dtu kolem 25 druh\u016f, ale probl\u00e9m je na Slovensku sehnat \u010dty\u0159i druhy slovensk\u00fdch le\u017e\u00e1k\u016f v\u00a0jednom supermarketu. Nakonec se mi poda\u0159ilo koupit v\u0161echny \u010dty\u0159i vzorky v\u00a0supermarketu Tesco v\u00a0Dubnici, v\u00a0ostatn\u00edch supermarketech jako je Kaufland \u010di Globus, m\u011bli maxim\u00e1ln\u011b jeden druh slovensk\u00e9ho le\u017e\u00e1ku a Lidl se dr\u017eel sv\u00e9 osv\u011bd\u010den\u00e9 zna\u010dky Argus,\u201c popsal svou zku\u0161enost s\u00a0n\u00e1kupem slovensk\u00fdch piv Jan \u0160ur\u00e1\u0148.<\/p>\n<p>\u201eNa Slovensku je ale kupodivu v\u0161ude k\u00a0dost\u00e1n\u00ed Kozel,\u201c podotkl k\u00a0tomu n\u00e1kup\u010d\u00ed \u010desk\u00fdch piv Petr Had\u017ei Hrkal.<\/p>\n<p>\u201eKon\u010d\u00edme dnes program ro\u010dn\u00edk 2015 \u010desko-slovensk\u00fdm superfin\u00e1lem a z\u00e1rove\u0148 t\u00edm za\u010d\u00edn\u00e1me dal\u0161\u00ed rok degustac\u00ed Prvn\u00ed pivn\u00ed extraligy\u201c, \u0159ekl v\u00a0\u00favodu sout\u011b\u017en\u00edho ve\u010dera prezident PPE Ladislav Jakl.<\/p>\n<p>V\u0161ichni byli zv\u011bdav\u00ed, zda se po minul\u00fdch letech poda\u0159\u00ed \u010desk\u00fdm le\u017e\u00e1k\u016fm porazit slovensk\u00e9. Jak velik\u00e9 bylo ale zklam\u00e1n\u00ed, kdy\u017e po rozpiji o 2. m\u00edsto byly vyhl\u00e1\u0161eny celkov\u00e9 v\u00fdsledky a na prvn\u00edch t\u0159ech m\u00edstech se objevily jen le\u017e\u00e1ky slovensk\u00e9.<\/p>\n<p>O vyrovnanosti sout\u011b\u017ee sv\u011bd\u010d\u00ed i v\u00fdsledky v\u00edt\u011bz\u016f n\u00e1rodn\u00edch fin\u00e1le, kdy \u010desk\u00fd v\u00edt\u011bz obsadil v\u00a0superfin\u00e1le p\u0159edposledn\u00ed m\u00edsto a slovensk\u00fd v\u00edt\u011bz skon\u010dil na posledn\u00edm, tedy osm\u00e9m m\u00edst\u011b.<\/p>\n<p>\u201eGratuluji v\u00edt\u011bz\u016fm ze Slovenska a doporu\u010duji \u010desk\u00fdm piva\u0159\u016fm, aby nad slovensk\u00fdmi pivy neohrnovali nos, v\u017edy\u0165 jsou to stejn\u00e1 a mnohdy i lep\u0161\u00ed piva ne\u017e ta \u010desk\u00e1,\u201c zhodnotil v\u00fdsledky superfin\u00e1le Ladislav Jakl.<\/p>\n<table width=\"348\">\n<tbody>\n<tr>\n<td width=\"65\">1<\/td>\n<td width=\"114\">Topvar<\/td>\n<td width=\"169\">30<\/td>\n<\/tr>\n<tr>\n<td width=\"65\">2<\/td>\n<td width=\"114\">Urpiner<\/td>\n<td width=\"169\">32\u00a0(5:3 v\u00a0rozpiji)<\/td>\n<\/tr>\n<tr>\n<td width=\"65\">3<\/td>\n<td width=\"114\">Corgo\u0148<\/td>\n<td width=\"169\">32\u00a0(3:5 v\u00a0rozpiji)<\/td>\n<\/tr>\n<tr>\n<td width=\"65\">4<\/td>\n<td width=\"114\">Zlatopramen<\/td>\n<td width=\"169\">35<\/td>\n<\/tr>\n<tr>\n<td width=\"65\">5<\/td>\n<td width=\"114\">Starobrno<\/td>\n<td width=\"169\">36<\/td>\n<\/tr>\n<tr>\n<td width=\"65\">6<\/td>\n<td width=\"114\">Louny<\/td>\n<td width=\"169\">37<\/td>\n<\/tr>\n<tr>\n<td width=\"65\">7<\/td>\n<td width=\"114\">Rycht\u00e1\u0159<\/td>\n<td width=\"169\">38<\/td>\n<\/tr>\n<tr>\n<td width=\"65\">8<\/td>\n<td width=\"114\">\u0160ari\u0161<\/td>\n<td width=\"169\">42<\/td>\n<\/tr>\n<\/tbody>\n<\/table>\n<p><!-- index.php -->\n<div\n\tclass=\"ngg-galleryoverview\n\t ngg-ajax-pagination-none\t\"\n\tid=\"ngg-gallery-be13dd516a89f6e9856c47e6c0acf9c1-1\">\n\n\t\t\t<!-- Thumbnails -->\n\t\t\t\t<div id=\"ngg-image-0\" class=\"ngg-gallery-thumbnail-box\"\n\t\t\t\t\t\t\t\t\t\t\t>\n\t\t\t\t\t\t<div class=\"ngg-gallery-thumbnail\">\n\t\t\t<a href=\"https:\/\/www.ladislavjakl.cz\/wp-content\/gallery\/ppe-1\/20160209_192805.jpg\"\n\t\t\t\ttitle=\"\"\n\t\t\t\tdata-src=\"https:\/\/www.ladislavjakl.cz\/wp-content\/gallery\/ppe-1\/20160209_192805.jpg\"\n\t\t\t\tdata-thumbnail=\"https:\/\/www.ladislavjakl.cz\/wp-content\/gallery\/ppe-1\/thumbs\/thumbs_20160209_192805.jpg\"\n\t\t\t\tdata-image-id=\"350\"\n\t\t\t\tdata-title=\"20160209_192805\"\n\t\t\t\tdata-description=\"\"\n\t\t\t\tdata-image-slug=\"20160209_192805\"\n\t\t\t\tclass=\"shutterset_be13dd516a89f6e9856c47e6c0acf9c1\">\n\t\t\t\t<img\n\t\t\t\t\ttitle=\"20160209_192805\"\n\t\t\t\t\talt=\"20160209_192805\"\n\t\t\t\t\tsrc=\"https:\/\/www.ladislavjakl.cz\/wp-content\/gallery\/ppe-1\/thumbs\/thumbs_20160209_192805.jpg\"\n\t\t\t\t\twidth=\"100\"\n\t\t\t\t\theight=\"75\"\n\t\t\t\t\tstyle=\"max-width:100%;\"\n\t\t\t\t\/>\n\t\t\t<\/a>\n\t\t<\/div>\n\t\t\t\t\t\t\t<\/div>\n\t\t\t\n\t\t\n\t\t\n\t\t<!-- Pagination -->\n\t\t<div class='ngg-clear'><\/div>\t<\/div>\n<\/p>\n<p><em>Radek<\/em><\/p>\n<p>&nbsp;<\/p>\n","protected":false},"excerpt":{"rendered":"<p>Na tradi\u010dn\u00edm m\u00edst\u011b &#8211; v \u00a0Prvn\u00ed Pivn\u00ed Tramwayi\u00a0 &#8211; prob\u011bhlo ji\u017e \u0161est\u00e9 \u010desko-slovensk\u00e9 superfin\u00e1le anonymn\u00ed degusta\u010dn\u00ed sout\u011b\u017ee Prvn\u00ed pivn\u00ed extraligy (PPE), kde sout\u011b\u017eily \u010dty\u0159i nejlep\u0161\u00ed \u010desk\u00e9 a \u010dty\u0159i slovensk\u00e9 le\u017e\u00e1ky, kter\u00e9 postoupily z\u00a0obou n\u00e1rodn\u00edch fin\u00e1le, prob\u011bhl\u00fdch loni v\u00a0listopadu a prosinci.<\/p>\n","protected":false},"author":1,"featured_media":0,"comment_status":"open","ping_status":"open","sticky":false,"template":"","format":"standard","meta":{"ngg_post_thumbnail":0,"footnotes":""},"categories":[11],"tags":[],"class_list":["post-6387","post","type-post","status-publish","format-standard","hentry","category-ozvena"],"_links":{"self":[{"href":"https:\/\/www.ladislavjakl.cz\/index.php?rest_route=\/wp\/v2\/posts\/6387","targetHints":{"allow":["GET"]}}],"collection":[{"href":"https:\/\/www.ladislavjakl.cz\/index.php?rest_route=\/wp\/v2\/posts"}],"about":[{"href":"https:\/\/www.ladislavjakl.cz\/index.php?rest_route=\/wp\/v2\/types\/post"}],"author":[{"embeddable":true,"href":"https:\/\/www.ladislavjakl.cz\/index.php?rest_route=\/wp\/v2\/users\/1"}],"replies":[{"embeddable":true,"href":"https:\/\/www.ladislavjakl.cz\/index.php?rest_route=%2Fwp%2Fv2%2Fcomments&post=6387"}],"version-history":[{"count":1,"href":"https:\/\/www.ladislavjakl.cz\/index.php?rest_route=\/wp\/v2\/posts\/6387\/revisions"}],"predecessor-version":[{"id":6468,"href":"https:\/\/www.ladislavjakl.cz\/index.php?rest_route=\/wp\/v2\/posts\/6387\/revisions\/6468"}],"wp:attachment":[{"href":"https:\/\/www.ladislavjakl.cz\/index.php?rest_route=%2Fwp%2Fv2%2Fmedia&parent=6387"}],"wp:term":[{"taxonomy":"category","embeddable":true,"href":"https:\/\/www.ladislavjakl.cz\/index.php?rest_route=%2Fwp%2Fv2%2Fcategories&post=6387"},{"taxonomy":"post_tag","embeddable":true,"href":"https:\/\/www.ladislavjakl.cz\/index.php?rest_route=%2Fwp%2Fv2%2Ftags&post=6387"}],"curies":[{"name":"wp","href":"https:\/\/api.w.org\/{rel}","templated":true}]}}