{"id":640,"date":"2010-11-10T13:33:39","date_gmt":"2010-11-10T12:33:39","guid":{"rendered":"http:\/\/www.ladislavjakl.cz\/?p=640"},"modified":"2010-11-10T13:33:39","modified_gmt":"2010-11-10T12:33:39","slug":"tuma-nema-narok-chladi-jakl-horke-hlavy-top-09","status":"publish","type":"post","link":"https:\/\/www.ladislavjakl.cz\/?p=640","title":{"rendered":"T\u016fma nem\u00e1 n\u00e1rok, chlad\u00ed Jakl hork\u00e9 hlavy TOP 09"},"content":{"rendered":"<p>Tajemn\u00edk prezidenta Ladislav Jakl vzkazuje topce: na prim\u00e1tora Prahy m\u00e1te asi stejn\u00fd n\u00e1rok jako \u010cSSD na premi\u00e9ra.<\/p>\n<p><!--more-->Prezident V\u00e1clav Klaus by ve velk\u00e9 koalici v Praze probl\u00e9m nevid\u011bl. Podle jeho slov by se sv\u011bt nezbo\u0159il.<\/p>\n<p>V  TOP 09 jsou z takov\u00e9 nep\u0159\u00edm\u00e9 podpory velk\u00e9 koalici zu\u0159iv\u00ed a  prezidentovi proto sp\u00edlaj\u00ed. Ladislav Jakl ale m\u00edrn\u00ed emoce a topka\u0159\u016fm  logicky vzkazuje: na veden\u00ed radnice automatick\u00e9 pr\u00e1vo nem\u00e1te.<\/p>\n<p>&#8222;Kdo  tvrd\u00ed, \u017ee T\u016fma m\u00e1 n\u00e1rok na post prim\u00e1tora, mus\u00ed z\u00e1rove\u0148 tvrdit, \u017ee  sou\u010dasn\u00e1 vl\u00e1da je nelegitimn\u00ed a \u017ee vl\u00e1dnout m\u00e1 Paroubek,&#8220; p\u0159ipomn\u011bl  tajemn\u00edk prezidenta a \u0159editel politick\u00e9ho odboru Hradu Ladislav Jakl  paralelu s jarn\u00edmi volbami. V nich sice \u010cSSD vyhr\u00e1la, ale vl\u00e1du nakonec  sestavila pravice, proto\u017ee se sn\u00e1ze dohodla.<\/p>\n<p>V Praze je situace  podobn\u00e1. TOP 09 sice ve volb\u00e1ch do zastupitelstva hl. m. Prahy vyhr\u00e1la,  ale souboj pokra\u010duje povolebn\u00edmi vyjedn\u00e1v\u00e1n\u00edmi. V tuto chv\u00edli se tak  zd\u00e1, \u017ee topka tah\u00e1 za krat\u0161\u00ed konec provazu, proto\u017ee ODS a \u010cSSD by se ve  veden\u00ed magistr\u00e1tu mohla obej\u00edt bez t\u016fmovc\u016f.<\/p>\n<p>&#8222;Relativn\u00ed, ale  nikoli absolutn\u00ed v\u00edt\u011bz pra\u017esk\u00fdch komun\u00e1ln\u00edch voleb &#8211; TOP 09 &#8211;\u00a0 m\u00e1 \u00fapln\u011b  stejn\u00fd n\u00e1rok na m\u00edsto prim\u00e1tora, jako m\u00e1 relativn\u00ed, ale nikoli absolutn\u00ed  v\u00edt\u011bz sn\u011bmovn\u00edch voleb &#8211; \u010cSSD &#8211; n\u00e1rok na m\u00edsto premi\u00e9ra,&#8220; vysv\u011btlil  Jakl, \u017ee domluva dvou velk\u00fdch stran nen\u00ed \u017e\u00e1dnou por\u00e1\u017ekou demokracie ani  obejit\u00edm voli\u010d\u016f, jak se TOP 09 sna\u017e\u00ed vykreslit.<\/p>\n<p>&#8222;Nelze v jednom  p\u0159\u00edpad\u011b tvrdit jedno a ve druh\u00e9m opak. Je zcela legitimn\u00ed, kdy\u017e  jednotliv\u00e9 strany prosazuj\u00ed \u0159e\u0161en\u00ed, kter\u00e9 je pro n\u011b v\u00fdhodn\u011bj\u0161\u00ed,&#8220; dodal  prezident\u016fv tajemn\u00edk.<\/p>\n<p>Jeho vysv\u011btlen\u00ed by v s\u00eddle TOP 09 mohli  rozum\u011bt. V\u017edy\u0165 i TOP 09 je ve vl\u00e1d\u011b a obsadila \u0159adu presti\u017en\u00edch  ministersk\u00fdch post\u016f, t\u0159eba\u017ee volby vyhr\u00e1la na po\u010det hlas\u016f \u010cSSD.<\/p>\n<p><a href=\"http:\/\/www.prvnizpravy.cz\/zpravy\/zpravy\/z-domova\/tuma-nema-narok44-chladi-jakl-horke-hlavy-top-09\/\" target=\"_blank\">ZDROJ<\/a><\/p>\n","protected":false},"excerpt":{"rendered":"<p>Tajemn\u00edk prezidenta Ladislav Jakl vzkazuje topce: na prim\u00e1tora Prahy m\u00e1te asi stejn\u00fd n\u00e1rok jako \u010cSSD na premi\u00e9ra.<\/p>\n","protected":false},"author":1,"featured_media":0,"comment_status":"open","ping_status":"open","sticky":false,"template":"","format":"standard","meta":{"ngg_post_thumbnail":0,"footnotes":""},"categories":[11],"tags":[],"class_list":["post-640","post","type-post","status-publish","format-standard","hentry","category-ozvena"],"_links":{"self":[{"href":"https:\/\/www.ladislavjakl.cz\/index.php?rest_route=\/wp\/v2\/posts\/640","targetHints":{"allow":["GET"]}}],"collection":[{"href":"https:\/\/www.ladislavjakl.cz\/index.php?rest_route=\/wp\/v2\/posts"}],"about":[{"href":"https:\/\/www.ladislavjakl.cz\/index.php?rest_route=\/wp\/v2\/types\/post"}],"author":[{"embeddable":true,"href":"https:\/\/www.ladislavjakl.cz\/index.php?rest_route=\/wp\/v2\/users\/1"}],"replies":[{"embeddable":true,"href":"https:\/\/www.ladislavjakl.cz\/index.php?rest_route=%2Fwp%2Fv2%2Fcomments&post=640"}],"version-history":[{"count":2,"href":"https:\/\/www.ladislavjakl.cz\/index.php?rest_route=\/wp\/v2\/posts\/640\/revisions"}],"predecessor-version":[{"id":642,"href":"https:\/\/www.ladislavjakl.cz\/index.php?rest_route=\/wp\/v2\/posts\/640\/revisions\/642"}],"wp:attachment":[{"href":"https:\/\/www.ladislavjakl.cz\/index.php?rest_route=%2Fwp%2Fv2%2Fmedia&parent=640"}],"wp:term":[{"taxonomy":"category","embeddable":true,"href":"https:\/\/www.ladislavjakl.cz\/index.php?rest_route=%2Fwp%2Fv2%2Fcategories&post=640"},{"taxonomy":"post_tag","embeddable":true,"href":"https:\/\/www.ladislavjakl.cz\/index.php?rest_route=%2Fwp%2Fv2%2Ftags&post=640"}],"curies":[{"name":"wp","href":"https:\/\/api.w.org\/{rel}","templated":true}]}}