{"id":643,"date":"2010-11-10T13:59:09","date_gmt":"2010-11-10T12:59:09","guid":{"rendered":"http:\/\/www.ladislavjakl.cz\/?p=643"},"modified":"2010-11-10T13:59:09","modified_gmt":"2010-11-10T12:59:09","slug":"rohlik-na-lucni-hore-vztycen","status":"publish","type":"post","link":"https:\/\/www.ladislavjakl.cz\/?p=643","title":{"rendered":"Rohl\u00edk na Lu\u010dn\u00ed ho\u0159e vzty\u010den!"},"content":{"rendered":"<p>Proto\u017ee mainstreamov\u00e1 m\u00e9dia se zab\u00fdvaj\u00ed sam\u00fdmi  pitomostmi a z\u00e1sadn\u00ed v\u011bci ponech\u00e1vaj\u00ed stranou, mus\u00edm ob\u010das ud\u011blat tu  pr\u00e1ci za n\u011b. A tak se s\u00a0V\u00e1mi pod\u011bl\u00edm o jednu p\u0159evratnou novinu, kterou  noviny a televize trestuhodn\u011b pominuly.<\/p>\n<p><a name=\"t2\"><\/a><!--more--><\/p>\n<div>\n<p><a href=\"http:\/\/blog.idnes.cz\/blog\/1491\/162998\/01.jpg\" target=\"_blank\"><img decoding=\"async\" style=\"margin: 5px; float: right;\" title=\"01.jpg\" src=\"http:\/\/blog.idnes.cz\/blog\/1491\/162998\/01.jpg\" border=\"0\" alt=\"01.jpg\" width=\"150\" \/><\/a>Bl\u00ed\u017ee  neur\u010den\u00e9ho letn\u00edho dne roku 2010 za extr\u00e9mn\u011b nep\u0159\u00edzniv\u00fdch  pov\u011btrnostn\u00edch podm\u00ednek vystoupila expedice Meadow Croissant v\u00a0bl\u00ed\u017ee  neur\u010den\u00e9m slo\u017een\u00ed severov\u00fdchodn\u00ed st\u011bnou na vrchol druh\u00e9 nejvy\u0161\u0161\u00ed hory  \u010cesk\u00e9 republiky \u00a0&#8211; Lu\u010dn\u00ed hory v\u00a0Krkono\u0161\u00edch.<\/p>\n<p>Expedice na tomto m\u00edst\u011b kone\u010dn\u011b zavr\u0161ila zaslou\u017eenou rehabilitaci  jednoho z\u00a0na\u0161ich nejkr\u00e1sn\u011bj\u0161\u00edch vrchol\u016f, kter\u00fd byl po dlouh\u00e9 generace  opom\u00edjen, ba dokonce nespravedliv\u011b diskriminov\u00e1n. V\u0161echny mapy mu toti\u017e  po stalet\u00ed zlo\u010dinn\u011b p\u0159isuzovaly v\u00fd\u0161ku o n\u011bco ni\u017e\u0161\u00ed a nepochopiteln\u011b ho  tak \u0159adily mezi na\u0161imi horami a\u017e za Studni\u010dn\u00ed horu.<\/p>\n<p><a href=\"http:\/\/blog.idnes.cz\/blog\/1491\/162998\/02.jpg\" target=\"_blank\"><img decoding=\"async\" style=\"margin: 5px; float: left;\" src=\"http:\/\/blog.idnes.cz\/blog\/1491\/162998\/02.jpg\" border=\"0\" alt=\"\" width=\"150\" \/><\/a>Expedice  MC vzty\u010dila na nejvy\u0161\u0161\u00edm bod\u011b Lu\u010dn\u00ed hory (spr\u00e1vn\u011b 1555.3 m) pam\u00e1tn\u00edk  kartografovi ing. Ji\u0159\u00edmu Rohl\u00edkovi, kter\u00fd se teprve p\u0159ed pouh\u00fdmi t\u0159iceti  lety zaslou\u017eil o zlomen\u00ed letit\u00e9 k\u0159ivdy, kdy\u017e prosadil p\u0159em\u011b\u0159en\u00ed Lu\u010dn\u00ed  hory a t\u00edm i jej\u00ed ofici\u00e1ln\u00ed uzn\u00e1n\u00ed jako druh\u00e9 nejvy\u0161\u0161\u00ed hory \u010cR. Pro  \u00fa\u010dely pomn\u00edku expedice MC symbolicky pou\u017eila vyhl\u00e1\u0161en\u00fd rohl\u00edk z\u00a0pek\u00e1rny  na Lu\u010dn\u00ed boud\u011b.<\/p>\n<p>Mimochodem, nev\u00edte n\u011bkdo, pro\u010d se tam nesm\u00ed? \u017de bych nemusel tajit to datum a slo\u017een\u00ed expedice\u2026<\/p>\n<p><a href=\"http:\/\/jakl.blog.idnes.cz\/c\/162998\/Rohlik-na-Lucni-hore-vztycen.html\" target=\"_blank\">ZDROJ<\/a><\/div>\n","protected":false},"excerpt":{"rendered":"<p>Proto\u017ee mainstreamov\u00e1 m\u00e9dia se zab\u00fdvaj\u00ed sam\u00fdmi pitomostmi a z\u00e1sadn\u00ed v\u011bci ponech\u00e1vaj\u00ed stranou, mus\u00edm ob\u010das ud\u011blat tu pr\u00e1ci za n\u011b. A tak se s\u00a0V\u00e1mi pod\u011bl\u00edm o jednu p\u0159evratnou novinu, kterou noviny a televize trestuhodn\u011b pominuly.<\/p>\n","protected":false},"author":1,"featured_media":0,"comment_status":"open","ping_status":"open","sticky":false,"template":"","format":"standard","meta":{"ngg_post_thumbnail":0,"footnotes":""},"categories":[10],"tags":[],"class_list":["post-643","post","type-post","status-publish","format-standard","hentry","category-zlehka"],"_links":{"self":[{"href":"https:\/\/www.ladislavjakl.cz\/index.php?rest_route=\/wp\/v2\/posts\/643","targetHints":{"allow":["GET"]}}],"collection":[{"href":"https:\/\/www.ladislavjakl.cz\/index.php?rest_route=\/wp\/v2\/posts"}],"about":[{"href":"https:\/\/www.ladislavjakl.cz\/index.php?rest_route=\/wp\/v2\/types\/post"}],"author":[{"embeddable":true,"href":"https:\/\/www.ladislavjakl.cz\/index.php?rest_route=\/wp\/v2\/users\/1"}],"replies":[{"embeddable":true,"href":"https:\/\/www.ladislavjakl.cz\/index.php?rest_route=%2Fwp%2Fv2%2Fcomments&post=643"}],"version-history":[{"count":2,"href":"https:\/\/www.ladislavjakl.cz\/index.php?rest_route=\/wp\/v2\/posts\/643\/revisions"}],"predecessor-version":[{"id":645,"href":"https:\/\/www.ladislavjakl.cz\/index.php?rest_route=\/wp\/v2\/posts\/643\/revisions\/645"}],"wp:attachment":[{"href":"https:\/\/www.ladislavjakl.cz\/index.php?rest_route=%2Fwp%2Fv2%2Fmedia&parent=643"}],"wp:term":[{"taxonomy":"category","embeddable":true,"href":"https:\/\/www.ladislavjakl.cz\/index.php?rest_route=%2Fwp%2Fv2%2Fcategories&post=643"},{"taxonomy":"post_tag","embeddable":true,"href":"https:\/\/www.ladislavjakl.cz\/index.php?rest_route=%2Fwp%2Fv2%2Ftags&post=643"}],"curies":[{"name":"wp","href":"https:\/\/api.w.org\/{rel}","templated":true}]}}