{"id":6469,"date":"2016-02-17T12:09:22","date_gmt":"2016-02-17T11:09:22","guid":{"rendered":"http:\/\/www.ladislavjakl.cz\/?p=6469"},"modified":"2016-02-17T12:09:22","modified_gmt":"2016-02-17T11:09:22","slug":"v-cem-zeman-u-havlistu-pochybil","status":"publish","type":"post","link":"https:\/\/www.ladislavjakl.cz\/?p=6469","title":{"rendered":"V \u010dem Zeman u havlist\u016f pochybil"},"content":{"rendered":"<p class=\"perex\">Dlouh\u00e9 dny jsem si l\u00e1mal hlavu, co se tak nel\u00edbilo na\u0161\u00ed havlistick\u00e9 medi\u00e1ln\u00ed a politick\u00e9 front\u011b na Zemanov\u011b v\u00fdroku s\u00a0kala\u0161nikovem.<\/p>\n<p class=\"perex\"><!--more--><\/p>\n<p>V\u017edy\u0165 p\u0159ece prezident Zeman ne\u0159ekl nic jin\u00e9ho, ne\u017e \u017ee politika lze odstranit demokraticky volbami, nebo nedemokraticky kala\u0161nikovem. Co je na tom \u0161patn\u00e9ho? Co je \u0161patn\u00e9ho na tom, kdy\u017e \u010dlov\u011bk ozna\u010d\u00ed v\u00fdm\u011bnu politika smrt\u00edc\u00ed zbran\u00ed za nedemokratickou?<\/p>\n<p>A najednou mi to do\u0161lo. Zeman sv\u00fdm v\u00fdrokem toti\u017e nen\u00e1padn\u011b za\u00fato\u010dil na syrsk\u00e9 demokraty. Na tamn\u00ed um\u00edrn\u011bnou opozici. Tito um\u00edrn\u011bn\u00ed demokrat\u00e9 toti\u017e cht\u011bj\u00ed odstranit vl\u00e1du prezidenta Asada pr\u00e1v\u011b kala\u0161nikovy a jin\u00fdmi zbran\u011bmi, v\u010detn\u011b d\u011bl, minomet\u016f a raket. A jeliko\u017e jsou to demokrat\u00e9, tak jejich zp\u016fsob um\u00edrn\u011bn\u00e9 opozi\u010dn\u00ed kritiky p\u0159ece nem\u016f\u017ee b\u00fdt nedemokratick\u00fd.<\/p>\n<p>Tak\u017ee havlist\u016fm vadilo, \u017ee Zeman ozna\u010duje metodu \u201ekala\u0161nikov\u201c za nedemokratickou! Kdyby \u0159ekl, \u017ee existuj\u00ed dva demokratick\u00e9 zp\u016fsoby v\u00fdm\u011bny politik\u016f: volbami nebo kala\u0161nikovem, byla by na\u0161e politick\u00e1 a medi\u00e1ln\u00ed fronta jist\u011b spokojena. \u017de mi to do\u0161lo teprve te\u010f, nen\u00ed \u017e\u00e1dn\u00fd div, jsem jen oby\u010dejn\u00fd smrteln\u00edk. Ale jak mohl takovou hrubku ud\u011blat s\u00e1m prezident Zeman?<\/p>\n<p>Tak\u017ee, pane prezidente, nedivte se. Vylu\u010dovat kala\u0161nikov z\u00a0demokracie je formou skryt\u00e9ho sprost\u00e9ho \u00faroku na na\u0161e syrsk\u00e9 p\u0159\u00e1tele.<\/p>\n<p><a href=\"http:\/\/jakl.blog.idnes.cz\/c\/495475\/v-cem-zeman-u-havlistu-pochybil.html\" target=\"_blank\">Zdroj<\/a><\/p>\n","protected":false},"excerpt":{"rendered":"<p>Dlouh\u00e9 dny jsem si l\u00e1mal hlavu, co se tak nel\u00edbilo na\u0161\u00ed havlistick\u00e9 medi\u00e1ln\u00ed a politick\u00e9 front\u011b na Zemanov\u011b v\u00fdroku s\u00a0kala\u0161nikovem.<\/p>\n","protected":false},"author":1,"featured_media":0,"comment_status":"open","ping_status":"open","sticky":false,"template":"","format":"standard","meta":{"ngg_post_thumbnail":0,"footnotes":""},"categories":[10],"tags":[],"class_list":["post-6469","post","type-post","status-publish","format-standard","hentry","category-zlehka"],"_links":{"self":[{"href":"https:\/\/www.ladislavjakl.cz\/index.php?rest_route=\/wp\/v2\/posts\/6469","targetHints":{"allow":["GET"]}}],"collection":[{"href":"https:\/\/www.ladislavjakl.cz\/index.php?rest_route=\/wp\/v2\/posts"}],"about":[{"href":"https:\/\/www.ladislavjakl.cz\/index.php?rest_route=\/wp\/v2\/types\/post"}],"author":[{"embeddable":true,"href":"https:\/\/www.ladislavjakl.cz\/index.php?rest_route=\/wp\/v2\/users\/1"}],"replies":[{"embeddable":true,"href":"https:\/\/www.ladislavjakl.cz\/index.php?rest_route=%2Fwp%2Fv2%2Fcomments&post=6469"}],"version-history":[{"count":1,"href":"https:\/\/www.ladislavjakl.cz\/index.php?rest_route=\/wp\/v2\/posts\/6469\/revisions"}],"predecessor-version":[{"id":6470,"href":"https:\/\/www.ladislavjakl.cz\/index.php?rest_route=\/wp\/v2\/posts\/6469\/revisions\/6470"}],"wp:attachment":[{"href":"https:\/\/www.ladislavjakl.cz\/index.php?rest_route=%2Fwp%2Fv2%2Fmedia&parent=6469"}],"wp:term":[{"taxonomy":"category","embeddable":true,"href":"https:\/\/www.ladislavjakl.cz\/index.php?rest_route=%2Fwp%2Fv2%2Fcategories&post=6469"},{"taxonomy":"post_tag","embeddable":true,"href":"https:\/\/www.ladislavjakl.cz\/index.php?rest_route=%2Fwp%2Fv2%2Ftags&post=6469"}],"curies":[{"name":"wp","href":"https:\/\/api.w.org\/{rel}","templated":true}]}}