{"id":648,"date":"2010-11-18T11:57:45","date_gmt":"2010-11-18T10:57:45","guid":{"rendered":"http:\/\/www.ladislavjakl.cz\/?p=648"},"modified":"2010-11-18T11:57:45","modified_gmt":"2010-11-18T10:57:45","slug":"ct-bije-vlastni-tvorbou-konkurenci-bohdalova-proste-tahne","status":"publish","type":"post","link":"https:\/\/www.ladislavjakl.cz\/?p=648","title":{"rendered":"\u010cT bije vlastn\u00ed tvorbou konkurenci. Bohdalov\u00e1 prost\u011b t\u00e1hne"},"content":{"rendered":"<p><strong>\u010cesk\u00e1 televize a jej\u00ed  vlastn\u00ed tvorba b\u00fdv\u00e1 kritizov\u00e1na ze dvou sm\u011br\u016f. Jej\u00ed po\u0159ady pr\u00fd nepat\u0159\u00ed k  nejlevn\u011bj\u0161\u00edm a u\u017e v\u016fbec nejsou ve\u0159ejnopr\u00e1vn\u00ed. Podle sledovanosti je to  ale jej\u00edm div\u00e1k\u016fm \u00fapln\u011b jedno a seri\u00e1l s Ji\u0159inou Bohdalovou dok\u00e1\u017ee s  p\u0159ehledem p\u0159et\u00e1hnout div\u00e1ky velkolep\u00e9 nov\u00e1ck\u00e9 Talentm\u00e1nii. Div\u00e1ci se  vyj\u00e1d\u0159ili jasn\u011b. Co na to experti?<\/strong><\/p>\n<p><!--more-->\u010cesk\u00e1 televize &#8222;drt\u00ed&#8220; konkurenci v\u00a0hlavn\u00edm vys\u00edlac\u00edm  \u010dase. Sta\u010d\u00ed, aby nasadila ur\u010dit\u00e9 po\u0159ady z\u00a0vlastn\u00ed produkce \u010di dodan\u00e9  extern\u00ed firmou \u201ena kl\u00ed\u010d&#8220; a \u010desk\u00e9 dom\u00e1cnosti za\u010dnou p\u0159ep\u00ednat, aby  s\u00a0Ji\u0159inou Bohdalovou odhalovaly krimin\u00e1ln\u00ed p\u0159\u00edpady, s\u00a0herci seri\u00e1lu  Vypr\u00e1v\u011bj vzpom\u00ednaly na kr\u00e1sy socialismu \u010di se s\u00a0Ester Jane\u010dkovou  doj\u00edmaly nad zlomov\u00fdm setk\u00e1n\u00edm \u00fa\u010dinkuj\u00edc\u00edch po pades\u00e1ti letech ml\u010den\u00ed.<\/p>\n<p>Zm\u00edn\u011bn\u00e9 po\u0159ady nepat\u0159\u00ed v\u00a0rozpo\u010dtu \u010cT k\u00a0nejlevn\u011bj\u0161\u00edm a men\u0161inov\u00e9ho div\u00e1ka  nezaplavuj\u00ed tunami zaj\u00edmav\u00fdch informac\u00ed \u010di mimo\u0159\u00e1dn\u00fdmi um\u011bleck\u00fdmi  z\u00e1\u017eitky, co\u017e by podle n\u011bkter\u00fdch kritik\u016f \u010cT d\u011blat m\u011bly, pokud se jim  dostane\u00a0mo\u017enosti b\u011b\u017eet v\u00a0prime time hlavn\u00edho kan\u00e1lu ve\u0159ejnopr\u00e1vn\u00edho  m\u00e9dia. N\u011bkte\u0159\u00ed, jako nap\u0159\u00edklad report\u00e9r Reflexu J. X. Dole\u017eal, pak  otev\u0159en\u011b \u017e\u00e1daj\u00ed zru\u0161en\u00ed hlavn\u011b \u201ekomer\u010dn\u00edch&#8220; kan\u00e1l\u016f \u010cT1 a \u010cT24.<\/p>\n<p>\u010c\u00edsla sledovanosti ale hovo\u0159\u00ed ve prosp\u011bch Kav\u010d\u00edch hor a jejich vlastn\u00ed  produkce. Klasick\u00fdm p\u0159\u00edpadem je t\u0159eba seri\u00e1l Vypr\u00e1v\u011bj, kter\u00fd to  v\u00a0p\u0159edve\u010der posledn\u00edho \u0159\u00edjnov\u00e9ho v\u00edkendu &#8222;nat\u0159el&#8220; TV NOVA o 300 tis\u00edc  div\u00e1k\u016f. Stejn\u011b tak Ji\u0159ina Bohdalov\u00e1 s\u00a0cyklem Ach, ty vra\u017edy kraluje  ned\u011bln\u00edm ve\u010der\u016fm s\u00a0n\u00e1skokem 100-200 tis\u00edc z\u00e1\u0159\u00edc\u00edch obrazovek proti TV  NOVA s\u00a0jej\u00ed Talentm\u00e1ni\u00ed.<\/p>\n<p><strong>Srovn\u00e1v\u00e1te s\u00a0BBC? \u010cT se j\u00ed za\u010d\u00edn\u00e1 podobat<\/strong><\/p>\n<p>Osloven\u00ed medi\u00e1ln\u00ed experti se shoduj\u00ed na tom, \u017ee \u010cT se svou komer\u010dn\u00ed  tvorbou ned\u011bl\u00e1 nic neobvykl\u00e9ho p\u0159i porovn\u00e1n\u00ed se zahrani\u010d\u00edm. Obl\u00edben\u00fdm  zvykem je srovn\u00e1vat \u010cT se symbolem ve\u0159ejnopr\u00e1vnosti, britskou BBC. \u201eA  pr\u00e1v\u011b t\u0159eba BBC takov\u00fdch komer\u010dn\u00edch a ne zrovna levn\u00fdch v\u011bc\u00ed produkuje  spoustu,&#8220; p\u0159ipom\u00edn\u00e1 b\u00fdval\u00fd \u0161\u00e9f \u010desk\u00e9ho Ringieru Tom\u00e1\u0161 B\u00f6hm. Ukazuje to  na seri\u00e1lu Jist\u011b, pane minist\u0159e.<\/p>\n<p>\u201eJasn\u011b komer\u010dn\u00ed z\u00e1le\u017eitost v\u00a0dob\u011b sv\u00e9ho vzniku. A z\u00e1rove\u0148 mimo\u0159\u00e1dn\u011b  kvalitn\u00ed a\u017e ikonick\u00e1 uk\u00e1zka britsk\u00e9ho humoru, kter\u00e1 uspokoj\u00ed  nejn\u00e1ro\u010dn\u011bj\u0161\u00ed div\u00e1ky. Kdo m\u016f\u017ee \u0159\u00edci, \u017ee v\u00a0sou\u010dasnosti vyr\u00e1b\u011bn\u00e9 po\u0159ady \u010cT  nebudou za t\u0159i roky pat\u0159it do klasick\u00e9 tvorby v\u00fdrazn\u011b p\u0159evy\u0161uj\u00edc\u00ed  nab\u00edzen\u00fd mainstream&#8230; Ve\u0159ejnopr\u00e1vn\u00ed televize by sv\u00e9 po\u0159ady, obzvl\u00e1\u0161t\u011b  takto \u00fasp\u011b\u0161n\u00e9 vyr\u00e1b\u011bt m\u011bla. Nem\u011bly by ale b\u00fdt p\u0159edra\u017een\u00e9. Zda jsou \u010di  ne, posoudit nemohu, \u010d\u00edsla nezn\u00e1m. Nicm\u00e9n\u011b takov\u00e1 Po\u0161ta pro tebe podle  m\u011b zas tak drah\u00e1 nebude,&#8220; zhodnotil pro\u00a0Parlamentn\u00edListy.cz B\u00f6hm.<\/p>\n<p><strong>Typicky \u010desk\u00e9 odpov\u011bdi na probl\u00e9m \u010cesk\u00e9 televize<\/strong><\/p>\n<p>Podle medi\u00e1ln\u00edho odborn\u00edka Milana Krumla, pracuj\u00edc\u00edho pro komer\u010dn\u00ed  televizi, \u010cT vyr\u00e1b\u00ed a vys\u00edl\u00e1 pro men\u0161inov\u00e9ho div\u00e1ka dost po\u0159ad\u016f. \u201ePokud  se pod\u00edv\u00e1me na c\u00edlovou skupinu, jsou to mnohdy lid\u00e9 nad 50 let. To je  men\u0161inov\u00e1 skupina, kter\u00e1 komer\u010dn\u00ed stanice zas a\u017e tak nezaj\u00edm\u00e1,&#8220;  p\u0159ipom\u00edn\u00e1 Kruml. \u010cast\u00e1 kritika programu na\u0161\u00ed ve\u0159ejnopr\u00e1vn\u00ed televize se  pr\u00fd net\u00fdk\u00e1 ani tak \u00fasp\u011b\u0161nosti po\u0159ad\u016f, jako sp\u00ed\u0161 podm\u00ednek, za kter\u00fdch  vznik\u00e1. \u010cT si podle n\u011bj m\u016f\u017ee pohodln\u011b dovolit nato\u010dit kvalitn\u00ed  \u201ev\u011bt\u0161inov\u00e9&#8220; po\u0159ady prost\u011b proto, \u017ee narozd\u00edl od televize komer\u010dn\u00ed  neusiluje o maxim\u00e1ln\u00ed zisk.<\/p>\n<p>\u201eOdpov\u011bdi na ot\u00e1zku programov\u00e9ho sm\u011b\u0159ov\u00e1n\u00ed \u010cesk\u00e9 televize jsou mnohdy  typicky \u010desk\u00e9, tedy zjednodu\u0161uj\u00edc\u00ed. Kritici \u010dasto nemaj\u00ed k\u00a0dispozici  detailn\u00ed \u010d\u00edsla a srovn\u00e1n\u00ed, bez t\u011bch ale nejde posuzovat cestu, kterou se  \u010cT vydala jako dobrou \u010di \u0161patnou. A dal\u0161\u00ed d\u016fle\u017eit\u00e1 prom\u011bnn\u00e1: V\u00a0jak\u00e9m  vztahu k\u00a0\u010cT ti kritici jsou? Kdy\u017e se op\u00edraj\u00ed do drah\u00fdch extern\u00edch  dodavatel\u016f, nejsou n\u00e1hodou v\u00a0situaci, kdy by jejich \u010di s\u00a0nimi n\u011bjak  sp\u0159\u00edzn\u011bn\u00e1 spole\u010dnost byla r\u00e1da pr\u00e1v\u011b na pozici kritizovan\u00e9ho tv\u016frce  po\u0159ad\u016f pro dob\u0159e plat\u00edc\u00ed \u010cT,&#8220; pt\u00e1 se Kruml.<\/p>\n<p><strong>Jand\u00e1k: Do\u0161la mi trp\u011blivost, po\u0159\u00e1d\u00e1m semin\u00e1\u0159 o ve\u0159ejnopr\u00e1vnosti<\/strong><\/p>\n<p>Poslance a b\u00fdval\u00e9ho \u0161\u00e9fa zru\u0161en\u00e9 sn\u011bmovn\u00ed komise pro sd\u011blovac\u00ed  prost\u0159edky V\u00edt\u011bzslava Jand\u00e1ka (\u010cSSD)\u00a0zlob\u00ed prob\u00edhaj\u00edc\u00ed diskuse o  nedostate\u010dn\u00e9 ve\u0159ejnopr\u00e1vnosti \u010cT do t\u00e9 m\u00edry, \u017ee na t\u00e9ma  \u201eve\u0159ejnopr\u00e1vnost&#8220; uspo\u0159\u00e1d\u00e1 na p\u016fd\u011b Poslaneck\u00e9 sn\u011bmovny odborn\u00fd semin\u00e1\u0159.  \u201eT\u011b\u0161\u00edm se na to, a\u017e se k\u00a0problematice ve\u0159ejnopr\u00e1vnosti vyj\u00e1d\u0159\u00ed  zahrani\u010dn\u00ed experti. M\u00e1m toti\u017e takov\u00fd \u0161patn\u00fd pocit, \u017ee u n\u00e1s nikdo  vlastn\u011b nev\u00ed, co to ta ve\u0159ejnopr\u00e1vnost vlastn\u011b je. P\u0159esto o n\u00ed ka\u017ed\u00fd  s\u00a0chut\u00ed hovo\u0159\u00ed,&#8220; vyj\u00e1d\u0159il se pro Parlamentn\u00edListy.cz zn\u00e1m\u00fd jiho\u010desk\u00fd  poslanec.<\/p>\n<p>\u201eMn\u011b se detektivky s\u00a0pan\u00ed Bohdalovou stra\u0161n\u011b l\u00edb\u00ed, jsou vynikaj\u00edc\u00ed a m\u011b  by velice zaj\u00edmalo, co je na nich tak komer\u010dn\u00edho a poklesl\u00e9ho? Proboha  nechme fungovat aspo\u0148 to, co po sto dnech Ne\u010dasovy vl\u00e1dy je\u0161t\u011b  bezprobl\u00e9mov\u011b funguje,&#8220; neodpustil si pozn\u00e1mku adresovanou do Strakovy  akademie Jand\u00e1k.<\/p>\n<p>Nep\u0159\u00edmo se tak pou\u0161t\u00ed do sou\u010dasn\u00e9ho \u0161\u00e9fa \u201eStrakovky&#8220;. Ten se na p\u0159elomu  \u010dervence a srpna tak\u00e9 zapojil do diskuse o \u201espr\u00e1vn\u00e9&#8220; roli pro \u010cT na  serveru Aktu\u00e1ln\u011b.cz. \u201e\u010cT 1 a \u010cT 4 nepln\u00ed \u00fakoly ve\u0159ejnopr\u00e1vn\u00edho vys\u00edl\u00e1n\u00ed a  jsou to v podstat\u011b poplatky dotovan\u00e9 komer\u010dn\u00ed programy a na plytkou  z\u00e1bavu orientovan\u00e9 sportovn\u00ed a z\u00e1bavn\u00ed kan\u00e1ly,&#8220; nechal se sly\u0161et  premi\u00e9r.<\/p>\n<p>Podobn\u011b se na adresu \u010cT vyjad\u0159uj\u00ed bl\u00edzc\u00ed spolupracovn\u00edci prezidenta  V\u00e1clava Klause. &#8222;St\u00e1tn\u00ed televize, jakou je i \u010cT, m\u00e1 n\u00e1rok na existenci  jen tehdy, kdy\u017e vys\u00edl\u00e1 po\u0159ady, kter\u00e9 trh nez\u00e1visl\u00fdch soukrom\u00fdch televiz\u00ed  nem\u016f\u017ee poskytnout. Komerce trhaj\u00edc\u00ed rekordy jimi ur\u010dit\u011b nen\u00ed. Ostatn\u011b  soud\u00edm, \u017ee \u010cesk\u00e1 televize mus\u00ed b\u00fdt zru\u0161ena,&#8220; stylizuje se do role  \u0159\u00edmsk\u00e9ho spisovatele, politika a voj\u00e1ka Cata star\u0161\u00edho nap\u0159\u00edklad  prezident\u016fv tajemn\u00edk Ladislav Jakl.<\/p>\n<p><strong>Alternativn\u00ed intelektu\u00e1lka v\u00a0nejlep\u0161\u00edch letech, Zn.: Sh\u00e1n\u00edm div\u00e1ky<\/strong><\/p>\n<p>\u201eVe\u0159ejnopr\u00e1vn\u00ed m\u00e9dium m\u00e1 za ve\u0159ejn\u00e9 pen\u00edze obsluhovat prostor, kter\u00fd  zdarma nezapl\u0148uj\u00ed priv\u00e1tn\u00ed m\u00e9dia. Kolikr\u00e1t jsem ji\u017e tento v\u00fdrok sly\u0161el  od roku 1994, kdy s n\u00edm n\u011bkolik let, v r\u016fzn\u00fdch modifikac\u00edch, t\u00fdden co  t\u00fdden, \u00fasp\u011b\u0161n\u011b bodoval jeho autor Vladim\u00edr \u017delezn\u00fd ve sv\u00e9m po\u0159adu  Volejte \u0159editeli,&#8220; reagoval pro Parlamentn\u00edListy.cz exkluzivn\u011b \u0159editel  \u010cT Ji\u0159\u00ed Jane\u010dek.<\/p>\n<p>Div\u00e1kovi \u010cT je podle Jane\u010dka pot\u0159eba nab\u00eddnout p\u0159edev\u0161\u00edm to, co jej  zaj\u00edm\u00e1. &#8222;\u010cesk\u00e1 televize je nejen ve\u0159ejnou instituc\u00ed, ale p\u0159edev\u0161\u00edm  televiz\u00ed a jako takov\u00e1 pot\u0159ebuje div\u00e1ky. Bez nich je mrtv\u00e1&#8230; mysl\u00edm, \u017ee  se ve\u0159ejn\u00e1 televize sna\u017e\u00ed d\u011blat z\u00e1bavu vkusnou, neur\u00e1\u017eej\u00edc\u00ed a kvalitn\u00ed.  Jenom\u017ee zde nejde o kvalitu. Kritika sm\u011b\u0159uje k existenci z\u00e1bavy ve  ve\u0159ejn\u00e9 televizi. Vys\u00edl\u00e1te z\u00e1bavu, nenapl\u0148ujete ve\u0159ejnou slu\u017ebu,&#8220;  konstatoval Jane\u010dek prost\u0159ednictv\u00edm na\u0161eho webu ve sv\u00e9 odpov\u011bdi  Ne\u010dasovi.<\/p>\n<p><a href=\"http:\/\/www.parlamentnilisty.cz\/zpravy\/180789.aspx\" target=\"_blank\">ZDROJ<\/a><\/p>\n","protected":false},"excerpt":{"rendered":"<p>\u010cesk\u00e1 televize a jej\u00ed vlastn\u00ed tvorba b\u00fdv\u00e1 kritizov\u00e1na ze dvou sm\u011br\u016f. Jej\u00ed po\u0159ady pr\u00fd nepat\u0159\u00ed k nejlevn\u011bj\u0161\u00edm a u\u017e v\u016fbec nejsou ve\u0159ejnopr\u00e1vn\u00ed. Podle sledovanosti je to ale jej\u00edm div\u00e1k\u016fm \u00fapln\u011b jedno a seri\u00e1l s Ji\u0159inou Bohdalovou dok\u00e1\u017ee s p\u0159ehledem p\u0159et\u00e1hnout div\u00e1ky velkolep\u00e9 nov\u00e1ck\u00e9 Talentm\u00e1nii. Div\u00e1ci se vyj\u00e1d\u0159ili jasn\u011b. Co na to experti?<\/p>\n","protected":false},"author":1,"featured_media":0,"comment_status":"open","ping_status":"open","sticky":false,"template":"","format":"standard","meta":{"ngg_post_thumbnail":0,"footnotes":""},"categories":[11],"tags":[],"class_list":["post-648","post","type-post","status-publish","format-standard","hentry","category-ozvena"],"_links":{"self":[{"href":"https:\/\/www.ladislavjakl.cz\/index.php?rest_route=\/wp\/v2\/posts\/648","targetHints":{"allow":["GET"]}}],"collection":[{"href":"https:\/\/www.ladislavjakl.cz\/index.php?rest_route=\/wp\/v2\/posts"}],"about":[{"href":"https:\/\/www.ladislavjakl.cz\/index.php?rest_route=\/wp\/v2\/types\/post"}],"author":[{"embeddable":true,"href":"https:\/\/www.ladislavjakl.cz\/index.php?rest_route=\/wp\/v2\/users\/1"}],"replies":[{"embeddable":true,"href":"https:\/\/www.ladislavjakl.cz\/index.php?rest_route=%2Fwp%2Fv2%2Fcomments&post=648"}],"version-history":[{"count":1,"href":"https:\/\/www.ladislavjakl.cz\/index.php?rest_route=\/wp\/v2\/posts\/648\/revisions"}],"predecessor-version":[{"id":649,"href":"https:\/\/www.ladislavjakl.cz\/index.php?rest_route=\/wp\/v2\/posts\/648\/revisions\/649"}],"wp:attachment":[{"href":"https:\/\/www.ladislavjakl.cz\/index.php?rest_route=%2Fwp%2Fv2%2Fmedia&parent=648"}],"wp:term":[{"taxonomy":"category","embeddable":true,"href":"https:\/\/www.ladislavjakl.cz\/index.php?rest_route=%2Fwp%2Fv2%2Fcategories&post=648"},{"taxonomy":"post_tag","embeddable":true,"href":"https:\/\/www.ladislavjakl.cz\/index.php?rest_route=%2Fwp%2Fv2%2Ftags&post=648"}],"curies":[{"name":"wp","href":"https:\/\/api.w.org\/{rel}","templated":true}]}}