{"id":6480,"date":"2016-02-22T16:46:56","date_gmt":"2016-02-22T15:46:56","guid":{"rendered":"http:\/\/www.ladislavjakl.cz\/?p=6480"},"modified":"2016-02-22T16:47:25","modified_gmt":"2016-02-22T15:47:25","slug":"dvanacty-rocnik-cimrfestu-se-blizi","status":"publish","type":"post","link":"https:\/\/www.ladislavjakl.cz\/?p=6480","title":{"rendered":"Dvan\u00e1ct\u00fd ro\u010dn\u00edk Cimrfestu se bl\u00ed\u017e\u00ed"},"content":{"rendered":"<p><strong>Letos ji\u017e podvan\u00e1ct\u00e9 prob\u011bhne kultovn\u00ed festival Cimrfest, kter\u00fd se kon\u00e1 na pam\u00e1tku skv\u011bl\u00e9ho buben\u00edka Zde\u0148ka Cimmermana. Od roku 2005 v\u017edy na stejn\u00e9m m\u00edst\u011b, ve Vagonu na N\u00e1rodn\u00ed t\u0159\u00edd\u011b a ve stejn\u00fd den, 28. \u00fanora od 19.30.<\/strong><\/p>\n<p><!--more--><\/p>\n<div class=\"vypistext\">\n<p><em>&#8222;Festival Cimrfest sv\u00e9 jm\u00e9no nese po legend\u00e1rn\u00edm buben\u00edkovi kapel Folimanka Blues, Etal a Hokr a p\u0159edev\u0161\u00edm nezapomenuteln\u00e9m kamar\u00e1dovi a bavi\u010di Zde\u0148ku Cimmermanovi, kter\u00fd zem\u0159el pr\u00e1v\u011b v \u00fanoru 2005. Od t\u00e9 doby ale za n\u00edm do muzikantsk\u00e9ho nebe ode\u0161lo mnoha dal\u0161\u00edch muzikant\u016f, kte\u0159\u00ed sice tady dole bolestn\u011b chyb\u011bj\u00ed, ale mnoh\u00e9 tu po nich z\u016fstalo. Proto se Cimrfest ka\u017edoro\u010dn\u011b po\u0159\u00e1d\u00e1 na jejich pam\u00e1tku a jejich po\u010dest, na po\u010dest v\u0161ech zn\u00e1m\u00fdch i m\u00e9n\u011b zn\u00e1m\u00fdch muzikant\u016f, kte\u0159\u00ed tu u\u017e s n\u00e1mi nejsou,&#8220;<\/em> \u0159\u00edk\u00e1 frontman kapely Folimanka Blues, Ladislav Jakl.<\/p>\n<p>Ov\u0161em nebude se jednat jen o smutnou pietu, to by si ti naho\u0159e ani nep\u0159\u00e1li. V\u017edy jde o po\u0159\u00e1dn\u00fd bigb\u00edtov\u00fd ve\u010der, kter\u00fd stoj\u00ed za to si p\u011bkn\u011b u\u017e\u00edt. Ka\u017ed\u00fd rok b\u00fdv\u00e1 sestava kapel jin\u00e1. Letos krom\u011b po\u0159\u00e1daj\u00edc\u00ed kapely Folimanka Blues zahraje svi\u017en\u00e1 sestava Votchi a trio Ztracen\u00e9 iluze, co\u017e jsou brat\u0159i Zatloukalovi s Jamajkou Koblicovou.<\/p>\n<p>Kdo si chce povyrazit u v\u00fd\u017eivn\u00e9ho bigb\u00edtu, pop\u00edt s kamar\u00e1dy a t\u0159eba i trochu zavzpom\u00ednat, nem\u00e1 lep\u0161\u00ed volbu.<\/p>\n<p>V\u00edce informac\u00ed o kapele Folimanka Blues naleznete na <strong><a href=\"http:\/\/www.folimankablues.cz\/\" target=\"_blank\">www.folimankablues.cz<\/a><\/strong>.<\/p>\n<p><a href=\"https:\/\/www.ladislavjakl.cz\/wp-content\/uploads\/2016\/02\/cimrfest16bign.png\"><img loading=\"lazy\" decoding=\"async\" class=\"aligncenter wp-image-6481\" src=\"https:\/\/www.ladislavjakl.cz\/wp-content\/uploads\/2016\/02\/cimrfest16bign.png\" alt=\"cimrfest16bign\" width=\"380\" height=\"538\" srcset=\"https:\/\/www.ladislavjakl.cz\/wp-content\/uploads\/2016\/02\/cimrfest16bign.png 494w, https:\/\/www.ladislavjakl.cz\/wp-content\/uploads\/2016\/02\/cimrfest16bign-219x310.png 219w\" sizes=\"auto, (max-width: 380px) 100vw, 380px\" \/><\/a><\/p>\n<\/div>\n","protected":false},"excerpt":{"rendered":"<p>Letos ji\u017e podvan\u00e1ct\u00e9 prob\u011bhne kultovn\u00ed festival Cimrfest, kter\u00fd se kon\u00e1 na pam\u00e1tku skv\u011bl\u00e9ho buben\u00edka Zde\u0148ka Cimmermana. Od roku 2005 v\u017edy na stejn\u00e9m m\u00edst\u011b, ve Vagonu na N\u00e1rodn\u00ed t\u0159\u00edd\u011b a ve stejn\u00fd den, 28. \u00fanora od 19.30.<\/p>\n","protected":false},"author":1,"featured_media":0,"comment_status":"open","ping_status":"open","sticky":false,"template":"","format":"standard","meta":{"ngg_post_thumbnail":0,"footnotes":""},"categories":[4,11],"tags":[],"class_list":["post-6480","post","type-post","status-publish","format-standard","hentry","category-hudba","category-ozvena"],"_links":{"self":[{"href":"https:\/\/www.ladislavjakl.cz\/index.php?rest_route=\/wp\/v2\/posts\/6480","targetHints":{"allow":["GET"]}}],"collection":[{"href":"https:\/\/www.ladislavjakl.cz\/index.php?rest_route=\/wp\/v2\/posts"}],"about":[{"href":"https:\/\/www.ladislavjakl.cz\/index.php?rest_route=\/wp\/v2\/types\/post"}],"author":[{"embeddable":true,"href":"https:\/\/www.ladislavjakl.cz\/index.php?rest_route=\/wp\/v2\/users\/1"}],"replies":[{"embeddable":true,"href":"https:\/\/www.ladislavjakl.cz\/index.php?rest_route=%2Fwp%2Fv2%2Fcomments&post=6480"}],"version-history":[{"count":3,"href":"https:\/\/www.ladislavjakl.cz\/index.php?rest_route=\/wp\/v2\/posts\/6480\/revisions"}],"predecessor-version":[{"id":6484,"href":"https:\/\/www.ladislavjakl.cz\/index.php?rest_route=\/wp\/v2\/posts\/6480\/revisions\/6484"}],"wp:attachment":[{"href":"https:\/\/www.ladislavjakl.cz\/index.php?rest_route=%2Fwp%2Fv2%2Fmedia&parent=6480"}],"wp:term":[{"taxonomy":"category","embeddable":true,"href":"https:\/\/www.ladislavjakl.cz\/index.php?rest_route=%2Fwp%2Fv2%2Fcategories&post=6480"},{"taxonomy":"post_tag","embeddable":true,"href":"https:\/\/www.ladislavjakl.cz\/index.php?rest_route=%2Fwp%2Fv2%2Ftags&post=6480"}],"curies":[{"name":"wp","href":"https:\/\/api.w.org\/{rel}","templated":true}]}}