{"id":6497,"date":"2016-03-03T14:54:18","date_gmt":"2016-03-03T13:54:18","guid":{"rendered":"http:\/\/www.ladislavjakl.cz\/?p=6497"},"modified":"2016-03-03T14:54:18","modified_gmt":"2016-03-03T13:54:18","slug":"lze-postoj-nemecka-k-ceskym-pracovnikum-oznacit-jako-diskriminaci","status":"publish","type":"post","link":"https:\/\/www.ladislavjakl.cz\/?p=6497","title":{"rendered":"Lze postoj N\u011bmecka k \u010desk\u00fdm pracovn\u00edk\u016fm ozna\u010dit jako diskriminaci?"},"content":{"rendered":"<p class=\"perex\">\u010cl\u00e1nky Ladislava Jakla popravd\u011b moc ne\u010dtu, ale do jeho rozhovoru pro Parlamentn\u00ed listy (<a href=\"http:\/\/neviditelnypes.lidovky.cz\/rozhovor-byl-jsem-za-extremistu-doo-\/p_spolecnost.aspx?c=A160218_163229_p_spolecnost_wag\" rel=\"nofollow\">zde<\/a>) jsem se p\u0159eci jen\u00a0zakousl.<\/p>\n<p class=\"perex\"><!--more--><\/p>\n<p>Text m\u011b sice ni\u010d\u00edm moc nep\u0159ekvapil, \u00a0ale narazil jsem tam na jednu my\u0161lenku, kter\u00e1 m\u011b asi mohla napadnout samotn\u00e9ho. Toti\u017e, kdy\u017e pan\u00ed Merklov\u00e1 opakovan\u011b zd\u016fraz\u0148uje, \u017ee p\u0159\u00edliv uprchl\u00edk\u016f je nezbytn\u00fd pro o\u017eiven\u00ed n\u011bmeck\u00e9ho trhu pr\u00e1ce, pro\u010d tedy nijak nezas\u00e1hla v p\u0159\u00edpad\u011b omezen\u00ed vstupu \u010cech\u016f na n\u011bj.<\/p>\n<p>Jist\u011b si vzpomenete na hysterii, kterou spustili n\u011bkter\u00e9 st\u00e1ty EU v dob\u011b na\u0161eho p\u0159istoupen\u00ed. Rakousko a N\u011bmecko si tehdy vyjednali nejdel\u0161\u00ed dobu, po kterou n\u00e1m byl jejich pracovn\u00ed trh uzav\u0159en. Bylo to cel\u00fdch sedm let.<\/p>\n<p>Sedl jsem tedy k po\u010d\u00edta\u010di a celkem rychle na\u0161el, \u017ee toto moratorium n\u00e1m vypr\u0161elo v roce 2011. Angela Merklov\u00e1 je kancl\u00e9\u0159kou od roku 2005. Pokud je skute\u010dn\u011b stav jejich pracovn\u00edho trhu takov\u00fd, jak n\u00e1m je nyn\u00ed p\u0159edkl\u00e1d\u00e1n, je nepochopiteln\u00e9, pro\u010d nebyly ze strany N\u011bmecka u\u010din\u011bny n\u00e1le\u017eit\u00e9 kroky ke zkr\u00e1cen\u00ed t\u00e9to lh\u016fty. Mo\u017en\u00e9 by to zcela nepochybn\u011b bylo.<\/p>\n<p>Vysv\u011btlen\u00ed jsou dv\u011b. Bu\u010f jsme stran kondice n\u011bmeck\u00e9ho pracovn\u00edho trhu z\u00e1m\u011brn\u011b obelh\u00e1v\u00e1ni, nebo se jedn\u00e1 o zjevnou diskriminaci, mo\u017en\u00e1 a\u017e rasismus v\u016f\u010di n\u00e1m. Ani jedna z t\u011bchto mo\u017enost\u00ed m\u011b moc neuklid\u0148uje.<\/p>\n<p>Hanu\u0161 Velebn\u00fd<\/p>\n<p><a href=\"http:\/\/hanusvelebny.blog.idnes.cz\/c\/496976\/lze-postoj-nemecka-k-ceskym-pracovnikum-oznacit-jako-diskriminaci.html\" target=\"_blank\">Zdroj<\/a><\/p>\n","protected":false},"excerpt":{"rendered":"<p>\u010cl\u00e1nky Ladislava Jakla popravd\u011b moc ne\u010dtu, ale do jeho rozhovoru pro Parlamentn\u00ed listy (zde) jsem se p\u0159eci jen\u00a0zakousl.<\/p>\n","protected":false},"author":1,"featured_media":0,"comment_status":"open","ping_status":"open","sticky":false,"template":"","format":"standard","meta":{"ngg_post_thumbnail":0,"footnotes":""},"categories":[11],"tags":[],"class_list":["post-6497","post","type-post","status-publish","format-standard","hentry","category-ozvena"],"_links":{"self":[{"href":"https:\/\/www.ladislavjakl.cz\/index.php?rest_route=\/wp\/v2\/posts\/6497","targetHints":{"allow":["GET"]}}],"collection":[{"href":"https:\/\/www.ladislavjakl.cz\/index.php?rest_route=\/wp\/v2\/posts"}],"about":[{"href":"https:\/\/www.ladislavjakl.cz\/index.php?rest_route=\/wp\/v2\/types\/post"}],"author":[{"embeddable":true,"href":"https:\/\/www.ladislavjakl.cz\/index.php?rest_route=\/wp\/v2\/users\/1"}],"replies":[{"embeddable":true,"href":"https:\/\/www.ladislavjakl.cz\/index.php?rest_route=%2Fwp%2Fv2%2Fcomments&post=6497"}],"version-history":[{"count":1,"href":"https:\/\/www.ladislavjakl.cz\/index.php?rest_route=\/wp\/v2\/posts\/6497\/revisions"}],"predecessor-version":[{"id":6498,"href":"https:\/\/www.ladislavjakl.cz\/index.php?rest_route=\/wp\/v2\/posts\/6497\/revisions\/6498"}],"wp:attachment":[{"href":"https:\/\/www.ladislavjakl.cz\/index.php?rest_route=%2Fwp%2Fv2%2Fmedia&parent=6497"}],"wp:term":[{"taxonomy":"category","embeddable":true,"href":"https:\/\/www.ladislavjakl.cz\/index.php?rest_route=%2Fwp%2Fv2%2Fcategories&post=6497"},{"taxonomy":"post_tag","embeddable":true,"href":"https:\/\/www.ladislavjakl.cz\/index.php?rest_route=%2Fwp%2Fv2%2Ftags&post=6497"}],"curies":[{"name":"wp","href":"https:\/\/api.w.org\/{rel}","templated":true}]}}