{"id":650,"date":"2010-11-23T12:50:50","date_gmt":"2010-11-23T11:50:50","guid":{"rendered":"http:\/\/www.ladislavjakl.cz\/?p=650"},"modified":"2010-11-23T12:50:50","modified_gmt":"2010-11-23T11:50:50","slug":"zrusme-unesco","status":"publish","type":"post","link":"https:\/\/www.ladislavjakl.cz\/?p=650","title":{"rendered":"Zru\u0161me UNESCO!"},"content":{"rendered":"<p>M\u00e1m jednu obl\u00edbenou hospodu. Chod\u00edm do n\u00ed od roku 1979. Od podzimu 1988  tam chod\u00edm ka\u017ed\u00fd \u010dtvrtek. Od l\u00e9ta 1991 si ty \u010dtvrtky eviduji a zrovna  dnes je tis\u00edc\u00ed. No nen\u00ed to na z\u00e1pis do seznamu kulturn\u00edho d\u011bdictv\u00ed  UNESCO?<\/p>\n<p><!--more--><\/p>\n<p>Mus\u00edm \u0159\u00edct, \u017ee m\u011b v\u00a0posledn\u00edch dnech jedna  zpr\u00e1va skoro porazila na z\u00e1da. Tak masopustn\u00ed pr\u016fvody z\u00a0Hlinecka a  sokolnictv\u00ed byly zaps\u00e1ny na seznam nehmotn\u00e9ho d\u011bdictv\u00ed UNESCO. Slov\u00e1ck\u00fd  tanec verbu\u0148k u\u017e tam je. To nen\u00ed apr\u00edl, to nen\u00ed sranda. T\u00edm se v\u00e1\u017en\u011b  zab\u00fdvaj\u00ed soudruzi a soudru\u017eky z\u00a0jedn\u00e9 pa\u0159\u00ed\u017esk\u00e9 betonov\u00e9 budovy  z\u00a0pades\u00e1t\u00fdch let. A duch pades\u00e1t\u00fdch let tam asi p\u0159etrval.<\/p>\n<p>P\u0159eji ka\u017ed\u00e9 tradici co nejv\u011bt\u0161\u00ed medi\u00e1ln\u00ed podporu, p\u0159eji ka\u017ed\u00e9  spont\u00e1nn\u00ed aktivit\u011b, aby sv\u00e9 \u00fa\u010dastn\u00edky bavila a n\u011bco jim d\u00e1vala. P\u0159eji  ka\u017ed\u00e9 zaj\u00edmav\u00e9 akci co nejv\u011bt\u0161\u00ed reklamu a t\u00edm i nad\u011bji na eventu\u00e1ln\u00ed  z\u00e1jem ve\u0159ejnosti a turist\u016f. Ale copak si fakt n\u011bkdo v\u00e1\u017en\u011b mysl\u00ed, \u017ee to  za\u0159\u00edd\u00ed n\u011bjak\u00fd seznam?<\/p>\n<p>Pamatuji na vyhro\u017eov\u00e1n\u00ed r\u016fzn\u00fdch bonz\u00e1k\u016f a pr\u00e1ska\u010d\u016f, \u017ee kdy\u017e se na  Pankr\u00e1ci postav\u00ed moc vysok\u00fd d\u016fm nebo mezi bloky z\u00e1bradl\u00ed opravovan\u00e9ho  Karlova mostu d\u00e1 moc malty, tak budou \u017ealovat soudruh\u016fm do Pa\u0159\u00ed\u017ee a ti  \u017ee pak Prahu klidn\u011b vy\u0161krtnou ze sv\u00e9ho skv\u011bl\u00e9ho seznamu.<\/p>\n<p>Pot\u0159ebuje na\u0161e \u00fa\u017easn\u00e1 Praha ke sv\u00e9mu v\u011bhlasu n\u011bjak\u00fd seznam? P\u0159ijede  kv\u016fli n\u011bmu aspo\u0148 o p\u011bt turist\u016f nav\u00edc? Tomu nev\u011b\u0159\u00edm ani trochu. Naopak,  \u0159\u00edkal jsem si, \u017ee spr\u00e1vnou reakc\u00ed na ony vyd\u011bra\u010dsk\u00e9 pokusy m\u011blo b\u00fdt: No  a? A\u0165 vy\u0161krtnou!<\/p>\n<p>Pr\u00e1zdn\u00e1 hesla, socialistick\u00e9 z\u00e1vazky, subotniky, slavn\u00e1 v\u00fdro\u010d\u00ed, to  nebyl jen folkl\u00f3r \u010das\u016f, kter\u00fdch jsme se p\u0159ed 21 lety zbavili. To je  odraz zp\u016fsobu my\u0161len\u00ed. My\u0161len\u00ed, kter\u00e9 je doma v\u0161ude po sv\u011bt\u011b. My, co  leccos pamatujeme v\u00a0t\u00e9 nejbizarn\u011bj\u0161\u00ed podob\u011b, se tomu usm\u011bjeme. Ale jin\u00fdm  lidem to k\u00a0sm\u00edchu nep\u0159ipad\u00e1. A tak d\u00e1l p\u0159ich\u00e1zej\u00ed s\u00a0um\u011bl\u00fdmi  byrokratick\u00fdmi vylomeninami typu seznam\u016f UNESCO.<\/p>\n<p>Jm\u00e9nem kump\u00e1n\u016f, co dnes budou se mnou slavit tis\u00edc\u00ed \u010dtvrtek, vzkazuji  do Pa\u0159\u00ed\u017ee: hlavn\u011b n\u00e1s nikam nezapisujte, my to nepot\u0159ebujeme. A pokud  maj\u00ed sokoln\u00edci a masopustn\u00edci hrdost, m\u011bli by to vzk\u00e1zat tak\u00e9. A p\u0159idat  vzkaz p\u00e1dn\u011bj\u0161\u00ed. Je v\u00a0titulku.<\/p>\n<p><a href=\"http:\/\/jakl.blog.idnes.cz\/c\/164304\/Zrusme-UNESCO.html\" target=\"_blank\">ZDROJ<\/a><\/p>\n","protected":false},"excerpt":{"rendered":"<p>M\u00e1m jednu obl\u00edbenou hospodu. Chod\u00edm do n\u00ed od roku 1979. Od podzimu 1988 tam chod\u00edm ka\u017ed\u00fd \u010dtvrtek. Od l\u00e9ta 1991 si ty \u010dtvrtky eviduji a zrovna dnes je tis\u00edc\u00ed. No nen\u00ed to na z\u00e1pis do seznamu kulturn\u00edho d\u011bdictv\u00ed UNESCO?<\/p>\n","protected":false},"author":1,"featured_media":0,"comment_status":"open","ping_status":"open","sticky":false,"template":"","format":"standard","meta":{"ngg_post_thumbnail":0,"footnotes":""},"categories":[10],"tags":[],"class_list":["post-650","post","type-post","status-publish","format-standard","hentry","category-zlehka"],"_links":{"self":[{"href":"https:\/\/www.ladislavjakl.cz\/index.php?rest_route=\/wp\/v2\/posts\/650","targetHints":{"allow":["GET"]}}],"collection":[{"href":"https:\/\/www.ladislavjakl.cz\/index.php?rest_route=\/wp\/v2\/posts"}],"about":[{"href":"https:\/\/www.ladislavjakl.cz\/index.php?rest_route=\/wp\/v2\/types\/post"}],"author":[{"embeddable":true,"href":"https:\/\/www.ladislavjakl.cz\/index.php?rest_route=\/wp\/v2\/users\/1"}],"replies":[{"embeddable":true,"href":"https:\/\/www.ladislavjakl.cz\/index.php?rest_route=%2Fwp%2Fv2%2Fcomments&post=650"}],"version-history":[{"count":2,"href":"https:\/\/www.ladislavjakl.cz\/index.php?rest_route=\/wp\/v2\/posts\/650\/revisions"}],"predecessor-version":[{"id":652,"href":"https:\/\/www.ladislavjakl.cz\/index.php?rest_route=\/wp\/v2\/posts\/650\/revisions\/652"}],"wp:attachment":[{"href":"https:\/\/www.ladislavjakl.cz\/index.php?rest_route=%2Fwp%2Fv2%2Fmedia&parent=650"}],"wp:term":[{"taxonomy":"category","embeddable":true,"href":"https:\/\/www.ladislavjakl.cz\/index.php?rest_route=%2Fwp%2Fv2%2Fcategories&post=650"},{"taxonomy":"post_tag","embeddable":true,"href":"https:\/\/www.ladislavjakl.cz\/index.php?rest_route=%2Fwp%2Fv2%2Ftags&post=650"}],"curies":[{"name":"wp","href":"https:\/\/api.w.org\/{rel}","templated":true}]}}