{"id":6503,"date":"2016-03-07T13:41:19","date_gmt":"2016-03-07T12:41:19","guid":{"rendered":"http:\/\/www.ladislavjakl.cz\/?p=6503"},"modified":"2016-03-07T13:41:19","modified_gmt":"2016-03-07T12:41:19","slug":"pojdte-se-mnou-na-pivo-2","status":"publish","type":"post","link":"https:\/\/www.ladislavjakl.cz\/?p=6503","title":{"rendered":"Poj\u010fte se mnou na pivo!"},"content":{"rendered":"<p>Chcete ochutnat zaj\u00edmav\u00e9 pivn\u00ed styly a poslechnout si k\u00a0tomu poutav\u00fd v\u00fdklad pivn\u00edho someli\u00e9ra Ladislava Jakla? P\u0159ij\u010fte na degustaci do pivot\u00e9ky Pivn\u00ed mozaika, K\u0159i\u017e\u00edkova 177\/29, 186 00 Praha 8. Nejbli\u017e\u0161\u00ed seance je ve st\u0159edu 9. b\u0159ezna od 17.45 (nutno p\u0159ij\u00edt v\u010das). Nejl\u00e9pe je se p\u0159edem zaregistrovat, kapacita je omezena.<\/p>\n<p>V\u00edce na <a href=\"http:\/\/www.pivnimozaika.cz\/\">http:\/\/www.pivnimozaika.cz\/<\/a><\/p>\n","protected":false},"excerpt":{"rendered":"<p>Chcete ochutnat zaj\u00edmav\u00e9 pivn\u00ed styly a poslechnout si k\u00a0tomu poutav\u00fd v\u00fdklad pivn\u00edho someli\u00e9ra Ladislava Jakla? P\u0159ij\u010fte na degustaci do pivot\u00e9ky Pivn\u00ed mozaika, K\u0159i\u017e\u00edkova 177\/29, 186 00 Praha 8. Nejbli\u017e\u0161\u00ed seance je ve st\u0159edu 9. b\u0159ezna od 17.45 (nutno p\u0159ij\u00edt v\u010das). Nejl\u00e9pe je se p\u0159edem zaregistrovat, kapacita je omezena. V\u00edce na http:\/\/www.pivnimozaika.cz\/<\/p>\n","protected":false},"author":1,"featured_media":0,"comment_status":"open","ping_status":"open","sticky":false,"template":"","format":"standard","meta":{"ngg_post_thumbnail":0,"footnotes":""},"categories":[20],"tags":[],"class_list":["post-6503","post","type-post","status-publish","format-standard","hentry","category-pivo"],"_links":{"self":[{"href":"https:\/\/www.ladislavjakl.cz\/index.php?rest_route=\/wp\/v2\/posts\/6503","targetHints":{"allow":["GET"]}}],"collection":[{"href":"https:\/\/www.ladislavjakl.cz\/index.php?rest_route=\/wp\/v2\/posts"}],"about":[{"href":"https:\/\/www.ladislavjakl.cz\/index.php?rest_route=\/wp\/v2\/types\/post"}],"author":[{"embeddable":true,"href":"https:\/\/www.ladislavjakl.cz\/index.php?rest_route=\/wp\/v2\/users\/1"}],"replies":[{"embeddable":true,"href":"https:\/\/www.ladislavjakl.cz\/index.php?rest_route=%2Fwp%2Fv2%2Fcomments&post=6503"}],"version-history":[{"count":1,"href":"https:\/\/www.ladislavjakl.cz\/index.php?rest_route=\/wp\/v2\/posts\/6503\/revisions"}],"predecessor-version":[{"id":6504,"href":"https:\/\/www.ladislavjakl.cz\/index.php?rest_route=\/wp\/v2\/posts\/6503\/revisions\/6504"}],"wp:attachment":[{"href":"https:\/\/www.ladislavjakl.cz\/index.php?rest_route=%2Fwp%2Fv2%2Fmedia&parent=6503"}],"wp:term":[{"taxonomy":"category","embeddable":true,"href":"https:\/\/www.ladislavjakl.cz\/index.php?rest_route=%2Fwp%2Fv2%2Fcategories&post=6503"},{"taxonomy":"post_tag","embeddable":true,"href":"https:\/\/www.ladislavjakl.cz\/index.php?rest_route=%2Fwp%2Fv2%2Ftags&post=6503"}],"curies":[{"name":"wp","href":"https:\/\/api.w.org\/{rel}","templated":true}]}}