{"id":6506,"date":"2016-03-09T08:36:56","date_gmt":"2016-03-09T07:36:56","guid":{"rendered":"http:\/\/www.ladislavjakl.cz\/?p=6506"},"modified":"2016-03-09T14:39:47","modified_gmt":"2016-03-09T13:39:47","slug":"pyrrhovo-vitezstvi-ficova-prohra","status":"publish","type":"post","link":"https:\/\/www.ladislavjakl.cz\/?p=6506","title":{"rendered":"Pyrrhovo v\u00edt\u011bzstv\u00ed, Ficova prohra"},"content":{"rendered":"<p class=\"perex\">Po ka\u017ed\u00e9 volebn\u00ed bitv\u011b se obvykle rozho\u0159\u00ed okam\u017eit\u011b bitva nov\u00e1. Boj o intepretaci v\u00fdsledk\u016f. V\u011bt\u0161inou jde o slohov\u00e1 cvi\u010den\u00ed frustrovan\u00fdch novin\u00e1\u0159\u016f, zoufal\u00fdch z\u00a0toho, \u017ee voli\u010d vol\u00ed \u00fapln\u011b jinak, ne\u017e by \u201espr\u00e1vn\u011b m\u011bl.\u201c<\/p>\n<p class=\"perex\"><!--more--><\/p>\n<p>Jen n\u011bkdy m\u00e1 tato interpreta\u010dn\u00ed v\u00e1lka i dopad re\u00e1ln\u00fd: kdy\u017e si politi\u010dt\u00ed hr\u00e1\u010di nechaj\u00ed medi\u00e1ln\u00ed p\u0159evypr\u00e1v\u011bn\u00ed volebn\u00edho v\u00fdsledku vnutit a za\u010dnou se podle t\u00e9to zkreslen\u00e9 verze chovat. Anebo pokud slou\u017e\u00ed jako d\u011blost\u0159eleck\u00e1 p\u0159\u00edprava k \u00fatoku havlistick\u00e9ho prezidenta Kisky proti cel\u00e9mu slovensk\u00e9mu politick\u00e9mu syst\u00e9mu.<\/p>\n<p>Ficova Soci\u00e1ln\u00ed demokracie volby vyhr\u00e1la. Vyhr\u00e1la je u\u017e po\u010dtvrt\u00e9 za sebou a to s v\u00fdsadkem, o jak\u00e9m si na\u0161e sou\u010dasn\u00e9 politick\u00e9 strany mohou jen nechat zd\u00e1t. Fico z\u00edskal 28.3 %, u n\u00e1s vl\u00e1dne Sobotka s\u00a0pouh\u00fdmi 20 procenty.<\/p>\n<p>P\u0159esto dokola sly\u0161\u00edme, jak \u0161patn\u011b Fico dopadl. Je spr\u00e1vn\u00e9 srovn\u00e1vat pr\u00e1v\u011b skon\u010den\u00e9 slovensk\u00e9 volby s\u00a0neopakovateln\u00fdmi v\u00fdsledky p\u0159ed \u010dty\u0159mi lety, kdy po 45 z\u00edskan\u00fdch procentech Fico sestavoval jednobarevnou vl\u00e1du? Tehdy novin\u00e1\u0159i pof\u0148uk\u00e1vali, \u017ee takov\u00e9 abnorm\u00e1ln\u00ed v\u00edt\u011bzstv\u00ed je u\u017e ohro\u017een\u00edm demokracie. Ano, bylo jedine\u010dn\u00e9 a neopakovateln\u00e9. Da\u0148 za vl\u00e1dnut\u00ed b\u00fdv\u00e1 velik\u00e1. Plus nav\u00edc byla Ficova vl\u00e1da nyn\u00ed konfrontov\u00e1na s\u00a0\u00fapln\u011b nov\u00fdm siln\u00fdm t\u00e9matem, schopn\u00fdm rozmetat celou dosavadn\u00ed politickou sc\u00e9nu: s\u00a0masov\u00fdm ileg\u00e1ln\u00edm p\u0159ist\u011bhovalectv\u00edm do zem\u00ed EU.<\/p>\n<p>A hned mu v\u0161ichni rad\u00ed, \u017ee m\u011bl toto t\u00e9ma nechat le\u017eet, \u017ee na n\u011bm moc nez\u00edskal. A jak dopadli ti, kdo ho opravdu le\u017eet nechali? Nedostali se v\u016fbec do parlamentu nebo jen st\u011b\u017e\u00ed p\u0159elezli p\u011btiprocentn\u00ed hranici. Fico toto t\u00e9ma vzal v\u00e1\u017en\u011b, nebyl hluch\u00fd k\u00a0obav\u00e1m spoluob\u010dan\u016f a d\u00edky tomu ho nepotkal stejn\u011b drtiv\u00fd odliv voli\u010d\u016f jako jeho konkurenty.<\/p>\n<p>Fico ji\u017e jednobarevnou vl\u00e1du nesestav\u00ed. To je ale p\u0159ece \u00fapln\u011b b\u011b\u017en\u00e9. Jist\u011b, mnoz\u00ed k\u0159i\u010d\u00ed u\u017e te\u010f, \u017ee vl\u00e1du nebude mo\u017en\u00e9 sestavit v\u016fbec. Co na tom, \u017ee ned\u00e1vno v\u00a0Belgii sestavovali vl\u00e1du jeden a p\u016fl roku. Nebo \u017ee u n\u00e1s ji onehd\u00e1 Topol\u00e1nek sestavoval \u010dty\u0159i m\u011bs\u00edce. Tady se stra\u0161\u00ed u\u017e prvn\u00ed den po volb\u00e1ch. Pro\u010d? Proto\u017ee je p\u0159\u00e1n\u00edm slovensk\u00fdch havlist\u016f dostrkat situaci k\u00a0p\u0159ed\u010dasn\u00fdm volb\u00e1m, do nich\u017e by vl\u00e1dla n\u011bjak\u00e1 krotk\u00e1 probruselsk\u00e1 sestava jmenovan\u00e1 prezidentem Kiskou, kter\u00fd h\u00e1j\u00ed \u00fapln\u011b jin\u00e9 s\u00edly ne\u017e slovensk\u00e9ho voli\u010de.<\/p>\n<p>Fico nen\u00ed ve snadn\u00e9 situaci. Ale vyhr\u00e1l, a vyhr\u00e1l s\u00a0mnohem v\u011bt\u0161\u00edm n\u00e1skokem, ne\u017e mnoz\u00ed \u010de\u0161t\u00ed v\u00edt\u011bzov\u00e9 ned\u00e1vn\u00e9 minulosti. Om\u00edl\u00e1n\u00edm \u0159e\u010d\u00ed o jeho \u00fadajn\u00e9 faktick\u00e9 por\u00e1\u017ece dos\u00e1hnou pla\u010dtiv\u00ed novin\u00e1\u0159i asi jedin\u00e9ho:<\/p>\n<p>U\u017e n\u011bjak\u00fdch 2300 let zn\u00e1me r\u010den\u00ed o Pyrrhov\u011b v\u00edt\u011bzstv\u00ed. Tedy o v\u00edt\u011bzstv\u00ed, kter\u00e9 m\u00e1 hodn\u011b kyselou chu\u0165. Medi\u00e1ln\u00ed vyklada\u010di v\u00fdsledk\u016f slovensk\u00fdch voleb opakov\u00e1n\u00edm teze o \u00fadajn\u00e9 Ficov\u011b proh\u0159e mo\u017en\u00e1 na dal\u0161\u00edch 2300 let ustav\u00ed r\u010den\u00ed nov\u00e9: Ficova prohra. Tedy sladk\u00e1 prohra, jakou by si kdekdo p\u0159\u00e1l. T\u0159eba fanou\u0161ci \u010desk\u00fdch medi\u00e1ln\u011b favorizovan\u00fdch stran, kte\u0159\u00ed by si takovou por\u00e1\u017eku s\u00a028 procenty rozhodn\u011b nechali l\u00edbit.<\/p>\n<p><a href=\"http:\/\/jakl.blog.idnes.cz\/c\/498236\/pyrrhovo-vitezstvi-ficova-prohra.html\" target=\"_blank\">Zdroj<\/a><\/p>\n","protected":false},"excerpt":{"rendered":"<p>Po ka\u017ed\u00e9 volebn\u00ed bitv\u011b se obvykle rozho\u0159\u00ed okam\u017eit\u011b bitva nov\u00e1. Boj o intepretaci v\u00fdsledk\u016f. V\u011bt\u0161inou jde o slohov\u00e1 cvi\u010den\u00ed frustrovan\u00fdch novin\u00e1\u0159\u016f, zoufal\u00fdch z\u00a0toho, \u017ee voli\u010d vol\u00ed \u00fapln\u011b jinak, ne\u017e by \u201espr\u00e1vn\u011b m\u011bl.\u201c<\/p>\n","protected":false},"author":1,"featured_media":0,"comment_status":"open","ping_status":"open","sticky":false,"template":"","format":"standard","meta":{"ngg_post_thumbnail":0,"footnotes":""},"categories":[18],"tags":[],"class_list":["post-6506","post","type-post","status-publish","format-standard","hentry","category-postrehy"],"_links":{"self":[{"href":"https:\/\/www.ladislavjakl.cz\/index.php?rest_route=\/wp\/v2\/posts\/6506","targetHints":{"allow":["GET"]}}],"collection":[{"href":"https:\/\/www.ladislavjakl.cz\/index.php?rest_route=\/wp\/v2\/posts"}],"about":[{"href":"https:\/\/www.ladislavjakl.cz\/index.php?rest_route=\/wp\/v2\/types\/post"}],"author":[{"embeddable":true,"href":"https:\/\/www.ladislavjakl.cz\/index.php?rest_route=\/wp\/v2\/users\/1"}],"replies":[{"embeddable":true,"href":"https:\/\/www.ladislavjakl.cz\/index.php?rest_route=%2Fwp%2Fv2%2Fcomments&post=6506"}],"version-history":[{"count":4,"href":"https:\/\/www.ladislavjakl.cz\/index.php?rest_route=\/wp\/v2\/posts\/6506\/revisions"}],"predecessor-version":[{"id":6510,"href":"https:\/\/www.ladislavjakl.cz\/index.php?rest_route=\/wp\/v2\/posts\/6506\/revisions\/6510"}],"wp:attachment":[{"href":"https:\/\/www.ladislavjakl.cz\/index.php?rest_route=%2Fwp%2Fv2%2Fmedia&parent=6506"}],"wp:term":[{"taxonomy":"category","embeddable":true,"href":"https:\/\/www.ladislavjakl.cz\/index.php?rest_route=%2Fwp%2Fv2%2Fcategories&post=6506"},{"taxonomy":"post_tag","embeddable":true,"href":"https:\/\/www.ladislavjakl.cz\/index.php?rest_route=%2Fwp%2Fv2%2Ftags&post=6506"}],"curies":[{"name":"wp","href":"https:\/\/api.w.org\/{rel}","templated":true}]}}